{"id":122832,"date":"2025-06-07T15:00:31","date_gmt":"2025-06-07T21:00:31","guid":{"rendered":"https:\/\/ovelanalista.com\/?p=122832"},"modified":"2025-06-07T11:32:10","modified_gmt":"2025-06-07T17:32:10","slug":"alerta-en-la-oea-por-coincidencia-entre-acordeones-de-la-4t-y-los-resultados-de-la-eleccion-judicial","status":"publish","type":"post","link":"https:\/\/ovelanalista.com\/?p=122832","title":{"rendered":"Alerta en la OEA por coincidencia entre acordeones de la 4T y los resultados de la elecci\u00f3n judicial"},"content":{"rendered":"<p><strong class=\"bajada\">La Misi\u00f3n de Observaci\u00f3n Electoral de la Organizaci\u00f3n de los Estados Americanos alerta sobre \u201cdudas razonables\u201d respecto de la independencia de la Corte tras las elecciones judiciales en M\u00e9xico, en las que los candidatos m\u00e1s votados estuvieron vinculados a la 4T y promovidos en \u201cacordeones\u201d.<\/strong><\/p>\n<div class=\"row\">\n<div class=\"col-md-1 col-sticky\">\n<div class=\"item\">\n<p>CIUDAD DE M\u00c9XICO.\u2013 La Misi\u00f3n de Observaci\u00f3n Electoral que despleg\u00f3 la Organizaci\u00f3n de los Estados Americanos (OEA), para\u00a0<a href=\"https:\/\/www.proceso.com.mx\/nacional\/2025\/6\/5\/hugo-aguilar-cuando-asumira-el-cargo-como-presidente-de-la-scjn-352525.html\" target=\"_blank\" rel=\"noopener\"><strong>monitorear las elecciones judiciales del 1 de junio \u00faltimo<\/strong><\/a>, advirti\u00f3 que la coincidencia entre los \u201cacordeones\u201d repartidos antes de los comicios y los candidatos a la Suprema Corte de Justicia de la Naci\u00f3n (SCJN) que obtuvieron la mayor cantidades de votos, aunado a que todos ellos est\u00e1n vinculados con la llamada Cuarta Transformaci\u00f3n, \u201clevanta dudas razonables sobre la autonom\u00eda e independencia del m\u00e1ximo tribunal con respecto al Ejecutivo\u201d.<\/p>\n<p>En un informe muy duro contra la organizaci\u00f3n de las elecci\u00f3n judiciales, la misi\u00f3n celebr\u00f3 que la jornada electoral sucedi\u00f3 en un \u201cclima de tranquilidad\u201d, pero expres\u00f3 su \u201cpreocupaci\u00f3n\u201d ante el bajo nivel de participaci\u00f3n \u201387% de los votantes no acudi\u00f3 a las urnas\u2013 y por el \u201calto porcentaje de votos nulos y no marcados\u201d.<\/p>\n<p>La misi\u00f3n concluy\u00f3 su reporte planteando que \u201cla ciudadan\u00eda y las instituciones mexicanas deber\u00e1n evaluar si el modelo actual de selecci\u00f3n de autoridades judiciales a trav\u00e9s del voto popular, que no tiene precedentes a escala mundial, contribuye a fortalecer los principios fundamentales de la administraci\u00f3n de justicia; o si, por el contrario, acaba debilitando la transparencia, imparcialidad, eficacia e independencia del Poder Judicial\u201d.<\/p>\n<p>Entre los aspectos preocupantes de la elecci\u00f3n, la misi\u00f3n se\u00f1al\u00f3:<\/p>\n<ul>\n<li>El reparto de acordones \u2013plante\u00f3 que \u201creprueba estas pr\u00e1cticas y se mantiene atenta a las investigaciones\u2013.<\/li>\n<li>Que las nueve candidaturas con mayor cantidad de votos a la Suprema Corte fueron promovidas en \u201cacordeones f\u00edsicos y virtuales\u201d.<\/li>\n<li>Que observadores electorales trabajaron bajo la coordinaci\u00f3n de partidos, lo cual no s\u00f3lo es contrario al esp\u00edritu de la elecci\u00f3n judicial, sino que est\u00e1 prohibido por los propios lineamientos.<\/li>\n<\/ul>\n<p>Con ello, confirmaron las sospechas emitidas por algunos de los consejeros del Instituto Nacional Electoral (INE), quienes plantearon que el n\u00famero in\u00e9dito de solicitudes para ser observadores electorales podr\u00eda reflejar una operaci\u00f3n electoral orquestada por partidos pol\u00edticos para desplegar a militantes en las casillas.<\/p>\n<div class=\"image-align-center\">\n<figure class=\"image\"><img loading=\"lazy\" decoding=\"async\" src=\"https:\/\/www.proceso.com.mx\/u\/fotografias\/m\/2025\/6\/6\/f768x1-224588_224715_5050.jpeg\" alt=\"\" width=\"768\" height=\"511\" \/><figcaption>Los acordeones usados en la elecci\u00f3n judicial. Foto:\u00a0Fernando Llano \/ AP<\/figcaption><\/figure>\n<\/div>\n<p>La misi\u00f3n resalt\u00f3 que escuch\u00f3 \u201crepetidas cr\u00edticas contra las autoridades electorales, particularmente contra el Tribunal Electoral del Poder Judicial del Poder Judicial de la Federaci\u00f3n (TEPJF)\u201d, y explic\u00f3:<\/p>\n<p>\u201cDiversos actores se\u00f1alaron que su confianza en el tribunal se hab\u00eda resentido notablemente debido a que \u00e9ste no hab\u00eda actuado de manera ni expedita ni efectiva\u201d, aunado al hecho de que la Sala Superior atraves\u00f3 el proceso electoral con solamente cinco integrantes, de los siete que deb\u00eda tener por ley.<\/p>\n<p>La misi\u00f3n, encabezada por el chileno Heraldo Mu\u00f1oz Valenzuela, se\u00f1al\u00f3 que el proceso electoral se llev\u00f3 a cabo \u201cen un plazo muy breve y en un contexto pol\u00edtico complejo, caracterizado por una fuerte polarizaci\u00f3n y un alto nivel de litigiosidad\u201d; su informe final se\u00f1al\u00f3 que la elecci\u00f3n de jueces no tiene \u201cprecedentes en el mundo\u201d, y tuvo \u201cuno de los niveles m\u00e1s bajos de participaci\u00f3n en la regi\u00f3n para un proceso electoral\u201d.<\/p>\n<p>El grupo present\u00f3 sus observaciones y recomendaciones en un informe de 37 cuartillas presentado el 6 de junio \u00faltimo. En \u00e9l, cuestion\u00f3 los bajos requisitos con los que se seleccionaron a los candidatos para ocupar los cargos judiciales \u2013\u201cpara el caso de los jueces y juezas de distrito no se exige ninguna experiencia que acredite un m\u00ednimo de desempe\u00f1o o actividad profesional en el \u00e1rea jur\u00eddica\u201d, subray\u00f3\u2013, y critic\u00f3 el car\u00e1cter ambiguo del criterio de \u201cbuena reputaci\u00f3n\u201d que pudo prestarse para \u201cexclusiones arbitrarias\u201d.<\/p>\n<p>La misi\u00f3n consider\u00f3 de lo \u201cm\u00e1s preocupante\u201d que los Comit\u00e9s de Selecci\u00f3n que filtraron las candidaturas tuvieron una \u201ccapacidad de autorregulaci\u00f3n\u201d que llev\u00f3 a \u201cque las reglas y procedimientos para evaluar la idoneidad de los postulantes fueran marcadamente diferentes y tuvieran distintos niveles de exigencia\u201d. Observ\u00f3 que el comit\u00e9 del Ejecutivo se limit\u00f3 en verificar los perfiles en 10 minutos y el del Legislativo pidi\u00f3 un breve ensayo, mientras que el del Legislativo ten\u00eda exigencias mucho m\u00e1s elevadas.<\/p>\n<div class=\"image-align-center\">\n<figure class=\"image\"><img loading=\"lazy\" decoding=\"async\" src=\"https:\/\/www.proceso.com.mx\/u\/fotografias\/m\/2025\/6\/6\/f768x1-224587_224714_5050.jpeg\" alt=\"\" width=\"768\" height=\"511\" \/><figcaption>Su independencia, entre dudas. Foto: Miguel Dimayuga<\/figcaption><\/figure>\n<\/div>\n<p>Aparte, asever\u00f3 que la renuncia del Comit\u00e9 del Poder Judicial y su sustituci\u00f3n por una t\u00f3mbola realizada por Gerardo Fern\u00e1ndez Noro\u00f1a, el presidente del Senado, no ofrece \u201cgarant\u00edas de que quienes resulten electos tengan la solvencia t\u00e9cnica, la idoneidad y las capacidades espec\u00edficas que los cargos que asumir\u00e1n requieren\u201d.<\/p>\n<h2><strong>Camino atropellado<\/strong><\/h2>\n<p>En su informe, la misi\u00f3n de la OEA hizo un repaso del camino atropellado de la elecci\u00f3n judicial, desde la pol\u00e9mica aprobaci\u00f3n de la reforma judicial hasta el reparto de acordeones que \u201cpodr\u00edan constituir propaganda o permitida y potencialmente un intento de coacci\u00f3n al voto\u201d, pasando por el \u201csorteo\u201d de cargos mediante t\u00f3mbola, por la descarnada batalla legal entre el TEPJF y la Suprema Corte de Justicia de la Naci\u00f3n (SCJN).<\/p>\n<p>Lo anterior sucedi\u00f3 ante un INE obligado a inventar reglas sobre la marcha, pese al recorte presupuestario dr\u00e1stico de 47% y de verse obligado a suspender la organizaci\u00f3n de los comicios durante m\u00e1s de dos meses.<\/p>\n<p>El 1 de junio \u00faltimo los observadores constataron retrasos en la instalaci\u00f3n de casillas, y que algunas de ellas carec\u00edan de acceso para personas con discapacidad. Se\u00f1alaron que 39 casillas no pudieron abrir, pero en general reconocieron que \u201cla jornada electoral transcurri\u00f3 de manera general en un ambiente de tranquilidad, registr\u00e1ndose algunos incidentes aislados, que no afectaron significativamente el desarrollo del proceso\u201d.<\/p>\n<div class=\"image-align-center\">\n<figure class=\"image\"><img loading=\"lazy\" decoding=\"async\" src=\"https:\/\/www.proceso.com.mx\/u\/fotografias\/m\/2025\/6\/6\/f768x1-224584_224711_5050.jpeg\" alt=\"\" width=\"768\" height=\"576\" \/><figcaption>Mu\u00f1oz Valenzuela. Cuestionamiento sobre el proceso de selecci\u00f3n de candidatos. Foto: X \/ @OEA_oficial\u00a0<\/figcaption><\/figure>\n<\/div>\n<p>Los 16 integrantes de la misi\u00f3n, provenientes de 10 pa\u00edses de la regi\u00f3n, llegaron a M\u00e9xico el 24 de mayo \u00faltimo, y se reunieron con los principales actores de las elecciones judiciales \u2013de gobierno y de sociedad civil\u2013 para descifrar el contexto pol\u00edtico en el que ocurr\u00eda la renovaci\u00f3n de jueces mediante el voto, impulsada por el expresidente Andr\u00e9s Manuel L\u00f3pez Obrador e implementada por las mayor\u00edas legislativas de Morena y el gobierno de Claudia Sheinbaum Pardo.<\/p>\n<p>La mayor\u00eda de sus interlocutores \u201ccoincidi\u00f3 en que efectivamente era necesario reformar al Poder Judicial para tornarlo m\u00e1s transparente, eficiente y, sobre todo, expedito\u201d, se\u00f1al\u00f3, y agreg\u00f3:<\/p>\n<blockquote><p>Sin embargo, las opiniones son radicalmente opuestas respecto de si esta reforma judicial es la adecuada para lograr dichos objetivos.<\/p><\/blockquote>\n<p>Subray\u00f3 que los integrantes del Poder Judicial y de la academia rechazaron de manera \u201ctajante\u201d la reforma aprobada, y record\u00f3 que la ONU y la Comisi\u00f3n Interamericana de Derechos Humanos (CIDH) expresaron sus \u201cpreocupaciones\u201d sobre el alcance de los cambios al Poder Judicial realizados por Morena; en contraste, resalt\u00f3 que los integrantes del oficialismo \u2013los candidatos y servidores p\u00fablicos\u2013 alabaron la reforma como una manera de eliminar la corrupci\u00f3n en el Poder Judicial.<\/p>\n<p>El informe record\u00f3 que la reforma judicial empez\u00f3 con el anuncio del llamado \u201cPlan C\u201d de L\u00f3pez Obrador, en el paquete de reformas que present\u00f3 el 5 de febrero de 2024, hasta la aprobaci\u00f3n pol\u00e9mica del texto, lograda gracias al reacomodo del panista veracruzano Miguel \u00c1ngel Yunes M\u00e1rquez con el oficialismo.<\/p>\n<div class=\"image-align-center\">\n<figure class=\"image\"><img loading=\"lazy\" decoding=\"async\" src=\"https:\/\/www.proceso.com.mx\/u\/fotografias\/m\/2025\/6\/6\/f768x1-224586_224713_5050.jpeg\" alt=\"\" width=\"768\" height=\"511\" \/><figcaption>T\u00f3mbola del Senado rumbo a la elecci\u00f3n judicial. Desaseo. Foto: Montserrat L\u00f3pez<\/figcaption><\/figure>\n<\/div>\n<p>\u201cAl d\u00eda siguiente, es decir, en menos de 24 horas, m\u00e1s de la mitad de los Congresos de las entidades federativas ratificaron las enmiendas, requisito del marco normativo mexicano para cambios constitucionales\u201d, se\u00f1al\u00f3 el documento.<\/p>\n<p>Respecto de las campa\u00f1as, la misi\u00f3n observ\u00f3 \u201cfuertes inequidades\u201d entre candidatos que ten\u00edan acceso a medios masivos de comunicaci\u00f3n o pod\u00edan pagar para promocionarse en redes, y los que carec\u00edan de los recursos para competir, sobre todo a ra\u00edz de la decisi\u00f3n del TEPJF de disparar los montos de topes de campa\u00f1a, en contradicci\u00f3n con el texto de la reforma.<\/p>\n<p>Con informaci\u00f3n de Proceso<\/p>\n<\/div>\n<\/div>\n<\/div>\n","protected":false},"excerpt":{"rendered":"<p>La Misi\u00f3n de Observaci\u00f3n Electoral de la Organizaci\u00f3n de los Estados Americanos alerta sobre \u201cdudas razonables\u201d respecto de la independencia de la Corte tras las elecciones judiciales en M\u00e9xico, en las que los candidatos m\u00e1s votados estuvieron vinculados a la 4T y promovidos en \u201cacordeones\u201d. CIUDAD DE M\u00c9XICO.\u2013 La Misi\u00f3n de Observaci\u00f3n Electoral que despleg\u00f3 la Organizaci\u00f3n de los Estados Americanos (OEA), para\u00a0monitorear las elecciones judiciales del 1 de junio \u00faltimo, advirti\u00f3 que la coincidencia entre los \u201cacordeones\u201d repartidos antes de los comicios y los candidatos a la Suprema Corte de Justicia de la Naci\u00f3n (SCJN) que obtuvieron la mayor [&hellip;]<\/p>\n","protected":false},"author":3,"featured_media":122835,"comment_status":"open","ping_status":"open","sticky":false,"template":"","format":"standard","meta":{"_jetpack_newsletter_access":"","_jetpack_dont_email_post_to_subs":false,"_jetpack_newsletter_tier_id":0,"_jetpack_memberships_contains_paywalled_content":false,"_jetpack_feature_clip_id":0,"_jetpack_memberships_contains_paid_content":false,"footnotes":"","jetpack_publicize_message":"","jetpack_publicize_feature_enabled":true,"jetpack_social_post_already_shared":true,"jetpack_social_options":{"image_generator_settings":{"template":"highway","default_image_id":0,"font":"","enabled":false},"version":2},"jetpack_post_was_ever_published":false},"categories":[75],"tags":[],"class_list":["post-122832","post","type-post","status-publish","format-standard","has-post-thumbnail","hentry","category-nacional","post--single"],"jetpack_publicize_connections":[],"jetpack_featured_media_url":"https:\/\/ovelanalista.com\/wp-content\/uploads\/2025\/06\/INE-1.webp","jetpack_sharing_enabled":true,"_links":{"self":[{"href":"https:\/\/ovelanalista.com\/index.php?rest_route=\/wp\/v2\/posts\/122832","targetHints":{"allow":["GET"]}}],"collection":[{"href":"https:\/\/ovelanalista.com\/index.php?rest_route=\/wp\/v2\/posts"}],"about":[{"href":"https:\/\/ovelanalista.com\/index.php?rest_route=\/wp\/v2\/types\/post"}],"author":[{"embeddable":true,"href":"https:\/\/ovelanalista.com\/index.php?rest_route=\/wp\/v2\/users\/3"}],"replies":[{"embeddable":true,"href":"https:\/\/ovelanalista.com\/index.php?rest_route=%2Fwp%2Fv2%2Fcomments&post=122832"}],"version-history":[{"count":1,"href":"https:\/\/ovelanalista.com\/index.php?rest_route=\/wp\/v2\/posts\/122832\/revisions"}],"predecessor-version":[{"id":122837,"href":"https:\/\/ovelanalista.com\/index.php?rest_route=\/wp\/v2\/posts\/122832\/revisions\/122837"}],"wp:featuredmedia":[{"embeddable":true,"href":"https:\/\/ovelanalista.com\/index.php?rest_route=\/wp\/v2\/media\/122835"}],"wp:attachment":[{"href":"https:\/\/ovelanalista.com\/index.php?rest_route=%2Fwp%2Fv2%2Fmedia&parent=122832"}],"wp:term":[{"taxonomy":"category","embeddable":true,"href":"https:\/\/ovelanalista.com\/index.php?rest_route=%2Fwp%2Fv2%2Fcategories&post=122832"},{"taxonomy":"post_tag","embeddable":true,"href":"https:\/\/ovelanalista.com\/index.php?rest_route=%2Fwp%2Fv2%2Ftags&post=122832"}],"curies":[{"name":"wp","href":"https:\/\/api.w.org\/{rel}","templated":true}]}}