{"id":122836,"date":"2025-06-07T16:00:51","date_gmt":"2025-06-07T22:00:51","guid":{"rendered":"https:\/\/ovelanalista.com\/?p=122836"},"modified":"2025-06-07T11:33:21","modified_gmt":"2025-06-07T17:33:21","slug":"elon-musk-comete-un-gran-error-al-atacar-a-trump-dice-vicepresidente-de-eu","status":"publish","type":"post","link":"https:\/\/ovelanalista.com\/?p=122836","title":{"rendered":"Elon Musk comete un \u201cgran error\u201d al atacar a Trump, dice vicepresidente de EU"},"content":{"rendered":"<p class=\"nota-justify\"><i>Bridgewater.<\/i>\u00a0El vicepresidente de Estados Unidos, JD Vance, dijo que Elon Musk estaba cometiendo un &#8220;gran error&#8221; al atacar al presidente Donald Trump en una serie de publicaciones amargas y provocadoras en las redes sociales despu\u00e9s de una disputa entre los dos hombres.<\/p>\n<p class=\"nota-justify\">Sin embargo, el vicepresidente, en una entrevista publicada el viernes despu\u00e9s de la muy p\u00fablica explosi\u00f3n entre el hombre m\u00e1s rico del mundo y, posiblemente, el m\u00e1s poderoso, tambi\u00e9n trat\u00f3 de restar importancia a los ataques de Musk, describi\u00e9ndolo como un &#8220;tipo emocional&#8221; que se frustr\u00f3.<\/p>\n<p class=\"nota-justify\">&#8220;Espero que eventualmente Elon regrese al redil. Tal vez eso no sea posible ahora porque se ha vuelto tan nuclear&#8221;, expres\u00f3 Vance.<\/p>\n<p class=\"nota-justify\">Las declaraciones de Vance se producen mientras otros republicanos han instado en los \u00faltimos d\u00edas a los dos hombres, que hace meses eran aliados cercanos y pasaban mucho tiempo juntos, a reconciliarse.<\/p>\n<p class=\"nota-justify\">La avalancha de publicaciones de Musk en las redes sociales atacando a Trump se produjo cuando el presidente lo retrat\u00f3 como alguien insatisfecho y &#8220;loco&#8221; y amenaz\u00f3 con poner fin a los contratos gubernamentales que tienen sus empresas.<\/p>\n<p class=\"nota-justify\">Musk, quien dirige el fabricante de veh\u00edculos el\u00e9ctricos Tesla, la empresa de internet Starlink y la compa\u00f1\u00eda de cohetes SpaceX, critic\u00f3 los recortes de impuestos y el proyecto de ley de gasto de Trump, pero tambi\u00e9n sugiri\u00f3 que el mandatario deber\u00eda ser destituido y afirm\u00f3 sin pruebas que el gobierno estaba ocultando informaci\u00f3n sobre la asociaci\u00f3n del presidente con el infame ped\u00f3filo Jeffrey Epstein.<\/p>\n<p class=\"nota-justify\">&#8220;Mira, le pasa a todo el mundo&#8221;, coment\u00f3 Vance en la entrevista. &#8220;He perdido los estribos mucho peor que Elon Musk en las \u00faltimas 24 horas&#8221;.<\/p>\n<p class=\"nota-justify\">Vance hizo los comentarios en una entrevista con el comediante Theo Von, quien el mes pasado brome\u00f3 sobre inhalar drogas de un beb\u00e9 mestizo y la sexualidad de los hombres en la Marina de Estados Unidos cuando abri\u00f3 para Trump en una base militar en Qatar.<\/p>\n<p class=\"nota-justify\">El vicepresidente le dijo a Von que mientras Musk pidi\u00f3 durante d\u00edas en las redes sociales que el Congreso matara el &#8220;Gran Hermoso Proyecto de Ley&#8221; de Trump, el presidente estaba &#8220;un poco frustrado, sintiendo que algunas de las cr\u00edticas eran injustas viniendo de Elon, pero creo que ha sido muy contenido porque el presidente no cree que necesite estar en una enemistad sangrienta con Elon Musk&#8221;.<\/p>\n<p class=\"nota-justify\">&#8220;En realidad, creo que si Elon se calmara un poco, todo estar\u00eda bien&#8221;, a\u00f1adi\u00f3.<\/p>\n<p class=\"nota-justify\">Musk parec\u00eda haber eliminado sus publicaciones sobre Epstein el s\u00e1bado por la ma\u00f1ana.<\/p>\n<p class=\"nota-justify\">La entrevista fue grabada el jueves mientras las publicaciones de Musk se desplegaban en X, la red social que posee el multimillonario.<\/p>\n<p class=\"nota-justify\">Durante la entrevista, Von mostr\u00f3 al vicepresidente la afirmaci\u00f3n de Musk de que el gobierno de Trump no ha publicado todos los registros relacionados con el abusador sexual Jeffrey Epstein porque Trump est\u00e1 mencionado en ellos.<\/p>\n<p class=\"nota-justify\">Vance respondi\u00f3 a eso, diciendo: &#8220;Absolutamente no. Donald Trump no hizo nada malo con Jeffrey Epstein&#8221;.<\/p>\n<p class=\"nota-justify\">&#8220;Estas cosas simplemente no son \u00fatiles&#8221;, dijo Vance en respuesta a otra publicaci\u00f3n compartida por Musk pidiendo que Trump fuera destituido y remplazado por Vance.<\/p>\n<p class=\"nota-justify\">&#8220;Es totalmente insano. El presidente est\u00e1 haciendo un buen trabajo&#8221;.<\/p>\n<p class=\"nota-justify\">Vance se\u00f1al\u00f3 que Musk era un &#8220;incre\u00edble emprendedor&#8221; y dijo que el Departamento de Eficiencia Gubernamental de Musk, que busc\u00f3 reducir el gasto gubernamental y despidi\u00f3 o empuj\u00f3 a miles de trabajadores, fue &#8220;realmente bueno&#8221;.<\/p>\n<p class=\"nota-justify\">El vicepresidente tambi\u00e9n defendi\u00f3 el proyecto de ley que ha provocado la ira de Musk, y dijo que su objetivo central no era reducir el gasto, sino extender los recortes de impuestos de 2017 aprobados en el primer mandato de Trump.<\/p>\n<p class=\"nota-justify\">El proyecto de ley reducir\u00eda el gasto, pero tambi\u00e9n dejar\u00eda a unos 10,9 millones m\u00e1s de personas sin seguro de salud y aumentar\u00eda los d\u00e9ficits en 2,4 billones de d\u00f3lares durante la d\u00e9cada, seg\u00fan la Oficina de Presupuesto del Congreso no partidista.<\/p>\n<p class=\"nota-justify\">Musk ha advertido que el proyecto de ley aumentar\u00e1 el d\u00e9ficit federal y lo calific\u00f3 como una &#8220;abominaci\u00f3n repugnante&#8221;.<\/p>\n<p class=\"nota-justify\">&#8220;Es un buen proyecto de ley&#8221;, dijo Vance. &#8220;No es un proyecto de ley perfecto&#8221;.<\/p>\n<p>Con informaci\u00f3n de La Jornada<\/p>\n","protected":false},"excerpt":{"rendered":"<p>Bridgewater.\u00a0El vicepresidente de Estados Unidos, JD Vance, dijo que Elon Musk estaba cometiendo un &#8220;gran error&#8221; al atacar al presidente Donald Trump en una serie de publicaciones amargas y provocadoras en las redes sociales despu\u00e9s de una disputa entre los dos hombres. Sin embargo, el vicepresidente, en una entrevista publicada el viernes despu\u00e9s de la muy p\u00fablica explosi\u00f3n entre el hombre m\u00e1s rico del mundo y, posiblemente, el m\u00e1s poderoso, tambi\u00e9n trat\u00f3 de restar importancia a los ataques de Musk, describi\u00e9ndolo como un &#8220;tipo emocional&#8221; que se frustr\u00f3. &#8220;Espero que eventualmente Elon regrese al redil. Tal vez eso no sea [&hellip;]<\/p>\n","protected":false},"author":3,"featured_media":122839,"comment_status":"open","ping_status":"open","sticky":false,"template":"","format":"standard","meta":{"_jetpack_newsletter_access":"","_jetpack_dont_email_post_to_subs":false,"_jetpack_newsletter_tier_id":0,"_jetpack_memberships_contains_paywalled_content":false,"_jetpack_feature_clip_id":0,"_jetpack_memberships_contains_paid_content":false,"footnotes":"","jetpack_publicize_message":"","jetpack_publicize_feature_enabled":true,"jetpack_social_post_already_shared":true,"jetpack_social_options":{"image_generator_settings":{"template":"highway","default_image_id":0,"font":"","enabled":false},"version":2},"jetpack_post_was_ever_published":false},"categories":[89],"tags":[],"class_list":["post-122836","post","type-post","status-publish","format-standard","has-post-thumbnail","hentry","category-internacional","post--single"],"jetpack_publicize_connections":[],"jetpack_featured_media_url":"https:\/\/ovelanalista.com\/wp-content\/uploads\/2025\/06\/elon-musk-comete-un-gran-error-al-atacar-a-trump-dice-vicepresidente-de-eu_b79c66d3-cbd8-4721-ac68-3cb14825366e_medialjnimgndimagefullsize.webp","jetpack_sharing_enabled":true,"_links":{"self":[{"href":"https:\/\/ovelanalista.com\/index.php?rest_route=\/wp\/v2\/posts\/122836","targetHints":{"allow":["GET"]}}],"collection":[{"href":"https:\/\/ovelanalista.com\/index.php?rest_route=\/wp\/v2\/posts"}],"about":[{"href":"https:\/\/ovelanalista.com\/index.php?rest_route=\/wp\/v2\/types\/post"}],"author":[{"embeddable":true,"href":"https:\/\/ovelanalista.com\/index.php?rest_route=\/wp\/v2\/users\/3"}],"replies":[{"embeddable":true,"href":"https:\/\/ovelanalista.com\/index.php?rest_route=%2Fwp%2Fv2%2Fcomments&post=122836"}],"version-history":[{"count":1,"href":"https:\/\/ovelanalista.com\/index.php?rest_route=\/wp\/v2\/posts\/122836\/revisions"}],"predecessor-version":[{"id":122840,"href":"https:\/\/ovelanalista.com\/index.php?rest_route=\/wp\/v2\/posts\/122836\/revisions\/122840"}],"wp:featuredmedia":[{"embeddable":true,"href":"https:\/\/ovelanalista.com\/index.php?rest_route=\/wp\/v2\/media\/122839"}],"wp:attachment":[{"href":"https:\/\/ovelanalista.com\/index.php?rest_route=%2Fwp%2Fv2%2Fmedia&parent=122836"}],"wp:term":[{"taxonomy":"category","embeddable":true,"href":"https:\/\/ovelanalista.com\/index.php?rest_route=%2Fwp%2Fv2%2Fcategories&post=122836"},{"taxonomy":"post_tag","embeddable":true,"href":"https:\/\/ovelanalista.com\/index.php?rest_route=%2Fwp%2Fv2%2Ftags&post=122836"}],"curies":[{"name":"wp","href":"https:\/\/api.w.org\/{rel}","templated":true}]}}