{"id":122847,"date":"2025-06-07T12:29:36","date_gmt":"2025-06-07T18:29:36","guid":{"rendered":"https:\/\/ovelanalista.com\/?p=122847"},"modified":"2025-06-07T12:29:36","modified_gmt":"2025-06-07T18:29:36","slug":"el-secreto-detras-del-legado-la-chispa-que-lo-inicio-todo","status":"publish","type":"post","link":"https:\/\/ovelanalista.com\/?p=122847","title":{"rendered":"El secreto detr\u00e1s del legado&#8230; la chispa que lo inici\u00f3 todo.\u00a0"},"content":{"rendered":"<div><\/div>\n<div><\/div>\n<div><\/div>\n<div>&#8220;La educaci\u00f3n es el pasaporte hacia el futuro, porque el ma\u00f1ana pertenece a aquellos que se preparan hoy.&#8221; &#8211; Malcolm X<\/div>\n<div><\/div>\n<div><\/div>\n<div><strong>Jes\u00fas Octavio Mil\u00e1n Gil\u00a0<\/strong><\/div>\n<div><\/div>\n<div><\/div>\n<div>Recuerdo aquel d\u00eda con una claridad que a\u00fan arde en mi memoria. Era el primer d\u00eda de clases de tercer grado en la Escuela Primaria General Antonio Rosales, en Costa Rica, Sinaloa. La emoci\u00f3n y el nerviosismo se mezclaban en mi pecho, pero tambi\u00e9n hab\u00eda una chispa de curiosidad que no pod\u00eda apagar. Entonces, en medio de ese silencio expectante, el profesor Niceforo Morales, con su voz firme y mirada amable, llam\u00f3 nuestra atenci\u00f3n con un suave golpe en su escritorio.<\/div>\n<div><\/div>\n<div><\/div>\n<div>\u2014 Hoy, quiero que escriban una composici\u00f3n sobre qui\u00e9n aspiran a llegar a ser \u2014 nos dijo, con una calidez que inmediatamente nos hizo sentir que ese momento era especial. Y en ese instante, sent\u00ed que algo dentro de m\u00ed se encend\u00eda: una chispa de esperanza, de sue\u00f1os a\u00fan por descubrir.<\/div>\n<div><\/div>\n<div><\/div>\n<div>Niceforo Morales no era solo un maestro; era un gu\u00eda, un faro que iluminaba el camino de sus alumnos con pasi\u00f3n y dedicaci\u00f3n. Cada palabra, cada gesto, transmit\u00eda un compromiso profundo con nuestro crecimiento, no solo acad\u00e9mico, sino tambi\u00e9n humano. Ten\u00eda esa habilidad \u00fanica de hacer que cada uno de nosotros sintiera que nuestras aspiraciones eran valiosas, que ten\u00edamos un potencial que merec\u00eda ser explorado y cultivado.<\/div>\n<div><\/div>\n<div><\/div>\n<div>En un mundo donde la educaci\u00f3n muchas veces parece reducirse a tareas mec\u00e1nicas y ex\u00e1menes, \u00e9l lograba infundirnos un sentido de prop\u00f3sito, de creatividad y de esperanza. Nos ense\u00f1aba que m\u00e1s all\u00e1 de los libros y las reglas, hab\u00eda un universo de sue\u00f1os esperando ser descubierto. Y fue en esa simple tarea de escribir qui\u00e9n quer\u00edamos ser, donde empez\u00f3 mi propio viaje de introspecci\u00f3n.<\/div>\n<div><\/div>\n<div><\/div>\n<div>Al reflexionar sobre aquella pregunta, comprend\u00ed que no era solo un ejercicio de escritura. Era una invitaci\u00f3n a explorar mis esperanzas, mis sue\u00f1os m\u00e1s profundos y mis potenciales a\u00fan por realizar. En esa composici\u00f3n, visualic\u00e9 las infinitas posibilidades que la vida me ofrec\u00eda: quer\u00eda ser qu\u00edmico, ingeniero, artista, o incluso un maestro como \u00e9l, que con su ejemplo influ\u00eda en las vidas de tantos ni\u00f1os y j\u00f3venes. Cada uno de esos sue\u00f1os era, en realidad, una forma de contribuir al mundo, de dejar una huella, de hacer una diferencia en la vida de los dem\u00e1s.<\/div>\n<div><\/div>\n<div><\/div>\n<div>Mientras plasmaba mis aspiraciones en papel, entend\u00ed que ellas estaban profundamente vinculadas a las experiencias y valores que hab\u00eda recibido en mi entorno. La influencia de mi familia, mis amigos, y, sobre todo, del profesor Niceforo, moldearon esa visi\u00f3n de futuro. \u00c9l siempre nos recordaba que la empat\u00eda, el respeto y la perseverancia eran las virtudes que deb\u00edamos cultivar. Gracias a sus ense\u00f1anzas, aprend\u00ed que los logros personales no solo se med\u00edan en metas alcanzadas, sino en c\u00f3mo esas metas pod\u00edan impactar positivamente en la comunidad y en el mundo.<\/div>\n<div><\/div>\n<div><\/div>\n<div>Pero quiz\u00e1s lo que m\u00e1s recuerdo de \u00e9l fue su actitud ante los desaf\u00edos. En su clase, los errores no eran fracasos, sino pasos necesarios en el camino del aprendizaje. Nos ense\u00f1aba que cada tropiezo era una oportunidad para levantarse con m\u00e1s fuerza, que cada idea, por simple que pareciera, ten\u00eda valor y pod\u00eda abrirnos nuevas puertas. Esa visi\u00f3n optimista y valiente del aprendizaje me acompa\u00f1\u00f3 siempre y me ense\u00f1\u00f3 que el camino hacia nuestros sue\u00f1os no ser\u00e1 una l\u00ednea recta, sino un sendero lleno de obst\u00e1culos y descubrimientos.<\/div>\n<div><\/div>\n<div><\/div>\n<div>El legado del profesor Niceforo trasciende esas paredes de aula. Su enfoque en la educaci\u00f3n integral, que busca formar no solo mentes brillantes, sino tambi\u00e9n corazones sensibles y comunidades solidarias, deja una huella imborrable en quienes tuvimos la suerte de cruzar su camino. Y con el tiempo, he sido capaz de ver c\u00f3mo sus ense\u00f1anzas siguen guiando cada decisi\u00f3n, cada relaci\u00f3n, cada acto de mi vida.<\/div>\n<div><\/div>\n<div><\/div>\n<div>Hoy, puedo decir que aspiro a ser un agente de cambio, alguien que, inspirado en su ejemplo, motive a otros a alcanzar su m\u00e1ximo potencial. Porque esa es la verdadera herencia del profesor Niceforo: la capacidad de inspirar, de sembrar sue\u00f1os y de demostrar que, con esfuerzo, dedicaci\u00f3n y valores, podemos transformar no solo nuestro destino, sino tambi\u00e9n el de quienes nos rodean.<\/div>\n<div><\/div>\n<div><\/div>\n<div>En conclusi\u00f3n, aquel primer d\u00eda en su clase fue mucho m\u00e1s que una simple apertura de curso. Fue un momento de reflexi\u00f3n, de descubrimiento y de esperanza. Me ense\u00f1\u00f3 que cada uno de nosotros tiene en su interior un poder inmenso para so\u00f1ar y para construir un mundo mejor. La pregunta &#8220;\u00bfQui\u00e9n quiero llegar a ser?&#8221; se convirti\u00f3 en un mantra que llevo en el coraz\u00f3n, record\u00e1ndome que, sin importar los obst\u00e1culos, siempre hay un camino para alcanzar nuestros sue\u00f1os y dejar una huella positiva en la humanidad.<\/div>\n<div><\/div>\n<div><\/div>\n<div>Los invito a so\u00f1ar en grande y a creer en sus sue\u00f1os como un paso fundamental hacia la realizaci\u00f3n de un futuro mejor.<\/div>\n<div><\/div>\n<div><\/div>\n<div>La esperanza y la visi\u00f3n de un futuro positivo son esenciales para superar los desaf\u00edos y lograr un cambio social.<\/div>\n<div><\/div>\n<div>S\u00e1bado 7 de junio de 2025<\/div>\n<div>\u00a0 \u00a0 \u00a0 \u00a0 \u00a0Culiac\u00e1n Sinaloa<\/div>\n","protected":false},"excerpt":{"rendered":"<p>&#8220;La educaci\u00f3n es el pasaporte hacia el futuro, porque el ma\u00f1ana pertenece a aquellos que se preparan hoy.&#8221; &#8211; Malcolm X Jes\u00fas Octavio Mil\u00e1n Gil\u00a0 Recuerdo aquel d\u00eda con una claridad que a\u00fan arde en mi memoria. Era el primer d\u00eda de clases de tercer grado en la Escuela Primaria General Antonio Rosales, en Costa Rica, Sinaloa. La emoci\u00f3n y el nerviosismo se mezclaban en mi pecho, pero tambi\u00e9n hab\u00eda una chispa de curiosidad que no pod\u00eda apagar. Entonces, en medio de ese silencio expectante, el profesor Niceforo Morales, con su voz firme y mirada amable, llam\u00f3 nuestra atenci\u00f3n con [&hellip;]<\/p>\n","protected":false},"author":3,"featured_media":120052,"comment_status":"open","ping_status":"open","sticky":false,"template":"","format":"standard","meta":{"_jetpack_newsletter_access":"","_jetpack_dont_email_post_to_subs":false,"_jetpack_newsletter_tier_id":0,"_jetpack_memberships_contains_paywalled_content":false,"_jetpack_feature_clip_id":0,"_jetpack_memberships_contains_paid_content":false,"footnotes":"","jetpack_publicize_message":"","jetpack_publicize_feature_enabled":true,"jetpack_social_post_already_shared":true,"jetpack_social_options":{"image_generator_settings":{"template":"highway","default_image_id":0,"font":"","enabled":false},"version":2},"jetpack_post_was_ever_published":false},"categories":[104],"tags":[],"class_list":["post-122847","post","type-post","status-publish","format-standard","has-post-thumbnail","hentry","category-columnistas-estatales","post--single"],"jetpack_publicize_connections":[],"jetpack_featured_media_url":"https:\/\/ovelanalista.com\/wp-content\/uploads\/2025\/05\/WhatsApp-Image-2025-05-12-at-10.17.27-AM.jpeg","jetpack_sharing_enabled":true,"_links":{"self":[{"href":"https:\/\/ovelanalista.com\/index.php?rest_route=\/wp\/v2\/posts\/122847","targetHints":{"allow":["GET"]}}],"collection":[{"href":"https:\/\/ovelanalista.com\/index.php?rest_route=\/wp\/v2\/posts"}],"about":[{"href":"https:\/\/ovelanalista.com\/index.php?rest_route=\/wp\/v2\/types\/post"}],"author":[{"embeddable":true,"href":"https:\/\/ovelanalista.com\/index.php?rest_route=\/wp\/v2\/users\/3"}],"replies":[{"embeddable":true,"href":"https:\/\/ovelanalista.com\/index.php?rest_route=%2Fwp%2Fv2%2Fcomments&post=122847"}],"version-history":[{"count":1,"href":"https:\/\/ovelanalista.com\/index.php?rest_route=\/wp\/v2\/posts\/122847\/revisions"}],"predecessor-version":[{"id":122850,"href":"https:\/\/ovelanalista.com\/index.php?rest_route=\/wp\/v2\/posts\/122847\/revisions\/122850"}],"wp:featuredmedia":[{"embeddable":true,"href":"https:\/\/ovelanalista.com\/index.php?rest_route=\/wp\/v2\/media\/120052"}],"wp:attachment":[{"href":"https:\/\/ovelanalista.com\/index.php?rest_route=%2Fwp%2Fv2%2Fmedia&parent=122847"}],"wp:term":[{"taxonomy":"category","embeddable":true,"href":"https:\/\/ovelanalista.com\/index.php?rest_route=%2Fwp%2Fv2%2Fcategories&post=122847"},{"taxonomy":"post_tag","embeddable":true,"href":"https:\/\/ovelanalista.com\/index.php?rest_route=%2Fwp%2Fv2%2Ftags&post=122847"}],"curies":[{"name":"wp","href":"https:\/\/api.w.org\/{rel}","templated":true}]}}