{"id":122849,"date":"2025-06-07T12:30:59","date_gmt":"2025-06-07T18:30:59","guid":{"rendered":"https:\/\/ovelanalista.com\/?p=122849"},"modified":"2025-06-07T12:30:59","modified_gmt":"2025-06-07T18:30:59","slug":"hoy-7-de-junio-hay-quienes-celebran-la-libertad-de-expresion-una-libertad-quebrada-por-los-mismos-que-hoy-organizan-los-festejos","status":"publish","type":"post","link":"https:\/\/ovelanalista.com\/?p=122849","title":{"rendered":"Hoy \u201c7 de junio\u201d hay quienes celebran la \u201clibertad de expresi\u00f3n\u201d, una libertad quebrada por los mismos que hoy organizan los festejos"},"content":{"rendered":"<p class=\"entry-title\"><strong>En el blanco por Fernando Zepeda H.<\/strong><\/p>\n<p>*Hoy \u201c7 de junio\u201d hay quienes celebran la \u201clibertad de expresi\u00f3n\u201d, una libertad quebrada por los mismos que hoy organizan los festejos<br \/>\n*En Sinaloa los periodistas se la juegan a diario en esta narcoguerra. Soportan amenazas de la delincuencia, del Gobierno y de empresarios que los ven como algo incomodo<br \/>\n*El de ayer resulto un \u201cviernes sangriento\u201d en Sinaloa, con la aparici\u00f3n de ajusticiados con narcomensajes y por segundo d\u00eda consecutivo inocentes lesionados en el fuego cruzado<br \/>\n*La desaparici\u00f3n de una joven de 20 a\u00f1os enciende las alarmas en\u00a0<a class=\"google-anno\" href=\"https:\/\/sinaloaenlinea.com\/en-el-blanco-por-fernando-zepeda-h-387\/#\" data-google-vignette=\"false\" data-google-interstitial=\"false\">\u00a0<span class=\"google-anno-t\">Mazatl\u00e1n<\/span><\/a>. Exigen que aparezca sana y salva<br \/>\n*Sin que ninguna autoridad lo explique, fueron puestos en libertad los siete polic\u00edas municipales detenidos por estatales cuando custodiaban una cl\u00ednica particular en Culiac\u00e1n<br \/>\n*El Doctor Diaz Simental Alcalde de Escuinapa nombra nuevo Oficial Mayor sin que su propuesta pase por Cabildo. Pero qu\u00e9 necesidad<br \/>\n*Tanto miedo provoca la CNTE a la Presidenta que la obligo a cancelar su visita programada para este fin de semana a Veracruz. Ya le advirtieron que la seguir\u00e1n en todo el pa\u00eds<br \/>\n*La telenovela de Trump ahora continuo con un pleito contra el magnate Elon Musk. Presum\u00edan de andar de amiguitos<br \/>\n*Para remachar el clavo. El INE encuentra boletas \u201cplanchadas\u201d en el conteo de votos del pasado domingo para elegir a jueces y magistrados. Que poca<\/p>\n<p>Libertad quebrada.\u00a0Hoy se conmemora el d\u00eda de la libertad de expresi\u00f3n. Y ya se preparan algunas celebraciones oficiales para \u201creconocer\u201d la labor de los periodistas, destacaran su importancia, lanzaron elogios y se llenaran la boca diciendo a los cuatro vientos que son respetuosos de la labor period\u00edstica. \u00a1Que hipocres\u00eda!. Justo desde las instancias de gobierno es de donde m\u00e1s se agrede la labor de los periodistas. Esos mismos que hoy, aprovechando el momento, dir\u00e1n todo lo contrario de lo que ponen en practica d\u00eda con d\u00eda. En Sinaloa, de acuerdo a las organizaciones de defensa de periodistas, suman alrededor de 60 casos de agresi\u00f3n oficialmente documentada. Las agresiones a los periodistas se dispararon desde el 9 de septiembre a la fecha, justo en los tiempos de la narcoguerra que destroza a nuestro estado. Los riesgos aumentaron cuando los periodistas han buscado documentar los hechos violentos.<\/p>\n<p><img class=\"alignnone size-full wp-image-201715\" alt=\"\" \/><iframe loading=\"lazy\" src=\"https:\/\/www.facebook.com\/plugins\/post.php?href=https%3A%2F%2Fweb.facebook.com%2FDiarioCuatroVientos%2Fposts%2Fpfbid08dSTUabK6YpwV1BwmceVVauBsd6Kaw2U7Yew4UBz7MZuXYUSVCTvA3tTY7wxgiSUl&amp;show_text=true&amp;width=500\" width=\"500\" height=\"250\" frameborder=\"0\" scrolling=\"no\" allowfullscreen=\"allowfullscreen\" data-mce-fragment=\"1\"><\/iframe><img class=\"alignnone size-full wp-image-201715\" alt=\"\" \/><\/p>\n<p>Las amenazas se hicieron presentes. Tanto de los delincuentes como de las autoridades. Quienes encabezan las diferentes instancias de gobierno agreden una y otra vez a los periodistas. Desde el momento en que les obstaculizan su labor de informar hasta cuando a trav\u00e9s de sus jefes de prensa pide \u201cla cabeza\u201d de tal o cual reportero porque les resulta inc\u00f3modo. A otros les va menos peor, solamente piden que los quiten de la \u201cfuente\u201d. Hubo un tiempo en que los periodistas de\u00a0<a class=\"google-anno\" href=\"https:\/\/sinaloaenlinea.com\/en-el-blanco-por-fernando-zepeda-h-387\/#\" data-google-vignette=\"false\" data-google-interstitial=\"false\">\u00a0<span class=\"google-anno-t\">Mazatl\u00e1n<\/span><\/a>\u00a0se organizaban, realizaban rifas y obten\u00edan recursos para un festejo de periodistas para periodistas. Ajeno completamente al Gobierno. Luego se abri\u00f3 paso los festejos que en cada casa editorial se organizaba.<\/p>\n<p>Cada quien como lo permit\u00eda la situaci\u00f3n econ\u00f3mica del momento. Hoy el Ayuntamiento de Mazatl\u00e1n convoc\u00f3 a un desayuno para celebrar el \u201cDia de la Libertad de Expresi\u00f3n\u201d. Ser\u00e1 en la Cenadur\u00eda Chayito. Ah\u00ed cerca de donde est\u00e1n \u201cLas changueras\u201d. Lugar suig\u00e9neris que cada quien tendr\u00e1 su opini\u00f3n personal. Parecida a aquella propuesta y expresi\u00f3n de un alto directivo de un medio estatal que al llegar el \u201c7 de Junio\u201d se le ocurri\u00f3 proponer hacer un \u201ccochito tatemado\u201d y repartir tacos a los periodistas. Para que tanto arguende por eso, expres\u00f3. Como si se tratara del \u201cDia de la Cruz\u201d, con el respeto que me merecen los maestros de la cuchara y la pala.<\/p>\n<p class=\"google-auto-placed ap_container\"><ins class=\"adsbygoogle adsbygoogle-noablate\" data-ad-format=\"auto\" data-ad-client=\"ca-pub-9910594364950115\" data-adsbygoogle-status=\"done\" data-ad-status=\"filled\"><\/p>\n<div id=\"aswift_2_host\"><iframe loading=\"lazy\" id=\"aswift_2\" tabindex=\"0\" title=\"Advertisement\" src=\"https:\/\/googleads.g.doubleclick.net\/pagead\/ads?client=ca-pub-9910594364950115&amp;output=html&amp;h=280&amp;adk=3974271955&amp;adf=842624622&amp;pi=t.aa~a.578443447~i.12~rp.4&amp;w=696&amp;abgtt=9&amp;fwrn=4&amp;fwrnh=100&amp;lmt=1749320976&amp;num_ads=1&amp;rafmt=1&amp;armr=3&amp;sem=mc&amp;pwprc=6662563290&amp;ad_type=text_image&amp;format=696x280&amp;url=https%3A%2F%2Fsinaloaenlinea.com%2Fen-el-blanco-por-fernando-zepeda-h-387%2F&amp;fwr=0&amp;pra=3&amp;rh=174&amp;rw=696&amp;rpe=1&amp;resp_fmts=3&amp;wgl=1&amp;fa=27&amp;uach=WyJtYWNPUyIsIjExLjcuMTAiLCJ4ODYiLCIiLCIxMzcuMC43MTUxLjU2IixudWxsLDAsbnVsbCwiNjQiLFtbIkdvb2dsZSBDaHJvbWUiLCIxMzcuMC43MTUxLjU2Il0sWyJDaHJvbWl1bSIsIjEzNy4wLjcxNTEuNTYiXSxbIk5vdC9BKUJyYW5kIiwiMjQuMC4wLjAiXV0sMF0.&amp;dt=1749320911216&amp;bpp=1&amp;bdt=3164&amp;idt=1&amp;shv=r20250605&amp;mjsv=m202506030101&amp;ptt=9&amp;saldr=aa&amp;abxe=1&amp;cookie=ID%3Dc983ed29e4b86913%3AT%3D1721666790%3ART%3D1749320909%3AS%3DALNI_MY5rl-oOrlkUst218ZvHlLjS8OCXQ&amp;gpic=UID%3D00000e8949ffbeb1%3AT%3D1721666790%3ART%3D1749320909%3AS%3DALNI_Mb_sa4HVbWC_B7Lx5BE7UWabkbB5g&amp;eo_id_str=ID%3D0798135c2e3c5908%3AT%3D1737389406%3ART%3D1749320909%3AS%3DAA-AfjYBqWpNvLicxANDKAZKLddH&amp;prev_fmts=0x0%2C1200x280%2C1440x779&amp;nras=4&amp;correlator=6736652450928&amp;frm=20&amp;pv=1&amp;u_tz=-420&amp;u_his=1&amp;u_h=900&amp;u_w=1440&amp;u_ah=900&amp;u_aw=1440&amp;u_cd=24&amp;u_sd=2&amp;dmc=8&amp;adx=186&amp;ady=2978&amp;biw=1440&amp;bih=779&amp;scr_x=0&amp;scr_y=0&amp;eid=31092114%2C95353387%2C95362656%2C95344787%2C95362798%2C95362808%2C95363070%2C31092548%2C95360295&amp;oid=2&amp;psts=AOrYGsls3HWublgpiXUPEp9CfH-rXEWkvuV9GI2cmyl2QCidRt3nqFwOieGL1krtCtStcrRO86yF7HgKFzQA70fq&amp;pvsid=7462685532720323&amp;tmod=1964446771&amp;uas=0&amp;nvt=1&amp;fc=1408&amp;brdim=0%2C0%2C0%2C0%2C1440%2C0%2C1440%2C900%2C1440%2C779&amp;vis=1&amp;rsz=%7C%7Cs%7C&amp;abl=NS&amp;fu=128&amp;bc=31&amp;bz=1&amp;td=1&amp;tdf=2&amp;psd=W251bGwsbnVsbCxudWxsLDNd&amp;nt=1&amp;pgls=CAA.&amp;ifi=3&amp;uci=a!3&amp;btvi=1&amp;fsb=1&amp;dtd=65412\" name=\"aswift_2\" width=\"696\" height=\"280\" frameborder=\"0\" marginwidth=\"0\" marginheight=\"0\" scrolling=\"no\" sandbox=\"allow-forms allow-popups allow-popups-to-escape-sandbox allow-same-origin allow-scripts allow-top-navigation-by-user-activation\" data-google-container-id=\"a!3\" aria-label=\"Advertisement\" data-google-query-id=\"CKm9vLv4340DFWTHwgQdC3QZzQ\" data-load-complete=\"true\" data-mce-fragment=\"1\"><\/iframe><\/div>\n<p><\/ins><\/p>\n<p>Viernes sangriento.\u00a0Apenas arranc\u00f3 el d\u00eda de ayer y los reportes pintaron de sangre a los municipios de Culiac\u00e1n, Navolato y San Ignacio. Nueve asesinatos en apenas tres horas se dieron a conocer. Todos hombres que aparecieron con visibles huellas de torturas y asesinados a balazos. Punto especial fue que muchos de ellos ten\u00edan narcomensajes. Estos mensajes que unos y otros delincuentes se lanzan entre ellos. Y en ocasiones para que el Gobierno se entere. Y muchas otras para intimidar a sus contrarios. La suma de muertos conforme avanzo el d\u00eda de ayer fue aumentando. Hubo reportes de tres cuerpos sin vida que fueron arrojados a un costado de la carretera Culiac\u00e1n-Mazatl\u00e1n.<\/p>\n<p><iframe loading=\"lazy\" src=\"https:\/\/www.facebook.com\/plugins\/post.php?href=https%3A%2F%2Fweb.facebook.com%2Fluis.najera.798278%2Fposts%2Fpfbid02Rcd6HdA4VKFdXYSTiCXCp529hKAjmREHfAXzSgTMSPMrKgrvHnAB8Q4UidaCJUGFl&amp;show_text=true&amp;width=500\" width=\"500\" height=\"250\" frameborder=\"0\" scrolling=\"no\" allowfullscreen=\"allowfullscreen\" data-mce-fragment=\"1\"><\/iframe><\/p>\n<p>Hubo un nuevo reporte de enfrentamiento entre civiles armados en el que qued\u00f3 un cami\u00f3n urbano. Por segundo d\u00eda un transporte publico result\u00f3 con impactos de bala. Por segunda ocasi\u00f3n personas inocentes resultaron lesionadas en esto que se esta acostumbrando a se\u00f1alar como \u201cvictimas del fuego cruzado\u201d. Un polic\u00eda estatal fue agredido a balazos. Quedo lesionado. Es otro caso que se suma a las agresiones que est\u00e1n recibiendo elementos de la polic\u00eda.<\/p>\n<p>Se enciende alarma en\u00a0<a class=\"google-anno\" href=\"https:\/\/sinaloaenlinea.com\/en-el-blanco-por-fernando-zepeda-h-387\/#\" data-google-vignette=\"false\" data-google-interstitial=\"false\">\u00a0<span class=\"google-anno-t\">Mazatl\u00e1n<\/span><\/a>.\u00a0La desaparici\u00f3n de una joven de 20 a\u00f1os en Mazatl\u00e1n ha movilizado a las redes sociales con llamados de apoyo para que sea localizada. Ya las autoridades tienen en su poder el reporte de su desaparici\u00f3n y se accion\u00f3 ya una \u201calerta de b\u00fasqueda\u201d.<\/p>\n<p><iframe loading=\"lazy\" src=\"https:\/\/www.facebook.com\/plugins\/post.php?href=https%3A%2F%2Fweb.facebook.com%2FPersonasDesaparecidasMazatlan%2Fposts%2Fpfbid0kFavkrRUvT7N9MyzqsPsmiYztUEyYLX2DUnTsf8Jh6vjonfFERT3tBY3HrkmWLKvl&amp;show_text=true&amp;width=500\" width=\"500\" height=\"250\" frameborder=\"0\" scrolling=\"no\" allowfullscreen=\"allowfullscreen\" data-mce-fragment=\"1\"><\/iframe><\/p>\n<p>La joven Mar\u00eda Celeste desapareci\u00f3 en la zona urbana de Mazatl\u00e1n. Refieren que la \u00faltima ocasi\u00f3n que se tuvo contacto con la jovencita fue cuando transitaba por una zona residencial y vest\u00eda un pantal\u00f3n de mezclilla y blusa negra con una imagen de Chucky. Se reporta que se tema por su integridad f\u00edsica. En Mazatl\u00e1n los reportes de desapariciones han llegado a niveles de esc\u00e1ndalo. Y quienes son los responsables de investigar y dar con al paradero de quienes desaparecen evidentemente est\u00e1n fallando.<\/p>\n<div>\n<div>\n<div id=\"autors-container-0\"><iframe id=\"master-1\" title=\"\" src=\"https:\/\/syndicatedsearch.goog\/afs\/ads?psid=5134551505&amp;channel=AutoRsVariant&amp;cx=r-9554b73dca6a1316f&amp;fexp=31092114%2C95353387%2C95362656%2C95344787%2C95362798%2C95362808%2C95363070%2C31092548%2C95360295%2C0%2C21404%2C17301437%2C17301438%2C17301442%2C17301548%2C17301266%2C72717107&amp;client=pub-9910594364950115&amp;r=m&amp;sct=ID%3Dd1991f0807b6e01f%3AT%3D1725467062%3ART%3D1725467062%3AS%3DALNI_MZZCSqjJvA16n8qGHVV3odi_SCt3Q&amp;sc_status=6&amp;hl=es&amp;rpbu=http%3A%2F%2Fgoogle.com&amp;rpqp=q&amp;type=3&amp;rs_tt=c&amp;oe=UTF-8&amp;ie=UTF-8&amp;format=r5&amp;nocache=1351749320911888&amp;num=0&amp;output=afd_ads&amp;domain_name=sinaloaenlinea.com&amp;v=3&amp;bsl=10&amp;pac=0&amp;u_his=1&amp;u_tz=-420&amp;dt=1749320911889&amp;u_w=1440&amp;u_h=900&amp;biw=1440&amp;bih=779&amp;psw=1440&amp;psh=11016&amp;frm=0&amp;uio=-&amp;cont=autors-container-0&amp;drt=0&amp;jsid=csa&amp;nfp=1&amp;jsv=766755421&amp;rurl=https%3A%2F%2Fsinaloaenlinea.com%2Fen-el-blanco-por-fernando-zepeda-h-387%2F\" name=\"{&quot;name&quot;:&quot;master-1&quot;,&quot;master-1&quot;:{&quot;container&quot;:&quot;autors-container-0&quot;,&quot;styleId&quot;:&quot;5134551505&quot;,&quot;channel&quot;:&quot;AutoRsVariant&quot;,&quot;cx&quot;:&quot;r-9554b73dca6a1316f&quot;,&quot;domainName&quot;:&quot;sinaloaenlinea.com&quot;,&quot;fexp&quot;:&quot;31092114,95353387,95362656,95344787,95362798,95362808,95363070,31092548,95360295,0,21404,17301437,17301438,17301442,17301548,17301266,72717107&quot;,&quot;masterNumber&quot;:1,&quot;number&quot;:0,&quot;pubId&quot;:&quot;pub-9910594364950115&quot;,&quot;role&quot;:&quot;m&quot;,&quot;sct&quot;:&quot;ID=d1991f0807b6e01f:T=1725467062:RT=1725467062:S=ALNI_MZZCSqjJvA16n8qGHVV3odi_SCt3Q&quot;,&quot;sc_status&quot;:6,&quot;hl&quot;:&quot;es&quot;,&quot;resultsPageBaseUrl&quot;:&quot;http:\/\/google.com&quot;,&quot;resultsPageQueryParam&quot;:&quot;q&quot;,&quot;relatedSearchUseResultCallback&quot;:true,&quot;ie&quot;:&quot;UTF-8&quot;,&quot;maxTop&quot;:0,&quot;minTop&quot;:0,&quot;oe&quot;:&quot;UTF-8&quot;,&quot;relatedSearches&quot;:5,&quot;type&quot;:&quot;relatedsearch&quot;,&quot;linkTarget&quot;:&quot;_blank&quot;,&quot;relatedSearchTargeting&quot;:&quot;content&quot;}}\" width=\"100%\" frameborder=\"0\" marginwidth=\"0\" marginheight=\"0\" scrolling=\"no\" data-observe=\"1\" data-lle=\"1\" data-mce-fragment=\"1\"><\/iframe><\/div>\n<\/div>\n<\/div>\n<p>\u00bfQu\u00e9 paso con los polic\u00edas detenidos?.\u00a0Los siete polic\u00edas municipales que escenificaron un enfrentamiento el pasado lunes con polic\u00edas estatales, fueron liberados, sin ning\u00fan cargo en su contra. Se supon\u00eda que la Fiscal\u00eda Federal atrajo el caso. Se supon\u00eda que hab\u00eda elementos de delito que condujeron a su detenci\u00f3n. Parec\u00eda que los municipales impidieron el paso de los estatales a su llegada a una cl\u00ednica particular, porque estaban cuidando a dos heridos de bala. Se supon\u00eda que portaban armas que no eran las de cargo asignadas oficialmente a ellos. Pues todo quedo en supuestos. Pero nadie absolutamente nadie ha informado con pormenores los hechos se registraron la noche del lunes en Culiac\u00e1n y que el silencio de las autoridades solo abri\u00f3 la puerta a toda clase de versiones.<\/p>\n<p class=\"google-auto-placed ap_container\"><ins class=\"adsbygoogle adsbygoogle-noablate\" data-ad-format=\"auto\" data-ad-client=\"ca-pub-9910594364950115\" data-adsbygoogle-status=\"done\" data-ad-status=\"filled\"><\/p>\n<div id=\"aswift_3_host\"><iframe loading=\"lazy\" id=\"aswift_3\" tabindex=\"0\" title=\"Advertisement\" src=\"https:\/\/googleads.g.doubleclick.net\/pagead\/ads?client=ca-pub-9910594364950115&amp;output=html&amp;h=280&amp;adk=3974271955&amp;adf=2390747711&amp;pi=t.aa~a.578443447~i.26~rp.4&amp;w=696&amp;abgtt=9&amp;fwrn=4&amp;fwrnh=100&amp;lmt=1749320983&amp;num_ads=1&amp;rafmt=1&amp;armr=3&amp;sem=mc&amp;pwprc=6662563290&amp;ad_type=text_image&amp;format=696x280&amp;url=https%3A%2F%2Fsinaloaenlinea.com%2Fen-el-blanco-por-fernando-zepeda-h-387%2F&amp;fwr=0&amp;pra=3&amp;rh=174&amp;rw=696&amp;rpe=1&amp;resp_fmts=3&amp;wgl=1&amp;fa=27&amp;uach=WyJtYWNPUyIsIjExLjcuMTAiLCJ4ODYiLCIiLCIxMzcuMC43MTUxLjU2IixudWxsLDAsbnVsbCwiNjQiLFtbIkdvb2dsZSBDaHJvbWUiLCIxMzcuMC43MTUxLjU2Il0sWyJDaHJvbWl1bSIsIjEzNy4wLjcxNTEuNTYiXSxbIk5vdC9BKUJyYW5kIiwiMjQuMC4wLjAiXV0sMF0.&amp;dt=1749320911220&amp;bpp=2&amp;bdt=3168&amp;idt=2&amp;shv=r20250605&amp;mjsv=m202506030101&amp;ptt=9&amp;saldr=aa&amp;abxe=1&amp;cookie=ID%3Dc983ed29e4b86913%3AT%3D1721666790%3ART%3D1749320909%3AS%3DALNI_MY5rl-oOrlkUst218ZvHlLjS8OCXQ&amp;gpic=UID%3D00000e8949ffbeb1%3AT%3D1721666790%3ART%3D1749320909%3AS%3DALNI_Mb_sa4HVbWC_B7Lx5BE7UWabkbB5g&amp;eo_id_str=ID%3D0798135c2e3c5908%3AT%3D1737389406%3ART%3D1749320909%3AS%3DAA-AfjYBqWpNvLicxANDKAZKLddH&amp;prev_fmts=0x0%2C1200x280%2C1440x779%2C696x280%2C1005x124&amp;nras=6&amp;correlator=6736652450928&amp;frm=20&amp;pv=1&amp;u_tz=-420&amp;u_his=1&amp;u_h=900&amp;u_w=1440&amp;u_ah=900&amp;u_aw=1440&amp;u_cd=24&amp;u_sd=2&amp;dmc=8&amp;adx=186&amp;ady=5293&amp;biw=1440&amp;bih=779&amp;scr_x=0&amp;scr_y=2186&amp;eid=31092114%2C95353387%2C95362656%2C95344787%2C95362798%2C95362808%2C95363070%2C31092548%2C95360295&amp;oid=2&amp;psts=AOrYGsls3HWublgpiXUPEp9CfH-rXEWkvuV9GI2cmyl2QCidRt3nqFwOieGL1krtCtStcrRO86yF7HgKFzQA70fq%2CAOrYGskezUQgjctEi_-VDSYp4HK577rRYG-9hKx019YK4qsrrhdN05I3GcM4E3icRBgRO17E71YGMZcwBkdu3VA9gf-tW9fzvvKZ-aWoXukOKxgeMMO1xQ%2CAOrYGskCokf1fVY_X-uw9Xwd_-RfGAan7MVCnqI7L2n9Os7_3Tvsd7ajXyQ_rfKQj_WXCCGG8yEFksvMDIN-ZOE&amp;pvsid=7462685532720323&amp;tmod=1964446771&amp;uas=3&amp;nvt=1&amp;fc=1408&amp;brdim=0%2C0%2C0%2C0%2C1440%2C0%2C1440%2C900%2C1440%2C779&amp;vis=1&amp;rsz=%7C%7Cs%7C&amp;abl=NS&amp;fu=128&amp;bc=31&amp;bz=1&amp;td=1&amp;tdf=2&amp;psd=W251bGwsbnVsbCxudWxsLDNd&amp;nt=1&amp;pgls=CAA.&amp;ifi=4&amp;uci=a!4&amp;btvi=3&amp;fsb=1&amp;dtd=72570\" name=\"aswift_3\" width=\"696\" height=\"280\" frameborder=\"0\" marginwidth=\"0\" marginheight=\"0\" scrolling=\"no\" sandbox=\"allow-forms allow-popups allow-popups-to-escape-sandbox allow-same-origin allow-scripts allow-top-navigation-by-user-activation\" data-google-container-id=\"a!4\" aria-label=\"Advertisement\" data-google-query-id=\"CKDu7r74340DFSUYrQYdEVonVw\" data-load-complete=\"true\" data-mce-fragment=\"1\"><\/iframe><\/div>\n<p><\/ins><\/p>\n<p>Pero que necesidad. En Escuinapa el escandalo parece rodear al Alcalde V\u00edctor Diaz Simental. Se conoci\u00f3 que ayer sin pasar el tema ante el Cabildo para su aprobaci\u00f3n, nombr\u00f3 como nuevo Oficial Mayor a Cristian Prado Huerta. Ese cargo se encontraba vacante desde el mes de marzo. Regidores, trabajadores municipales y muchos escuinapenses se enteraron del nuevo nombramiento a trav\u00e9s de una transmisi\u00f3n en vivo que encabez\u00f3 el Alcalde. En ese mismo video se dieron otros nombramientos.<\/p>\n<p><iframe loading=\"lazy\" src=\"https:\/\/www.facebook.com\/plugins\/post.php?href=https%3A%2F%2Fweb.facebook.com%2Fpermalink.php%3Fstory_fbid%3Dpfbid039Cdz1J3puu3UKFJwuctGCPfNYxbWEHiKoVtwUS1FPWGYXpfRp5KqmFPmNajSWSLl%26id%3D61567964821347&amp;show_text=true&amp;width=500\" width=\"500\" height=\"250\" frameborder=\"0\" scrolling=\"no\" allowfullscreen=\"allowfullscreen\" data-mce-fragment=\"1\"><\/iframe><\/p>\n<p>El de Director de Obras Publicas Adriel Mayorquin y en la subdirecci\u00f3n de esa misma dependencia a Francisco Alberto Diaz. De estos dos \u00faltimos nombramientos no hay nada que objetar, pues recaen directamente en manos del Alcalde designar o quitar a funcionarios de esa dependencia. Pero lo que son los nombramientos del Secretario de Seguridad, el Tesorero Municipal y Oficial Mayor, por Ley se obliga al Alcalde presentar la propuesta ante el Cabildo y que sean la mayor\u00eda de regidores los que decidan. Algo parece no andar bien en Escuinapa.<\/p>\n<p>La obligaran a cancelar gira.\u00a0La Presidenta Claudia Sheinbaum cancel\u00f3 su gira que ten\u00eda programada para este fin de semana a Veracruz. El motivo la amenaza que lanzaron los dirigentes de la CNTE de que \u201ca donde quiera que vaya, ah\u00ed estaremos presentes\u201d. Sheinbaum decidi\u00f3 no ponerse en riesgo. No enfrentar las increpaciones de los maestros de la CNTE que ya mostr\u00f3 todo lo violento que pueden ser. La cancelaci\u00f3n de la visita presidencial a Veracruz es apenas el inicio de lo que la CNTE pretende llevar a cabo. Ya dijeron, la seguir\u00e1n en todo el pa\u00eds para exigir que desaparezca la nueva Ley del ISSSTE. Poco les importa que la Presidenta haya dicho que cancelar esa Ley, le costar\u00eda mucho al pa\u00eds. Ya le crecieron los enanos.<\/p>\n<p class=\"google-auto-placed ap_container\"><ins class=\"adsbygoogle adsbygoogle-noablate\" data-ad-format=\"auto\" data-ad-client=\"ca-pub-9910594364950115\" data-adsbygoogle-status=\"done\" data-ad-status=\"filled\"><\/p>\n<div id=\"aswift_4_host\"><iframe loading=\"lazy\" id=\"aswift_4\" tabindex=\"0\" title=\"Advertisement\" src=\"https:\/\/googleads.g.doubleclick.net\/pagead\/ads?client=ca-pub-9910594364950115&amp;output=html&amp;h=280&amp;adk=3974271955&amp;adf=935569229&amp;pi=t.aa~a.578443447~i.34~rp.4&amp;w=696&amp;abgtt=9&amp;fwrn=4&amp;fwrnh=100&amp;lmt=1749320986&amp;num_ads=1&amp;rafmt=1&amp;armr=3&amp;sem=mc&amp;pwprc=6662563290&amp;ad_type=text_image&amp;format=696x280&amp;url=https%3A%2F%2Fsinaloaenlinea.com%2Fen-el-blanco-por-fernando-zepeda-h-387%2F&amp;fwr=0&amp;pra=3&amp;rh=174&amp;rw=696&amp;rpe=1&amp;resp_fmts=3&amp;wgl=1&amp;fa=27&amp;uach=WyJtYWNPUyIsIjExLjcuMTAiLCJ4ODYiLCIiLCIxMzcuMC43MTUxLjU2IixudWxsLDAsbnVsbCwiNjQiLFtbIkdvb2dsZSBDaHJvbWUiLCIxMzcuMC43MTUxLjU2Il0sWyJDaHJvbWl1bSIsIjEzNy4wLjcxNTEuNTYiXSxbIk5vdC9BKUJyYW5kIiwiMjQuMC4wLjAiXV0sMF0.&amp;dt=1749320911226&amp;bpp=1&amp;bdt=3174&amp;idt=1&amp;shv=r20250605&amp;mjsv=m202506030101&amp;ptt=9&amp;saldr=aa&amp;abxe=1&amp;cookie=ID%3Dc983ed29e4b86913%3AT%3D1721666790%3ART%3D1749320909%3AS%3DALNI_MY5rl-oOrlkUst218ZvHlLjS8OCXQ&amp;gpic=UID%3D00000e8949ffbeb1%3AT%3D1721666790%3ART%3D1749320909%3AS%3DALNI_Mb_sa4HVbWC_B7Lx5BE7UWabkbB5g&amp;eo_id_str=ID%3D0798135c2e3c5908%3AT%3D1737389406%3ART%3D1749320909%3AS%3DAA-AfjYBqWpNvLicxANDKAZKLddH&amp;prev_fmts=0x0%2C1200x280%2C1440x779%2C696x280%2C1005x124%2C696x280&amp;nras=7&amp;correlator=6736652450928&amp;frm=20&amp;pv=1&amp;u_tz=-420&amp;u_his=1&amp;u_h=900&amp;u_w=1440&amp;u_ah=900&amp;u_aw=1440&amp;u_cd=24&amp;u_sd=2&amp;dmc=8&amp;adx=186&amp;ady=7114&amp;biw=1440&amp;bih=779&amp;scr_x=0&amp;scr_y=4002&amp;eid=31092114%2C95353387%2C95362656%2C95344787%2C95362798%2C95362808%2C95363070%2C31092548%2C95360295&amp;oid=2&amp;psts=AOrYGsls3HWublgpiXUPEp9CfH-rXEWkvuV9GI2cmyl2QCidRt3nqFwOieGL1krtCtStcrRO86yF7HgKFzQA70fq%2CAOrYGskezUQgjctEi_-VDSYp4HK577rRYG-9hKx019YK4qsrrhdN05I3GcM4E3icRBgRO17E71YGMZcwBkdu3VA9gf-tW9fzvvKZ-aWoXukOKxgeMMO1xQ%2CAOrYGskCokf1fVY_X-uw9Xwd_-RfGAan7MVCnqI7L2n9Os7_3Tvsd7ajXyQ_rfKQj_WXCCGG8yEFksvMDIN-ZOE%2CAOrYGskyNYJJOLFsyVcUzR7mLpqAdDXjhiiBkwuI83gGHCZYd4JgXtGxeHjR-Qn53S60gpMgmxV_EtHRHm-6zkY&amp;pvsid=7462685532720323&amp;tmod=1964446771&amp;uas=1&amp;nvt=1&amp;fc=1408&amp;brdim=0%2C0%2C0%2C0%2C1440%2C0%2C1440%2C900%2C1440%2C779&amp;vis=1&amp;rsz=%7C%7Cs%7C&amp;abl=NS&amp;cms=2&amp;fu=128&amp;bc=31&amp;bz=1&amp;td=1&amp;tdf=2&amp;psd=W251bGwsbnVsbCxudWxsLDNd&amp;nt=1&amp;pgls=CAA.&amp;ifi=5&amp;uci=a!5&amp;btvi=4&amp;fsb=1&amp;dtd=75528\" name=\"aswift_4\" width=\"696\" height=\"280\" frameborder=\"0\" marginwidth=\"0\" marginheight=\"0\" scrolling=\"no\" sandbox=\"allow-forms allow-popups allow-popups-to-escape-sandbox allow-same-origin allow-scripts allow-top-navigation-by-user-activation\" data-google-container-id=\"a!5\" aria-label=\"Advertisement\" data-google-query-id=\"CJ3sosD4340DFdclrQYdBFYWWw\" data-load-complete=\"true\" data-mce-fragment=\"1\"><\/iframe><\/div>\n<p><\/ins><\/p>\n<p>Se pelearon los \u201camigos\u201d.\u00a0Puede que sea un asunto medi\u00e1tico. Pero llama la atenci\u00f3n el pleito entre el magnate Elon Musk y el Presidente Donald Trump. Ambos personajes que se aliaron en la pasada campa\u00f1a electoral en Estados Unidos han chocado.<\/p>\n<p><iframe id=\"instagram-embed-0\" class=\"instagram-media instagram-media-rendered\" src=\"https:\/\/www.instagram.com\/p\/DKkj1d5xZuL\/embed\/captioned\/?cr=1&amp;v=14&amp;wp=1080&amp;rd=https%3A%2F%2Fsinaloaenlinea.com&amp;rp=%2Fen-el-blanco-por-fernando-zepeda-h-387%2F#%7B%22ci%22%3A0%2C%22os%22%3A2658.800000000745%2C%22ls%22%3A1772.4000000003725%2C%22le%22%3A2568.699999999255%7D\" height=\"1611\" frameborder=\"0\" scrolling=\"no\" allowfullscreen=\"allowfullscreen\" data-instgrm-payload-id=\"instagram-media-payload-0\" data-mce-fragment=\"1\"><\/iframe><\/p>\n<p>&nbsp;<\/p>\n<p>Y como no, cuando son dos sujetos que gustan del esc\u00e1ndalo, que tienen mucho dinero, que se sienten amos y se\u00f1ores del Mundo. Toda una novela de amor y odio entre divos de la pol\u00edtica estadounidense.<\/p>\n<p>Que poca.\u00a0Las autoridades electorales encontraron en el conteo de votos de la elecci\u00f3n del poder judicial realizada el pasado 1 de junio, boletas \u201cplanchaditas\u201d. Que quiere decir. Que rellenaron urnas. \u00a1Por favor!. Tanto que han criticado a los mapaches priistas. A los corruptos neoliberales. A quienes estaban acostumbrados a ganar elecciones mediante el fraude. Y ahora resulta que nos resultaron iguales o peor. En las casillas electorales que se instalaron en\u00a0<a class=\"google-anno\" href=\"https:\/\/sinaloaenlinea.com\/en-el-blanco-por-fernando-zepeda-h-387\/#\" data-google-vignette=\"false\" data-google-interstitial=\"false\">\u00a0<span class=\"google-anno-t\">Mazatl\u00e1n<\/span><\/a>\u00a0se encontr\u00f3 es joya de boletas planchadas. Si Morena era el \u00fanico partido metido en esta elecci\u00f3n. Que poca.<\/p>\n","protected":false},"excerpt":{"rendered":"<p>En el blanco por Fernando Zepeda H. *Hoy \u201c7 de junio\u201d hay quienes celebran la \u201clibertad de expresi\u00f3n\u201d, una libertad quebrada por los mismos que hoy organizan los festejos *En Sinaloa los periodistas se la juegan a diario en esta narcoguerra. Soportan amenazas de la delincuencia, del Gobierno y de empresarios que los ven como algo incomodo *El de ayer resulto un \u201cviernes sangriento\u201d en Sinaloa, con la aparici\u00f3n de ajusticiados con narcomensajes y por segundo d\u00eda consecutivo inocentes lesionados en el fuego cruzado *La desaparici\u00f3n de una joven de 20 a\u00f1os enciende las alarmas en\u00a0\u00a0Mazatl\u00e1n. Exigen que aparezca sana [&hellip;]<\/p>\n","protected":false},"author":3,"featured_media":92500,"comment_status":"open","ping_status":"open","sticky":false,"template":"","format":"standard","meta":{"_jetpack_newsletter_access":"","_jetpack_dont_email_post_to_subs":false,"_jetpack_newsletter_tier_id":0,"_jetpack_memberships_contains_paywalled_content":false,"_jetpack_feature_clip_id":0,"_jetpack_memberships_contains_paid_content":false,"footnotes":"","jetpack_publicize_message":"","jetpack_publicize_feature_enabled":true,"jetpack_social_post_already_shared":true,"jetpack_social_options":{"image_generator_settings":{"template":"highway","default_image_id":0,"font":"","enabled":false},"version":2},"jetpack_post_was_ever_published":false},"categories":[104],"tags":[],"class_list":["post-122849","post","type-post","status-publish","format-standard","has-post-thumbnail","hentry","category-columnistas-estatales","post--single"],"jetpack_publicize_connections":[],"jetpack_featured_media_url":"https:\/\/ovelanalista.com\/wp-content\/uploads\/2024\/03\/Fernando-Zepeda-Hurtado-300x150-1.png","jetpack_sharing_enabled":true,"_links":{"self":[{"href":"https:\/\/ovelanalista.com\/index.php?rest_route=\/wp\/v2\/posts\/122849","targetHints":{"allow":["GET"]}}],"collection":[{"href":"https:\/\/ovelanalista.com\/index.php?rest_route=\/wp\/v2\/posts"}],"about":[{"href":"https:\/\/ovelanalista.com\/index.php?rest_route=\/wp\/v2\/types\/post"}],"author":[{"embeddable":true,"href":"https:\/\/ovelanalista.com\/index.php?rest_route=\/wp\/v2\/users\/3"}],"replies":[{"embeddable":true,"href":"https:\/\/ovelanalista.com\/index.php?rest_route=%2Fwp%2Fv2%2Fcomments&post=122849"}],"version-history":[{"count":1,"href":"https:\/\/ovelanalista.com\/index.php?rest_route=\/wp\/v2\/posts\/122849\/revisions"}],"predecessor-version":[{"id":122851,"href":"https:\/\/ovelanalista.com\/index.php?rest_route=\/wp\/v2\/posts\/122849\/revisions\/122851"}],"wp:featuredmedia":[{"embeddable":true,"href":"https:\/\/ovelanalista.com\/index.php?rest_route=\/wp\/v2\/media\/92500"}],"wp:attachment":[{"href":"https:\/\/ovelanalista.com\/index.php?rest_route=%2Fwp%2Fv2%2Fmedia&parent=122849"}],"wp:term":[{"taxonomy":"category","embeddable":true,"href":"https:\/\/ovelanalista.com\/index.php?rest_route=%2Fwp%2Fv2%2Fcategories&post=122849"},{"taxonomy":"post_tag","embeddable":true,"href":"https:\/\/ovelanalista.com\/index.php?rest_route=%2Fwp%2Fv2%2Ftags&post=122849"}],"curies":[{"name":"wp","href":"https:\/\/api.w.org\/{rel}","templated":true}]}}