{"id":122854,"date":"2025-06-07T15:41:19","date_gmt":"2025-06-07T21:41:19","guid":{"rendered":"https:\/\/ovelanalista.com\/?p=122854"},"modified":"2025-06-07T15:41:19","modified_gmt":"2025-06-07T21:41:19","slug":"cambios-en-la-paramunicipal-japama-ya-tiene-nuevo-lider","status":"publish","type":"post","link":"https:\/\/ovelanalista.com\/?p=122854","title":{"rendered":"Cambios en la paramunicipal: JAPAMA ya tiene nuevo l\u00edder"},"content":{"rendered":"\n<p class=\"wp-block-paragraph\">Javier Castro <\/p>\n\n\n\n<p class=\"wp-block-paragraph\">Los Mochis, Sin.- Este s\u00e1bado se llev\u00f3 a cabo una sesi\u00f3n del Consejo de la Junta de Agua Potable y Alcantarillado del Municipio de Ahome (JAPAMA), en la que fue nombrado Emmanuel Higuera Terraza como nuevo gerente general del organismo, en sustituci\u00f3n de Carlos Juli\u00e1n Avenda\u00f1o Garc\u00eda.<\/p>\n\n\n\n<p class=\"wp-block-paragraph\">La reuni\u00f3n fue convocada con la participaci\u00f3n de todos los consejeros, dada la relevancia del tema para la operaci\u00f3n de la paramunicipal. Durante la sesi\u00f3n, se propuso formalmente el nombre de Higuera Terraza, quien fue aprobado como nuevo titular del organismo operador del agua en el municipio.<\/p>\n\n\n\n<p class=\"wp-block-paragraph\">El alcalde de Ahome, Antonio Men\u00e9ndez de Llano Berm\u00fadez, hab\u00eda anticipado previamente algunos detalles sobre la designaci\u00f3n y destac\u00f3 el perfil del nuevo funcionario. Se\u00f1al\u00f3 que se trata de un empresario originario de Los Mochis, con experiencia en la iniciativa privada y un perfil t\u00e9cnico que, consider\u00f3, puede fortalecer el trabajo dentro de la JAPAMA.<\/p>\n\n\n\n<p class=\"wp-block-paragraph\">Carlos Juli\u00e1n Avenda\u00f1o Garc\u00eda dej\u00f3 el cargo esta semana, tras haber solicitado un permiso y posteriormente presentar su renuncia por motivos personales.<\/p>\n\n\n\n<p class=\"wp-block-paragraph\">Con este nombramiento, el Consejo busca garantizar la continuidad y eficiencia en la operaci\u00f3n del organismo, que enfrenta retos importantes en materia de infraestructura y atenci\u00f3n ciudadana.<\/p>\n","protected":false},"excerpt":{"rendered":"<p>Javier Castro Los Mochis, Sin.- Este s\u00e1bado se llev\u00f3 a cabo una sesi\u00f3n del Consejo de la Junta de Agua Potable y Alcantarillado del Municipio de Ahome (JAPAMA), en la que fue nombrado Emmanuel Higuera Terraza como nuevo gerente general del organismo, en sustituci\u00f3n de Carlos Juli\u00e1n Avenda\u00f1o Garc\u00eda. La reuni\u00f3n fue convocada con la participaci\u00f3n de todos los consejeros, dada la relevancia del tema para la operaci\u00f3n de la paramunicipal. Durante la sesi\u00f3n, se propuso formalmente el nombre de Higuera Terraza, quien fue aprobado como nuevo titular del organismo operador del agua en el municipio. El alcalde de Ahome, [&hellip;]<\/p>\n","protected":false},"author":3,"featured_media":122853,"comment_status":"closed","ping_status":"open","sticky":false,"template":"","format":"standard","meta":{"_jetpack_newsletter_access":"","_jetpack_dont_email_post_to_subs":false,"_jetpack_newsletter_tier_id":0,"_jetpack_memberships_contains_paywalled_content":false,"_jetpack_feature_clip_id":0,"_jetpack_memberships_contains_paid_content":false,"footnotes":"","jetpack_publicize_message":"","jetpack_publicize_feature_enabled":true,"jetpack_social_post_already_shared":true,"jetpack_social_options":{"image_generator_settings":{"template":"highway","default_image_id":0,"font":"","enabled":false},"version":2},"jetpack_post_was_ever_published":false},"categories":[72,85],"tags":[],"class_list":["post-122854","post","type-post","status-publish","format-standard","has-post-thumbnail","hentry","category-portada","category-sinaloa-norte","post--single"],"jetpack_publicize_connections":[],"jetpack_featured_media_url":"https:\/\/ovelanalista.com\/wp-content\/uploads\/2025\/06\/0e81b5de-e571-4095-8a88-1bec49679dae-2-1.jpg","jetpack_sharing_enabled":true,"_links":{"self":[{"href":"https:\/\/ovelanalista.com\/index.php?rest_route=\/wp\/v2\/posts\/122854","targetHints":{"allow":["GET"]}}],"collection":[{"href":"https:\/\/ovelanalista.com\/index.php?rest_route=\/wp\/v2\/posts"}],"about":[{"href":"https:\/\/ovelanalista.com\/index.php?rest_route=\/wp\/v2\/types\/post"}],"author":[{"embeddable":true,"href":"https:\/\/ovelanalista.com\/index.php?rest_route=\/wp\/v2\/users\/3"}],"replies":[{"embeddable":true,"href":"https:\/\/ovelanalista.com\/index.php?rest_route=%2Fwp%2Fv2%2Fcomments&post=122854"}],"version-history":[{"count":1,"href":"https:\/\/ovelanalista.com\/index.php?rest_route=\/wp\/v2\/posts\/122854\/revisions"}],"predecessor-version":[{"id":122855,"href":"https:\/\/ovelanalista.com\/index.php?rest_route=\/wp\/v2\/posts\/122854\/revisions\/122855"}],"wp:featuredmedia":[{"embeddable":true,"href":"https:\/\/ovelanalista.com\/index.php?rest_route=\/wp\/v2\/media\/122853"}],"wp:attachment":[{"href":"https:\/\/ovelanalista.com\/index.php?rest_route=%2Fwp%2Fv2%2Fmedia&parent=122854"}],"wp:term":[{"taxonomy":"category","embeddable":true,"href":"https:\/\/ovelanalista.com\/index.php?rest_route=%2Fwp%2Fv2%2Fcategories&post=122854"},{"taxonomy":"post_tag","embeddable":true,"href":"https:\/\/ovelanalista.com\/index.php?rest_route=%2Fwp%2Fv2%2Ftags&post=122854"}],"curies":[{"name":"wp","href":"https:\/\/api.w.org\/{rel}","templated":true}]}}