{"id":122858,"date":"2025-06-08T14:50:39","date_gmt":"2025-06-08T20:50:39","guid":{"rendered":"https:\/\/ovelanalista.com\/?p=122858"},"modified":"2025-06-08T14:50:39","modified_gmt":"2025-06-08T20:50:39","slug":"imelda-castro-rumbo-a-2027-rocha-moya-deja-entrever-aspiraciones","status":"publish","type":"post","link":"https:\/\/ovelanalista.com\/?p=122858","title":{"rendered":"Imelda Castro, \u00bfrumbo a 2027? Rocha Moya deja entrever aspiraciones"},"content":{"rendered":"\n<p class=\"wp-block-paragraph\">Javier Castro <\/p>\n\n\n\n<p class=\"wp-block-paragraph\">Culiac\u00e1n, Sinaloa.\u2013 Durante la ceremonia del Cuarto Informe de Labores y la toma de protesta del rector Jes\u00fas Madue\u00f1a Molina en la Universidad Aut\u00f3noma de Sinaloa (UAS), el gobernador del estado, Rub\u00e9n Rocha Moya, dirigi\u00f3 un comentario llamativo a la senadora morenista Imelda Castro Castro, insinuando una posible aspiraci\u00f3n pol\u00edtica futura.<\/p>\n\n\n\n<p class=\"wp-block-paragraph\">Mientras saludaba a los asistentes al evento solemne, el mandatario estatal se dirigi\u00f3 a la legisladora con quien comparti\u00f3 f\u00f3rmula en el proceso electoral de 2018. Record\u00f3 que \u00e9l dej\u00f3 el Senado para contender por la gubernatura en 2021, mientras que Imelda Castro fue reelecta recientemente en su cargo en la C\u00e1mara Alta.<\/p>\n\n\n\n<p class=\"wp-block-paragraph\">Sin embargo, Rocha Moya expres\u00f3 con tono informal: \u201cNo te veo muchas ganas de terminar de senadora\u201d, lo que gener\u00f3 reacciones entre los presentes y aliment\u00f3 las especulaciones sobre una eventual postulaci\u00f3n de la legisladora a otro cargo de elecci\u00f3n popular.<\/p>\n\n\n\n<p class=\"wp-block-paragraph\">el comentario del gobernador ha sido interpretado como una se\u00f1al de que la senadora podr\u00eda estar considerando participar en los comicios de 2027, posiblemente en busca de una gubernatura u otra posici\u00f3n pol\u00edtica relevante.<\/p>\n\n\n\n<p class=\"wp-block-paragraph\">Imelda Castro, por su parte, no respondi\u00f3 p\u00fablicamente al comentario en el acto, que se centr\u00f3 en la reelecci\u00f3n de Jes\u00fas Madue\u00f1a como rector de la UAS para el periodo 2025-2029.<\/p>\n\n\n\n<p class=\"wp-block-paragraph\"><\/p>\n\n\n\n<figure class=\"wp-block-video\"><video height=\"464\" style=\"aspect-ratio: 848 \/ 464;\" width=\"848\" controls src=\"https:\/\/ovelanalista.com\/wp-content\/uploads\/2025\/06\/7d2afc02-3c35-49c6-ae45-a4431a7d3c02-1.mp4\"><\/video><\/figure>\n","protected":false},"excerpt":{"rendered":"<p>Javier Castro Culiac\u00e1n, Sinaloa.\u2013 Durante la ceremonia del Cuarto Informe de Labores y la toma de protesta del rector Jes\u00fas Madue\u00f1a Molina en la Universidad Aut\u00f3noma de Sinaloa (UAS), el gobernador del estado, Rub\u00e9n Rocha Moya, dirigi\u00f3 un comentario llamativo a la senadora morenista Imelda Castro Castro, insinuando una posible aspiraci\u00f3n pol\u00edtica futura. Mientras saludaba a los asistentes al evento solemne, el mandatario estatal se dirigi\u00f3 a la legisladora con quien comparti\u00f3 f\u00f3rmula en el proceso electoral de 2018. Record\u00f3 que \u00e9l dej\u00f3 el Senado para contender por la gubernatura en 2021, mientras que Imelda Castro fue reelecta recientemente en [&hellip;]<\/p>\n","protected":false},"author":3,"featured_media":122857,"comment_status":"closed","ping_status":"open","sticky":false,"template":"","format":"standard","meta":{"_jetpack_newsletter_access":"","_jetpack_dont_email_post_to_subs":false,"_jetpack_newsletter_tier_id":0,"_jetpack_memberships_contains_paywalled_content":false,"_jetpack_feature_clip_id":0,"_jetpack_memberships_contains_paid_content":false,"footnotes":"","jetpack_publicize_message":"","jetpack_publicize_feature_enabled":true,"jetpack_social_post_already_shared":true,"jetpack_social_options":{"image_generator_settings":{"template":"highway","default_image_id":0,"font":"","enabled":false},"version":2},"jetpack_post_was_ever_published":false},"categories":[90,72],"tags":[],"class_list":["post-122858","post","type-post","status-publish","format-standard","has-post-thumbnail","hentry","category-estatal","category-portada","post--single"],"jetpack_publicize_connections":[],"jetpack_featured_media_url":"https:\/\/ovelanalista.com\/wp-content\/uploads\/2025\/06\/06f6808c-ce11-4934-b22a-0647c6bfba49-1.jpg","jetpack_sharing_enabled":true,"_links":{"self":[{"href":"https:\/\/ovelanalista.com\/index.php?rest_route=\/wp\/v2\/posts\/122858","targetHints":{"allow":["GET"]}}],"collection":[{"href":"https:\/\/ovelanalista.com\/index.php?rest_route=\/wp\/v2\/posts"}],"about":[{"href":"https:\/\/ovelanalista.com\/index.php?rest_route=\/wp\/v2\/types\/post"}],"author":[{"embeddable":true,"href":"https:\/\/ovelanalista.com\/index.php?rest_route=\/wp\/v2\/users\/3"}],"replies":[{"embeddable":true,"href":"https:\/\/ovelanalista.com\/index.php?rest_route=%2Fwp%2Fv2%2Fcomments&post=122858"}],"version-history":[{"count":1,"href":"https:\/\/ovelanalista.com\/index.php?rest_route=\/wp\/v2\/posts\/122858\/revisions"}],"predecessor-version":[{"id":122859,"href":"https:\/\/ovelanalista.com\/index.php?rest_route=\/wp\/v2\/posts\/122858\/revisions\/122859"}],"wp:featuredmedia":[{"embeddable":true,"href":"https:\/\/ovelanalista.com\/index.php?rest_route=\/wp\/v2\/media\/122857"}],"wp:attachment":[{"href":"https:\/\/ovelanalista.com\/index.php?rest_route=%2Fwp%2Fv2%2Fmedia&parent=122858"}],"wp:term":[{"taxonomy":"category","embeddable":true,"href":"https:\/\/ovelanalista.com\/index.php?rest_route=%2Fwp%2Fv2%2Fcategories&post=122858"},{"taxonomy":"post_tag","embeddable":true,"href":"https:\/\/ovelanalista.com\/index.php?rest_route=%2Fwp%2Fv2%2Ftags&post=122858"}],"curies":[{"name":"wp","href":"https:\/\/api.w.org\/{rel}","templated":true}]}}