{"id":122861,"date":"2025-06-08T14:52:24","date_gmt":"2025-06-08T20:52:24","guid":{"rendered":"https:\/\/ovelanalista.com\/?p=122861"},"modified":"2025-07-17T10:19:51","modified_gmt":"2025-07-17T16:19:51","slug":"jesus-maduena-molina-presenta-su-cuarto-informe-de-labores-y-rinde-protesta-como-rector-reelecto-de-la-uas","status":"publish","type":"post","link":"https:\/\/ovelanalista.com\/?p=122861","title":{"rendered":"Jes\u00fas Madue\u00f1a Molina presenta su Cuarto Informe de Labores y rinde protesta como Rector reelecto de la UAS"},"content":{"rendered":"\r\n<p class=\"wp-block-paragraph\">Javier Castro<\/p>\r\n\r\n\r\n\r\n<p class=\"wp-block-paragraph\"><strong>Culiac\u00e1n, Sinaloa 08 Jun 2025.\u2013<\/strong> En una sesi\u00f3n solemne del Honorable Consejo Universitario, el doctor Jes\u00fas Madue\u00f1a Molina present\u00f3 este s\u00e1bado su Cuarto Informe de Labores como rector de la Universidad Aut\u00f3noma de Sinaloa (UAS), acto en el que tambi\u00e9n rindi\u00f3 protesta para un segundo periodo al frente de la instituci\u00f3n, correspondiente a los a\u00f1os 2025-2029.<\/p>\r\n\r\n\r\n\r\n<p class=\"wp-block-paragraph\">El evento se llev\u00f3 a cabo en el Auditorio de la Autonom\u00eda Universitaria ante la presencia de la comunidad universitaria, invitados especiales, representantes de diversos sectores de la sociedad y autoridades estatales, entre ellas el gobernador de Sinaloa, doctor Rub\u00e9n Rocha Moya, quien acompa\u00f1\u00f3 al rector durante la ceremonia.<\/p>\r\n\r\n\r\n\r\n<p class=\"wp-block-paragraph\">Durante su informe, el doctor Madue\u00f1a Molina destac\u00f3 los avances y logros alcanzados en el \u00faltimo a\u00f1o de gesti\u00f3n, los cuales est\u00e1n alineados con los seis ejes estrat\u00e9gicos del Plan de Desarrollo Institucional Con Visi\u00f3n de Futuro 2025. Estos ejes abarcan rubros como la calidad acad\u00e9mica, investigaci\u00f3n, cultura, deporte, vinculaci\u00f3n social, gesti\u00f3n administrativa, as\u00ed como transparencia y rendici\u00f3n de cuentas.<\/p>\r\n\r\n\r\n\r\n<p class=\"wp-block-paragraph\">El rector reafirm\u00f3 su compromiso con la defensa de la autonom\u00eda universitaria y con la consolidaci\u00f3n de la UAS como una instituci\u00f3n p\u00fablica de excelencia y con responsabilidad social.<\/p>\r\n\r\n\r\n\r\n<p class=\"wp-block-paragraph\">Con esta reelecci\u00f3n, Jes\u00fas Madue\u00f1a Molina continuar\u00e1 al frente de la m\u00e1xima casa de estudios del estado de Sinaloa por un segundo periodo consecutivo, con la encomienda de fortalecer el desarrollo acad\u00e9mico, cient\u00edfico y social de la universidad en los pr\u00f3ximos cuatro a\u00f1os.<\/p>\r\n","protected":false},"excerpt":{"rendered":"<p>Javier Castro Culiac\u00e1n, Sinaloa 08 Jun 2025.\u2013 En una sesi\u00f3n solemne del Honorable Consejo Universitario, el doctor Jes\u00fas Madue\u00f1a Molina present\u00f3 este s\u00e1bado su Cuarto Informe de Labores como rector de la Universidad Aut\u00f3noma de Sinaloa (UAS), acto en el que tambi\u00e9n rindi\u00f3 protesta para un segundo periodo al frente de la instituci\u00f3n, correspondiente a los a\u00f1os 2025-2029. El evento se llev\u00f3 a cabo en el Auditorio de la Autonom\u00eda Universitaria ante la presencia de la comunidad universitaria, invitados especiales, representantes de diversos sectores de la sociedad y autoridades estatales, entre ellas el gobernador de Sinaloa, doctor Rub\u00e9n Rocha Moya, [&hellip;]<\/p>\n","protected":false},"author":3,"featured_media":122860,"comment_status":"closed","ping_status":"open","sticky":false,"template":"","format":"standard","meta":{"_jetpack_newsletter_access":"","_jetpack_dont_email_post_to_subs":false,"_jetpack_newsletter_tier_id":0,"_jetpack_memberships_contains_paywalled_content":false,"_jetpack_feature_clip_id":0,"_jetpack_memberships_contains_paid_content":false,"footnotes":"","jetpack_publicize_message":"","jetpack_publicize_feature_enabled":true,"jetpack_social_post_already_shared":true,"jetpack_social_options":{"image_generator_settings":{"template":"highway","default_image_id":0,"font":"","enabled":false},"version":2},"jetpack_post_was_ever_published":false},"categories":[90,72],"tags":[],"class_list":["post-122861","post","type-post","status-publish","format-standard","has-post-thumbnail","hentry","category-estatal","category-portada","post--single"],"jetpack_publicize_connections":[],"jetpack_featured_media_url":"https:\/\/ovelanalista.com\/wp-content\/uploads\/2025\/06\/1f30327e-c1cd-4d55-9fd9-0ddce8489558-1.jpg","jetpack_sharing_enabled":true,"_links":{"self":[{"href":"https:\/\/ovelanalista.com\/index.php?rest_route=\/wp\/v2\/posts\/122861","targetHints":{"allow":["GET"]}}],"collection":[{"href":"https:\/\/ovelanalista.com\/index.php?rest_route=\/wp\/v2\/posts"}],"about":[{"href":"https:\/\/ovelanalista.com\/index.php?rest_route=\/wp\/v2\/types\/post"}],"author":[{"embeddable":true,"href":"https:\/\/ovelanalista.com\/index.php?rest_route=\/wp\/v2\/users\/3"}],"replies":[{"embeddable":true,"href":"https:\/\/ovelanalista.com\/index.php?rest_route=%2Fwp%2Fv2%2Fcomments&post=122861"}],"version-history":[{"count":3,"href":"https:\/\/ovelanalista.com\/index.php?rest_route=\/wp\/v2\/posts\/122861\/revisions"}],"predecessor-version":[{"id":125561,"href":"https:\/\/ovelanalista.com\/index.php?rest_route=\/wp\/v2\/posts\/122861\/revisions\/125561"}],"wp:featuredmedia":[{"embeddable":true,"href":"https:\/\/ovelanalista.com\/index.php?rest_route=\/wp\/v2\/media\/122860"}],"wp:attachment":[{"href":"https:\/\/ovelanalista.com\/index.php?rest_route=%2Fwp%2Fv2%2Fmedia&parent=122861"}],"wp:term":[{"taxonomy":"category","embeddable":true,"href":"https:\/\/ovelanalista.com\/index.php?rest_route=%2Fwp%2Fv2%2Fcategories&post=122861"},{"taxonomy":"post_tag","embeddable":true,"href":"https:\/\/ovelanalista.com\/index.php?rest_route=%2Fwp%2Fv2%2Ftags&post=122861"}],"curies":[{"name":"wp","href":"https:\/\/api.w.org\/{rel}","templated":true}]}}