{"id":122864,"date":"2025-06-08T17:27:33","date_gmt":"2025-06-08T23:27:33","guid":{"rendered":"https:\/\/ovelanalista.com\/?p=122864"},"modified":"2025-06-08T17:27:33","modified_gmt":"2025-06-08T23:27:33","slug":"del-microfono-critico-al-apreton-de-manos-willy-ibarra-y-rocha-moya-hacen-las-paces","status":"publish","type":"post","link":"https:\/\/ovelanalista.com\/?p=122864","title":{"rendered":"Del micr\u00f3fono cr\u00edtico al apret\u00f3n de manos: Willy Ibarra y Rocha Moya hacen las paces"},"content":{"rendered":"\n<p class=\"wp-block-paragraph\">Javier Castro <\/p>\n\n\n\n<p class=\"wp-block-paragraph\">Culiac\u00e1n, Sinaloa.\u2013 Como si los desencuentros quedaran atr\u00e1s y la memoria selectiva se impusiera, la ceremonia del Cuarto Informe de Labores y la toma de protesta del rector Jes\u00fas Madue\u00f1a Molina dej\u00f3 entrever un ambiente de aparente armon\u00eda entre actores que, hasta hace no mucho, protagonizaban una relaci\u00f3n marcada por la confrontaci\u00f3n.<\/p>\n\n\n\n<p class=\"wp-block-paragraph\">Uno de los momentos m\u00e1s significativos del evento fue el saludo entre el gobernador de Sinaloa, Rub\u00e9n Rocha Moya, y el comunicador Willy Ibarra, conocido por sus duros se\u00f1alamientos contra el mandatario estatal durante el periodo de mayor tensi\u00f3n entre la Universidad Aut\u00f3noma de Sinaloa (UAS) y el Gobierno del Estado.<\/p>\n\n\n\n<p class=\"wp-block-paragraph\">Ibarra, conductor de Radio UAS, fue una de las voces cr\u00edticas m\u00e1s recurrentes hacia Rocha Moya, especialmente durante el conflicto institucional en el que se acusaba al gobierno de emprender una embestida pol\u00edtica contra la casa de estudios y sus autoridades. Sin embargo, este d\u00eda, ambos se saludaron con cortes\u00eda e incluso compartieron gestos amistosos, lo que muchos interpretaron como una se\u00f1al de distensi\u00f3n.<\/p>\n\n\n\n<p class=\"wp-block-paragraph\">\u201cSomos amigos, aunque nos hayamos peleado\u201d, expres\u00f3 Ibarra en tono coloquial, haciendo eco de un dicho popular: \u201clos hombres no tenemos memoria\u201d. La frase, m\u00e1s all\u00e1 de su carga anecd\u00f3tica, simboliza un giro discursivo que podr\u00eda estar marcando una nueva etapa en la relaci\u00f3n entre ambos actores y, por extensi\u00f3n, entre la UAS y el gobierno estatal.<\/p>\n\n\n\n<p class=\"wp-block-paragraph\">Este episodio no pas\u00f3 desapercibido para quienes siguen de cerca la pol\u00edtica sinaloense. M\u00e1s all\u00e1 del protocolo, la interacci\u00f3n entre Rocha Moya e Ibarra es vista como un indicio de reacomodos estrat\u00e9gicos que podr\u00edan tener repercusiones de cara a futuros escenarios pol\u00edticos, incluidos los comicios de 2027.<\/p>\n\n\n\n<p class=\"wp-block-paragraph\">En un contexto donde la narrativa p\u00fablica ha sido dominada por polarizaci\u00f3n, este gesto de reconciliaci\u00f3n real o simb\u00f3lica invita a preguntarse si se trata de una tregua duradera o de una pausa conveniente. Lo cierto es que, en pol\u00edtica, las enemistades son tan vol\u00e1tiles como las alianzas, y la memoria suele ser un recurso flexible cuando el inter\u00e9s superior o com\u00fan as\u00ed lo exige.<\/p>\n","protected":false},"excerpt":{"rendered":"<p>Javier Castro Culiac\u00e1n, Sinaloa.\u2013 Como si los desencuentros quedaran atr\u00e1s y la memoria selectiva se impusiera, la ceremonia del Cuarto Informe de Labores y la toma de protesta del rector Jes\u00fas Madue\u00f1a Molina dej\u00f3 entrever un ambiente de aparente armon\u00eda entre actores que, hasta hace no mucho, protagonizaban una relaci\u00f3n marcada por la confrontaci\u00f3n. Uno de los momentos m\u00e1s significativos del evento fue el saludo entre el gobernador de Sinaloa, Rub\u00e9n Rocha Moya, y el comunicador Willy Ibarra, conocido por sus duros se\u00f1alamientos contra el mandatario estatal durante el periodo de mayor tensi\u00f3n entre la Universidad Aut\u00f3noma de Sinaloa (UAS) [&hellip;]<\/p>\n","protected":false},"author":3,"featured_media":122863,"comment_status":"closed","ping_status":"open","sticky":false,"template":"","format":"standard","meta":{"_jetpack_newsletter_access":"","_jetpack_dont_email_post_to_subs":false,"_jetpack_newsletter_tier_id":0,"_jetpack_memberships_contains_paywalled_content":false,"_jetpack_feature_clip_id":0,"_jetpack_memberships_contains_paid_content":false,"footnotes":"","jetpack_publicize_message":"","jetpack_publicize_feature_enabled":true,"jetpack_social_post_already_shared":true,"jetpack_social_options":{"image_generator_settings":{"template":"highway","default_image_id":0,"font":"","enabled":false},"version":2},"jetpack_post_was_ever_published":false},"categories":[90,72],"tags":[],"class_list":["post-122864","post","type-post","status-publish","format-standard","has-post-thumbnail","hentry","category-estatal","category-portada","post--single"],"jetpack_publicize_connections":[],"jetpack_featured_media_url":"https:\/\/ovelanalista.com\/wp-content\/uploads\/2025\/06\/f0d18541-7d55-48bb-b0e4-a3f0f582fc0c-1.jpg","jetpack_sharing_enabled":true,"_links":{"self":[{"href":"https:\/\/ovelanalista.com\/index.php?rest_route=\/wp\/v2\/posts\/122864","targetHints":{"allow":["GET"]}}],"collection":[{"href":"https:\/\/ovelanalista.com\/index.php?rest_route=\/wp\/v2\/posts"}],"about":[{"href":"https:\/\/ovelanalista.com\/index.php?rest_route=\/wp\/v2\/types\/post"}],"author":[{"embeddable":true,"href":"https:\/\/ovelanalista.com\/index.php?rest_route=\/wp\/v2\/users\/3"}],"replies":[{"embeddable":true,"href":"https:\/\/ovelanalista.com\/index.php?rest_route=%2Fwp%2Fv2%2Fcomments&post=122864"}],"version-history":[{"count":1,"href":"https:\/\/ovelanalista.com\/index.php?rest_route=\/wp\/v2\/posts\/122864\/revisions"}],"predecessor-version":[{"id":122865,"href":"https:\/\/ovelanalista.com\/index.php?rest_route=\/wp\/v2\/posts\/122864\/revisions\/122865"}],"wp:featuredmedia":[{"embeddable":true,"href":"https:\/\/ovelanalista.com\/index.php?rest_route=\/wp\/v2\/media\/122863"}],"wp:attachment":[{"href":"https:\/\/ovelanalista.com\/index.php?rest_route=%2Fwp%2Fv2%2Fmedia&parent=122864"}],"wp:term":[{"taxonomy":"category","embeddable":true,"href":"https:\/\/ovelanalista.com\/index.php?rest_route=%2Fwp%2Fv2%2Fcategories&post=122864"},{"taxonomy":"post_tag","embeddable":true,"href":"https:\/\/ovelanalista.com\/index.php?rest_route=%2Fwp%2Fv2%2Ftags&post=122864"}],"curies":[{"name":"wp","href":"https:\/\/api.w.org\/{rel}","templated":true}]}}