{"id":122884,"date":"2025-06-09T10:18:39","date_gmt":"2025-06-09T16:18:39","guid":{"rendered":"https:\/\/ovelanalista.com\/?p=122884"},"modified":"2025-06-09T10:18:39","modified_gmt":"2025-06-09T16:18:39","slug":"voces-silenciadas-historias-olvidadas","status":"publish","type":"post","link":"https:\/\/ovelanalista.com\/?p=122884","title":{"rendered":"VOCES SILENCIADAS, HISTORIAS OLVIDADAS"},"content":{"rendered":"<div><strong>Jes\u00fas Octavio Mil\u00e1n Gil\u00a0<\/strong><\/div>\n<div><\/div>\n<div><\/div>\n<div>La libertad de expresi\u00f3n no es solo un derecho, sino el latido del alma que nos recuerda que somos libres para so\u00f1ar, hablar y transformar nuestro destino.<\/div>\n<div><\/div>\n<div><\/div>\n<div>Desde tiempos inmemoriales, la voz humana ha sido el veh\u00edculo m\u00e1s poderoso para expresar nuestro sentir, nuestras ideas, nuestras esperanzas y tambi\u00e9n nuestras l\u00e1grimas. En M\u00e9xico, esa voz ha tenido un significado profundo y permanente, enfrent\u00e1ndose a obst\u00e1culos, censuras y amenazas, pero siempre emergiendo con fuerza y dignidad. La libertad de expresi\u00f3n, consagrada en los art\u00edculos 6 y 7 de la Constituci\u00f3n, no solo es un derecho legal, sino la esencia misma de un pueblo que se niega a ser silenciado.<\/div>\n<div><\/div>\n<div><\/div>\n<div>Una historia de valent\u00eda y resistencia.<\/div>\n<div><\/div>\n<div><\/div>\n<div>En 1968, durante el movimiento estudiantil que sacudi\u00f3 a M\u00e9xico, millones de j\u00f3venes alzaron sus voces en busca de justicia, libertad y democracia. La masacre en Tlatelolco, ocurrida el 2 de octubre, es un recordatorio tr\u00e1gico de c\u00f3mo el poder puede intentar silenciar a quienes buscan expresar sus ideas. Sin embargo, esas voces, aunque reprimidas en aquel momento, sembraron semillas de cambio que florecieron en las d\u00e9cadas posteriores. La valent\u00eda de aquellos j\u00f3venes, que enfrentaron la censura y la represi\u00f3n, ejemplifica c\u00f3mo la libertad de expresi\u00f3n es un acto de amor por la verdad y la justicia.<\/div>\n<div><\/div>\n<div><\/div>\n<div>El poder de una sola voz: la historia de Carmen Aristegui.<\/div>\n<div><\/div>\n<div><\/div>\n<div>Otra historia que inspira es la de Carmen Aristegui, una periodista mexicana que, durante a\u00f1os, ha luchado por mantener viva la voz de la verdad en un pa\u00eds donde la corrupci\u00f3n y la violencia muchas veces buscan acallarla. En 2015, fue despedida de Noticias MVS, despu\u00e9s de denunciar irregularidades en el gobierno y la corrupci\u00f3n en altos niveles. Pero su voz no fue silenciada; ella misma afirm\u00f3: \u201cLa libertad de expresi\u00f3n es un derecho fundamental del ser humano, y no hay poder que pueda arrebat\u00e1rnosla si sabemos defenderla.\u201d Carmen Aristegui personifica c\u00f3mo la valent\u00eda y la responsabilidad en la expresi\u00f3n pueden convertirse en faros de esperanza y justicia.<\/div>\n<div><\/div>\n<div><\/div>\n<div>La historia de Lydia Cacho: una lucha incansable.<\/div>\n<div><\/div>\n<div><\/div>\n<div>Y, para ilustrar a\u00fan m\u00e1s la fuerza de la voz de los que luchan contra la injusticia, est\u00e1 la historia de Lydia Cacho, una periodista y activista mexicana que ha dedicado su vida a denunciar la corrupci\u00f3n, la trata de personas y la impunidad. En 2005, Lydia public\u00f3 un libro titulado Los Demonios del Ed\u00e9n, en el que expon\u00eda una red de pederastia y corrupci\u00f3n vinculada a poderosos en Puebla y Veracruz. Poco despu\u00e9s, fue arrestada y amenazada de muerte, y su vida estuvo en peligro. Sin embargo, no se qued\u00f3 callada. En lugar de retroceder, Lydia continu\u00f3 su labor, enfrentando amenazas y campa\u00f1as de difamaci\u00f3n, y convirti\u00e9ndose en s\u00edmbolo de la valent\u00eda y la resistencia en la lucha por la justicia y la libertad de expresi\u00f3n.<\/div>\n<div><\/div>\n<div><\/div>\n<div>Su historia nos recuerda que la verdadera libertad requiere coraje, perseverancia y compromiso. Lydia Cacho ha demostrado que, aunque el silencio puede parecer una opci\u00f3n f\u00e1cil, la voz valiente y firme puede desafiar a los opresores y abrir caminos hacia un M\u00e9xico m\u00e1s justo. Sus palabras y acciones inspiran a todos a seguir luchando por la verdad, sin importar las amenazas o los obst\u00e1culos.<\/div>\n<div><\/div>\n<div><\/div>\n<div>Ciencia y la libertad: una relaci\u00f3n vital.<\/div>\n<div><\/div>\n<div><\/div>\n<div>Desde un punto de vista cient\u00edfico, la libertad de expresar ideas y pensamientos es esencial para la salud mental y el bienestar social. La Organizaci\u00f3n Mundial de la Salud (OMS) ha destacado que la participaci\u00f3n activa en el di\u00e1logo social y la libre expresi\u00f3n contribuyen a reducir sentimientos de aislamiento y desesperanza. Adem\u00e1s, estudios en neurociencia muestran que expresar lo que sentimos y pensamos libera qu\u00edmicos en nuestro cerebro que mejoran nuestro estado de \u00e1nimo y fortalecen nuestra identidad.<\/div>\n<div><\/div>\n<div><\/div>\n<div>En sociedades donde la libertad de expresi\u00f3n se respeta, se fomenta la innovaci\u00f3n, la creatividad y la resoluci\u00f3n de conflictos a trav\u00e9s del di\u00e1logo. La ciencia confirma que una comunidad que comparte sus ideas con respeto, construye un tejido social m\u00e1s fuerte, m\u00e1s resiliente y m\u00e1s humano.<\/div>\n<div><\/div>\n<div><\/div>\n<div>El riesgo de la censura y la desinformaci\u00f3n.<\/div>\n<div><\/div>\n<div><\/div>\n<div>No obstante, la historia tambi\u00e9n nos advierte sobre los peligros de la censura y la manipulaci\u00f3n. En 2013, el caso de la periodista Lydia Cacho, quien enfrent\u00f3 amenazas y persecuci\u00f3n tras denunciar a poderosos en M\u00e9xico por redes de trata y corrupci\u00f3n, es un ejemplo claro. A pesar de las amenazas, Lydia nunca se call\u00f3, y su ejemplo sirvi\u00f3 para fortalecer la lucha por la libertad de prensa y expresi\u00f3n en el pa\u00eds.<\/div>\n<div><\/div>\n<div><\/div>\n<div>Por otro lado, en la era digital, la propagaci\u00f3n de desinformaci\u00f3n y discursos de odio complican a\u00fan m\u00e1s la protecci\u00f3n de este derecho. La ciencia de la comunicaci\u00f3n nos ense\u00f1a que la informaci\u00f3n puede ser un arma de doble filo: puede unir o dividir, puede construir o destruir. La responsabilidad en el ejercicio de la libertad de expresi\u00f3n es, por tanto, un compromiso \u00e9tico y social, que requiere conciencia y compromiso.<\/div>\n<div><\/div>\n<div><\/div>\n<div>Una promesa de esperanza.<\/div>\n<div><\/div>\n<div><\/div>\n<div>La libertad de expresi\u00f3n en M\u00e9xico, consagrada en la Constituci\u00f3n, es un acto de amor profundo por la vida, por la dignidad y por la justicia. Es la voz de aquellos que, en silencio o en medio del estruendo, luchan por un pa\u00eds donde la voz de todos sea respetada y valorada. Es ese derecho que nos invita a so\u00f1ar con un M\u00e9xico donde la verdad sea siempre la gu\u00eda y la justicia, el destino.<\/div>\n<div><\/div>\n<div><\/div>\n<div>Porque en cada palabra que decimos, en cada idea que compartimos, late la esperanza de un pa\u00eds m\u00e1s justo y humano.<\/div>\n<div><\/div>\n<div><\/div>\n<div>Reflexi\u00f3n final:<\/div>\n<div><\/div>\n<div><\/div>\n<div>En la esencia misma de la libertad de expresi\u00f3n yace una profunda responsabilidad: la de ser guardianes de la verdad, defensores de la justicia y constructores de un mundo donde cada voz tenga un espacio, donde cada idea tenga un valor, donde cada historia sea escuchada con respeto y empat\u00eda. La verdadera libertad no se limita a la simple capacidad de hablar, sino que implica un compromiso \u00e9tico con la dignidad de los dem\u00e1s y con la b\u00fasqueda constante de una sociedad m\u00e1s justa y compasiva.<\/div>\n<div><\/div>\n<div><\/div>\n<div>Porque en la lucha por la libertad de expresi\u00f3n, no solo estamos defendiendo un derecho, sino reafirmando nuestro compromiso con la humanidad, con la justicia y con la esperanza. La historia y la ciencia nos ense\u00f1an que, cuando permitimos que nuestras voces se unan en respeto y verdad, estamos sembrando las semillas de un futuro donde todos puedan vivir con dignidad, en paz y en igualdad.<\/div>\n<div><\/div>\n<div><\/div>\n<div>La libertad de expresi\u00f3n es la llama que ilumina nuestro camino hacia un M\u00e9xico m\u00e1s humano, m\u00e1s justo y m\u00e1s libre.\u00a0 &#8220;El conocimiento no termina aqu\u00ed, contin\u00faa en cada lectura&#8221;.<\/div>\n<div>Nos vemos en la siguiente columna.<\/div>\n","protected":false},"excerpt":{"rendered":"<p>Jes\u00fas Octavio Mil\u00e1n Gil\u00a0 La libertad de expresi\u00f3n no es solo un derecho, sino el latido del alma que nos recuerda que somos libres para so\u00f1ar, hablar y transformar nuestro destino. Desde tiempos inmemoriales, la voz humana ha sido el veh\u00edculo m\u00e1s poderoso para expresar nuestro sentir, nuestras ideas, nuestras esperanzas y tambi\u00e9n nuestras l\u00e1grimas. En M\u00e9xico, esa voz ha tenido un significado profundo y permanente, enfrent\u00e1ndose a obst\u00e1culos, censuras y amenazas, pero siempre emergiendo con fuerza y dignidad. La libertad de expresi\u00f3n, consagrada en los art\u00edculos 6 y 7 de la Constituci\u00f3n, no solo es un derecho legal, sino [&hellip;]<\/p>\n","protected":false},"author":3,"featured_media":120052,"comment_status":"open","ping_status":"open","sticky":false,"template":"","format":"standard","meta":{"_jetpack_newsletter_access":"","_jetpack_dont_email_post_to_subs":false,"_jetpack_newsletter_tier_id":0,"_jetpack_memberships_contains_paywalled_content":false,"_jetpack_feature_clip_id":0,"_jetpack_memberships_contains_paid_content":false,"footnotes":"","jetpack_publicize_message":"","jetpack_publicize_feature_enabled":true,"jetpack_social_post_already_shared":true,"jetpack_social_options":{"image_generator_settings":{"template":"highway","default_image_id":0,"font":"","enabled":false},"version":2},"jetpack_post_was_ever_published":false},"categories":[79],"tags":[],"class_list":["post-122884","post","type-post","status-publish","format-standard","has-post-thumbnail","hentry","category-columnistas-nacionales","post--single"],"jetpack_publicize_connections":[],"jetpack_featured_media_url":"https:\/\/ovelanalista.com\/wp-content\/uploads\/2025\/05\/WhatsApp-Image-2025-05-12-at-10.17.27-AM.jpeg","jetpack_sharing_enabled":true,"_links":{"self":[{"href":"https:\/\/ovelanalista.com\/index.php?rest_route=\/wp\/v2\/posts\/122884","targetHints":{"allow":["GET"]}}],"collection":[{"href":"https:\/\/ovelanalista.com\/index.php?rest_route=\/wp\/v2\/posts"}],"about":[{"href":"https:\/\/ovelanalista.com\/index.php?rest_route=\/wp\/v2\/types\/post"}],"author":[{"embeddable":true,"href":"https:\/\/ovelanalista.com\/index.php?rest_route=\/wp\/v2\/users\/3"}],"replies":[{"embeddable":true,"href":"https:\/\/ovelanalista.com\/index.php?rest_route=%2Fwp%2Fv2%2Fcomments&post=122884"}],"version-history":[{"count":1,"href":"https:\/\/ovelanalista.com\/index.php?rest_route=\/wp\/v2\/posts\/122884\/revisions"}],"predecessor-version":[{"id":122889,"href":"https:\/\/ovelanalista.com\/index.php?rest_route=\/wp\/v2\/posts\/122884\/revisions\/122889"}],"wp:featuredmedia":[{"embeddable":true,"href":"https:\/\/ovelanalista.com\/index.php?rest_route=\/wp\/v2\/media\/120052"}],"wp:attachment":[{"href":"https:\/\/ovelanalista.com\/index.php?rest_route=%2Fwp%2Fv2%2Fmedia&parent=122884"}],"wp:term":[{"taxonomy":"category","embeddable":true,"href":"https:\/\/ovelanalista.com\/index.php?rest_route=%2Fwp%2Fv2%2Fcategories&post=122884"},{"taxonomy":"post_tag","embeddable":true,"href":"https:\/\/ovelanalista.com\/index.php?rest_route=%2Fwp%2Fv2%2Ftags&post=122884"}],"curies":[{"name":"wp","href":"https:\/\/api.w.org\/{rel}","templated":true}]}}