{"id":122892,"date":"2025-06-09T10:38:22","date_gmt":"2025-06-09T16:38:22","guid":{"rendered":"https:\/\/ovelanalista.com\/?p=122892"},"modified":"2025-06-09T10:38:22","modified_gmt":"2025-06-09T16:38:22","slug":"se-abandono-la-pacificacion-de-sinaloa-la-exitosa-eleccion-desairada-el-periodismo-y-la-sociedad","status":"publish","type":"post","link":"https:\/\/ovelanalista.com\/?p=122892","title":{"rendered":"\u00bfSe abandon\u00f3 la pacificaci\u00f3n de Sinaloa?; la \u201cexitosa\u201d elecci\u00f3n desairada; el periodismo y la sociedad"},"content":{"rendered":"<div><strong>DOMINGRILLA<\/strong><\/div>\n<div><\/div>\n<div>\u00bfSe abandon\u00f3 la pacificaci\u00f3n de Sinaloa?; la \u201cexitosa\u201d elecci\u00f3n desairada; el periodismo y la sociedad<\/div>\n<div><\/div>\n<div><\/div>\n<div><\/div>\n<div><strong>FRANCISCO CHIQUETE<\/strong><\/div>\n<div><\/div>\n<div>\u00bfQu\u00e9 pasa con la guerra del c\u00e1rtel de Sinaloa? \u00bfAbandon\u00f3 el gobierno sus anunciados esfuerzos de pacificaci\u00f3n en el estado?<\/div>\n<div><\/div>\n<div>No estamos diciendo que hayan regresado los abrazos y no balazos, pero s\u00ed que las acciones del Ej\u00e9rcito y la Guardia Nacional tienen m\u00e1s que ver con la defensa de sus elementos y con la b\u00fasqueda de extraditables, de gente que tenga un gran valor medi\u00e1ticos para demostrar a Estados Unidos que s\u00ed hay voluntad de combatir al narcotr\u00e1fico.<\/div>\n<div><\/div>\n<div>Lo primero es bueno porque en algo limita la terrible libertad de que gozaron los grupos delictivos. El entonces presidente Andr\u00e9s Manuel L\u00f3pez Obrador lo dijo con todas sus letras en varias ma\u00f1aneras, ya con la guerra interna declarada: estamos enviando m\u00e1s elementos a Sinaloa, van con la instrucci\u00f3n de evitar los enfrentamientos.<\/div>\n<div><\/div>\n<div>Tras el relevo presidencial, las cosas cambiaron y las agresiones son respondidas puntualmente por las fuerzas armadas, y aunque se siguen dando bajas entre las filas oficiales, la mayor parte de los balances son\u00a0 negativos para las bandas.<\/div>\n<div><\/div>\n<div>A pesar de eso, las ejecuciones se siguen dando en nuestras ciudades, lo mismo que las agresiones a domicilios particulares y la aparici\u00f3n de retenes en carreteras locales y a veces hasta en las federales. Ha habido casos sonados de ejecuciones, como el jefe de sicarios de los Chapitos, pero no ha habido acci\u00f3n para desmontar el ej\u00e9rcito irregular del c\u00e1rtel en cualquiera de sus expresiones.<\/div>\n<div><\/div>\n<div>En las \u00faltimas semanas se ha recrudecido la ola de robos de veh\u00edculos a particulares e incluso se han incrementado los casos de violencia contra esas v\u00edctimas, sin que la autoridad salga por lo menos a ofrecer soluciones. Eso s\u00ed: cuando se encuentran un veh\u00edculo robado, lo anuncian urbi et orbi, como si hubiese sido producto de una investigaci\u00f3n exitosa, y no el simple abandono de parte de los ladrones.<\/div>\n<div><\/div>\n<div>En el colmo de los colmos, hemos visto al gobernador lamentando que a pesar de la intensificaci\u00f3n de los esculques en el penal de Culiac\u00e1n, siguen apareciendo armas y objetos prohibidos, como si nadie vigilara las entradas. Si no hay capacidad para medianamente controlar un espacio cerrado como ese, mucho menos la va a haber para enfrentar una guerra de guerrillas como la que desarrollan las partes en pugna.<\/div>\n<div><\/div>\n<div>Pero si a usted le angustia encontrarse con este tipo de an\u00e1lisis, le recomendamos sintonizar la ma\u00f1anera de los martes y las conferencias del funcionario feliz de Sinaloa, para que le inyecten un optimismo desbordante.<\/div>\n<div><\/div>\n<div>OBJETIVO LOGRADO,<\/div>\n<div><\/div>\n<div>VOTOS AUSENTES<\/div>\n<div><\/div>\n<div>Los primeros reportes de la votaci\u00f3n ocurrida el domingo pasado alarmaron a las autoridades sinaloenses. A las diez de la ma\u00f1ana se ech\u00f3 mano de las listas de promotores primero, y de cuadros morenistas confiables y distinguidos despu\u00e9s, para urgirlos a movilizar votantes, porque \u201cla abstenci\u00f3n est\u00e1 de la chingada\u201d.<\/div>\n<div><\/div>\n<div>Pero conforme pasaron las horas, todo mundo alcanz\u00f3 la tranquilidad, no porque hubiese mejorado la afluencia de votantes, sino porque llegaron noticias de que la situaci\u00f3n era exactamente la misma en todo el pa\u00eds.<\/div>\n<div><\/div>\n<div>Aqu\u00ed, como en todas partes, el resultado final compens\u00f3 la escasa legitimidad del proceso: los pocos que s\u00ed fueron, en su inmensa mayor\u00eda beneficiarios de los programas sociales, cumplieron con la instrucci\u00f3n de votar seg\u00fan la instrucci\u00f3n bajada a trav\u00e9s del acorde\u00f3n. Aqu\u00ed se sigui\u00f3 la l\u00ednea de Ad\u00e1n Augusto L\u00f3pez Hern\u00e1ndez, de acuerdo con las cifras oficiales.<\/div>\n<div><\/div>\n<div>Lo que va a estar en chino es bajar el enojo de la Ministra del Pueblo, Lenia Batres, quien pese a sus lagunas jur\u00eddicas, ya se sent\u00eda amarrada como primera presidenta de la Suprema Corte del Bienestar. Nadie sabe por qu\u00e9 se cay\u00f3 de la liana, pues se supon\u00eda que en reaparecido Andr\u00e9s Manuel L\u00f3pez Obrador la estaba impulsando, y en cambio la desplazaron con el concurso de los gobernadores morenistas de Oaxaca, Tabasco, Campeche y Quintana Roo.<\/div>\n<div><\/div>\n<div>Esta elecci\u00f3n le dej\u00f3 al gobierno el \u00e9xito en su cometido de quedarse con los tres poderes de la Uni\u00f3n. De hoy en adelante no habr\u00e1 m\u00e1s rechazos inesperados a las leyes del Congreso ultramorenista, aunque para ello haya sido necesario perder la poca verg\u00fcenza que les quedaba y negar sin mucha convicci\u00f3n la paternidad de las trampas electorales que aplicaron a manos llenas, y que ahora defienden como logros democr\u00e1ticos incomparables.<\/div>\n<div><\/div>\n<div>Ya que presenciamos el regreso al pasado, cuando el gobierno hac\u00eda lo que quer\u00eda con las elecciones, volvamos tambi\u00e9n nosotros a las reacciones ciudadanas y como en su tiempo hac\u00eda don Jes\u00fas Mart\u00ednez Palillo, fustiguemos a los inverecundos.<\/div>\n<div><\/div>\n<div>UN RECONOCIMIENTO<\/div>\n<div><\/div>\n<div>Y UNA HISTORIA<\/div>\n<div><\/div>\n<div>Ayer el comit\u00e9 promotor del Galard\u00f3n Period\u00edstico Sa\u00fal Guevara Nava reconoci\u00f3 a casi tres decenas de compa\u00f1eros que en diversos tiempos y en diversos medios hemos ejercido el periodismo. Agradecemos profundamente a Susana Cazadero y su equipo de colaboradores, este reconocimiento por los 51 a\u00f1os que tenemos en el ejercicio de este oficio fascinante.<\/div>\n<div><\/div>\n<div>Como ah\u00ed dijeron algunos participantes, es mucho m\u00e1s gratificante cuando el reconocimiento viene de los propios integrantes del gremio, sin m\u00e1s inter\u00e9s que el de la convivencia y el est\u00edmulo a quienes nosotros mismos hemos visto desempe\u00f1arse.<\/div>\n<div><\/div>\n<div>Recordar a Sa\u00fal Guevara es recordar a un muchacho que abraz\u00f3 la profesi\u00f3n con mucho cari\u00f1o y entusiasmo. En su tiempo las redacciones de El Sol del Pac\u00edfico y Noroeste vivimos un periodo de intensa competencia profesional, en que nadie quer\u00eda dejarse ganar una nota, por m\u00ednima que fuese. Sa\u00fal y Fernando Zepeda formaron una dupla contra la que hab\u00eda que trabajar muy duro para salir avante.<\/div>\n<div><\/div>\n<div>Los tiempos han cambiado. Los reporteros de la actualidad tienen una mayor capacitaci\u00f3n de el manejo de los medios digitales, en los que les ha tocado desempe\u00f1arse, y como en cada \u00e9poca, surgen chamacas y chamacos entusiastas que van por todo, y en esa labor arrastran al resto del gremio.<\/div>\n<div><\/div>\n<div>En la ceremonia de ayer hicimos un reconocimiento a los periodistas de todo ele estado, pero en especial a los de Culiac\u00e1n, que ejercen la labor pr\u00e1cticamente en terreno minado, a expensas de los humores o urgencias de los sicarios y sus jefes. Hay que tener mucho amor al oficio para seguir adelante, como ellos siguen, a pesar de los costos que ya hemos pagado como gremio, con casos lejanos como el de Manuel Burgue\u00f1o Ordu\u00f1o, o de Humberto Mill\u00e1n, \u00d3scar Rivera; y recientes, como los de Javier Valdez y Luis Enrique Ram\u00edrez.<\/div>\n<div><\/div>\n<div>Son las condiciones prevalecientes, junto con las que genera un r\u00e9gimen reacio a la cr\u00edtica, con pretensiones de imponer una sola voz y que ya alista su controvertida Ley Censura.<\/div>\n<div><\/div>\n<div>Con todo y eso, el periodismo es importante para el desarrollo de la sociedad, y es apasionante para quien lo ejerce.<\/div>\n","protected":false},"excerpt":{"rendered":"<p>DOMINGRILLA \u00bfSe abandon\u00f3 la pacificaci\u00f3n de Sinaloa?; la \u201cexitosa\u201d elecci\u00f3n desairada; el periodismo y la sociedad FRANCISCO CHIQUETE \u00bfQu\u00e9 pasa con la guerra del c\u00e1rtel de Sinaloa? \u00bfAbandon\u00f3 el gobierno sus anunciados esfuerzos de pacificaci\u00f3n en el estado? No estamos diciendo que hayan regresado los abrazos y no balazos, pero s\u00ed que las acciones del Ej\u00e9rcito y la Guardia Nacional tienen m\u00e1s que ver con la defensa de sus elementos y con la b\u00fasqueda de extraditables, de gente que tenga un gran valor medi\u00e1ticos para demostrar a Estados Unidos que s\u00ed hay voluntad de combatir al narcotr\u00e1fico. Lo primero es [&hellip;]<\/p>\n","protected":false},"author":3,"featured_media":92502,"comment_status":"open","ping_status":"open","sticky":false,"template":"","format":"standard","meta":{"_jetpack_newsletter_access":"","_jetpack_dont_email_post_to_subs":false,"_jetpack_newsletter_tier_id":0,"_jetpack_memberships_contains_paywalled_content":false,"_jetpack_feature_clip_id":0,"_jetpack_memberships_contains_paid_content":false,"footnotes":"","jetpack_publicize_message":"","jetpack_publicize_feature_enabled":true,"jetpack_social_post_already_shared":true,"jetpack_social_options":{"image_generator_settings":{"template":"highway","default_image_id":0,"font":"","enabled":false},"version":2},"jetpack_post_was_ever_published":false},"categories":[104],"tags":[],"class_list":["post-122892","post","type-post","status-publish","format-standard","has-post-thumbnail","hentry","category-columnistas-estatales","post--single"],"jetpack_publicize_connections":[],"jetpack_featured_media_url":"https:\/\/ovelanalista.com\/wp-content\/uploads\/2024\/03\/1DOMINGRILLA-1-300x188-1.png","jetpack_sharing_enabled":true,"_links":{"self":[{"href":"https:\/\/ovelanalista.com\/index.php?rest_route=\/wp\/v2\/posts\/122892","targetHints":{"allow":["GET"]}}],"collection":[{"href":"https:\/\/ovelanalista.com\/index.php?rest_route=\/wp\/v2\/posts"}],"about":[{"href":"https:\/\/ovelanalista.com\/index.php?rest_route=\/wp\/v2\/types\/post"}],"author":[{"embeddable":true,"href":"https:\/\/ovelanalista.com\/index.php?rest_route=\/wp\/v2\/users\/3"}],"replies":[{"embeddable":true,"href":"https:\/\/ovelanalista.com\/index.php?rest_route=%2Fwp%2Fv2%2Fcomments&post=122892"}],"version-history":[{"count":1,"href":"https:\/\/ovelanalista.com\/index.php?rest_route=\/wp\/v2\/posts\/122892\/revisions"}],"predecessor-version":[{"id":122902,"href":"https:\/\/ovelanalista.com\/index.php?rest_route=\/wp\/v2\/posts\/122892\/revisions\/122902"}],"wp:featuredmedia":[{"embeddable":true,"href":"https:\/\/ovelanalista.com\/index.php?rest_route=\/wp\/v2\/media\/92502"}],"wp:attachment":[{"href":"https:\/\/ovelanalista.com\/index.php?rest_route=%2Fwp%2Fv2%2Fmedia&parent=122892"}],"wp:term":[{"taxonomy":"category","embeddable":true,"href":"https:\/\/ovelanalista.com\/index.php?rest_route=%2Fwp%2Fv2%2Fcategories&post=122892"},{"taxonomy":"post_tag","embeddable":true,"href":"https:\/\/ovelanalista.com\/index.php?rest_route=%2Fwp%2Fv2%2Ftags&post=122892"}],"curies":[{"name":"wp","href":"https:\/\/api.w.org\/{rel}","templated":true}]}}