{"id":122893,"date":"2025-06-09T10:37:11","date_gmt":"2025-06-09T16:37:11","guid":{"rendered":"https:\/\/ovelanalista.com\/?p=122893"},"modified":"2025-06-09T10:37:11","modified_gmt":"2025-06-09T16:37:11","slug":"en-el-blanco-por-fernando-zepeda-h-7","status":"publish","type":"post","link":"https:\/\/ovelanalista.com\/?p=122893","title":{"rendered":"En el blanco por Fernando Zepeda H."},"content":{"rendered":"<p><strong>*A nueve meses de iniciada esta narcoguerra, la pregunta es: \u201cPor cuanto tiempo m\u00e1s resistir\u00e1 Sinaloa?<\/strong><br \/>\n<strong>*La Presidenta de la Republica y el Gobernador saben que tienen que poner en practicas nuevas medidas para lograr que Sinaloa recupere la tranquilidad y se camine hacia su recuperaci\u00f3n econ\u00f3mica<\/strong><br \/>\n<strong>*El mes de junio pinta a convertirse en el m\u00e1s sangriento de esta narcoguerra que inicio en septiembre del 2024. En tan solo seis d\u00edas se registraron 51 asesinatos. 8.5 diarios<\/strong><br \/>\n<strong>*Contrario a este escenario de violencia, la alcaldesa de\u00a0<a class=\"google-anno\" href=\"https:\/\/sinaloaenlinea.com\/en-el-blanco-por-fernando-zepeda-h-388\/#\" data-google-vignette=\"false\" data-google-interstitial=\"false\">\u00a0<span class=\"google-anno-t\">Mazatl\u00e1n<\/span><\/a>\u00a0declar\u00f3 que \u201cjunio arranca con el pie derecho\u201d. Y menciona eventos y destaca una supuesta derrama estimada en 500 millones<\/strong><br \/>\n<strong>*Observadores de la OEA estuvieron en M\u00e9xico siguiendo las elecciones del poder judicial. Recomendaron no replicarlos en Am\u00e9rica. Al Gobierno mexicano no le gusto<\/strong><br \/>\n<strong>*Merecido reconocimiento a compa\u00f1eros periodistas de\u00a0<a class=\"google-anno\" href=\"https:\/\/sinaloaenlinea.com\/en-el-blanco-por-fernando-zepeda-h-388\/#\" data-google-vignette=\"false\" data-google-interstitial=\"false\">\u00a0<span class=\"google-anno-t\">Mazatl\u00e1n<\/span><\/a>\u00a0y en Culiac\u00e1n a 12 locutores \u201cinsignias\u201d de esos que ya no se dan en maseta<\/strong><br \/>\n<strong>*Recordaron en este \u201c7 de junio\u201d los or\u00edgenes de los gobernadores Juan S. Mill\u00e1n y Jes\u00fas Aguilar Padilla, ambos locutores\u2026Y de los buenos<\/strong><br \/>\n<strong>*El gobierno municipal regalar\u00e1 a los mazatlecos un \u201cd\u00eda sin agua\u201d. En pleno calor, la Jumapam suspender\u00e1 hoy el suministro de agua potable<\/strong><\/p>\n<p><strong>Sinaloa resiste, \u00bfpor cu\u00e1nto tiempo?.<\/strong>\u00a0Ma\u00f1ana se cumplen nueve meses de esta narcoguerra. Nadie la vio venir. Ni el Gobierno y mucho menos los sinaloenses. La detono un caso fortuito, de diferencias e intereses personales de los dos grupos que integran el Cartel de Sinaloa. La entrega de Ismael \u201cEl Mayo\u201d Zambada al gobierno estadounidense el 25 de julio del 2024, sacudi\u00f3 no solo al crimen organizado, tambi\u00e9n cimbr\u00f3 las estructuras de un gobierno federal que no cuido las m\u00ednimas formas de c\u00f3mo tratar a los carteles mexicanos, de como aplicar simple y llanamente la Ley y en su discurso envi\u00f3 un mensaje de permisividad que disparo la impunidad y que territorios enteros del pa\u00eds fueran tomados bajo el control de los grupos criminales.<\/p>\n<p><img class=\"alignnone size-full wp-image-201758\" alt=\"\" \/><iframe loading=\"lazy\" src=\"https:\/\/www.facebook.com\/plugins\/post.php?href=https%3A%2F%2Fweb.facebook.com%2FAdrianLGOfficial%2Fposts%2Fpfbid01SatkEQfMNFkLpWvgv88F56DRuowisJERGB74eperpYc7UjHNdFyKk1cT16DTo6Xl&amp;show_text=false&amp;width=500\" width=\"500\" height=\"250\" frameborder=\"0\" scrolling=\"no\" allowfullscreen=\"allowfullscreen\" data-mce-fragment=\"1\"><\/iframe><\/p>\n<p>Los hechos del 25 de julio del 2024 tuvieron efectos directos en gobierno y sociedad de Sinaloa. La crisis de inseguridad se fue alargando hasta volverse cr\u00f3nica. La intervenci\u00f3n primero de las fuerzas estatales fuero rebasadas casi de inmediato cuando el 9 de septiembre estallo el enfrentamiento entre \u201cChapitos\u201d y \u201cMayos\u201d. Fue cuando intervino directamente el Gobierno Federal. L\u00f3pez Obrador todav\u00eda como Presidente intento sin lograrlo tranquilizar las aguas.<\/p>\n<p><iframe loading=\"lazy\" src=\"https:\/\/www.facebook.com\/plugins\/post.php?href=https%3A%2F%2Fweb.facebook.com%2FSECC.288%2Fposts%2Fpfbid034pcdwaMnujzHxwwSzrc7ynwQn719DDC2UegPvNvPmxXouLsexNgbLF9YskMeSDMSl&amp;show_text=false&amp;width=500\" width=\"500\" height=\"250\" frameborder=\"0\" scrolling=\"no\" allowfullscreen=\"allowfullscreen\" data-mce-fragment=\"1\"><\/iframe><\/p>\n<p>Lleg\u00f3 Claudia Sheinbaum y con ello la herencia que recibi\u00f3 de su antecesor. Un pa\u00eds envuelto en una guerra sangrienta entre carteles de la droga que paleaban sus territorios. Y Sinaloa inmerso en una guerra sangrienta, sin dar ni pedir cuartel. De poco ha servido concentrar miles de militares en Sinaloa. De desplazar a cientos de la Guardia Nacional al estado. De hacer presencia con decenas de veh\u00edculos militares. Nada ha logrado acabar con esta guerra.<\/p>\n<p><img class=\"alignnone size-full wp-image-201759\" alt=\"\" \/><iframe loading=\"lazy\" src=\"https:\/\/www.facebook.com\/plugins\/video.php?height=316&amp;href=https%3A%2F%2Fwww.facebook.com%2FMeganoticiasculiacan%2Fvideos%2F1251719436617840%2F&amp;show_text=false&amp;width=560&amp;t=0\" width=\"560\" height=\"316\" frameborder=\"0\" scrolling=\"no\" allowfullscreen=\"allowfullscreen\" data-mce-fragment=\"1\"><\/iframe><\/p>\n<p>El numero de personas muertas rebasan los mil 400, el de desaparecidos igual y le estratosf\u00e9rica cantidad de despojo de veh\u00edculos que vuela para rebasar las cinco mil unidades, son la numeraria sangrienta de esta inseguridad que los sinaloenses de bien se niegan a aceptar como una \u201crealidad\u201d a la que se tienen que resignar. Paralelamente a los sangrientos enfrentamientos, la debacle econ\u00f3mica, que no solo afecta a los municipios que se convirtieron en arena para dirimir sus diferencias de los dos grupos en pugna. Los efectos los vive todo Sinaloa. Unos municipios m\u00e1s que otros, pero al final es en todos. Algunos empresarios consideran que la recuperaci\u00f3n econ\u00f3mica, particularmente de la capital del estado, tendr\u00e1 que pasar por varios a\u00f1os. Y transitar por acciones y programas efectivos de gobierno para mitigar el gran da\u00f1o que hoy enfrentan.<\/p>\n<p>&nbsp;<\/p>\n<p>Hay empresarios, peque\u00f1os empresarios, comerciantes de todos los tama\u00f1os y ciudadanos que le apuestan a sacar de este atolladero a Sinaloa. Pero saben que no ser\u00e1 f\u00e1cil. Hay voces que proponen posponer a todas las empresas los plazos de pago de impuestos. Hay quienes hablan de condonaci\u00f3n de los mismos. Algunos empresarios recortaron su plantilla laboral. Otros hablaron con sus trabajadores y redujeron los d\u00edas de labores sin goce de sueldo, pero manteniendo sus respectivas plazas. Pero hay decenas de empresas y comercios que no soportaron la crisis y tuvieron que bajar sus cortinas. Se acabaron sus capitales. Se agoto su paciencia. No hubo o no encontraron otro camino. A todos ellos el gobierno en todas sus instancias bien pudiera armar un programa de rescate. Ma\u00f1ana lunes se cumplen 9 meses de esta grave crisis de inseguridad que de una forma u otra ha golpeado a todos. En manos de la Presidenta Claudia Sheinbaum y del Gobernador Rub\u00e9n Rocha Moya est\u00e1 encontrar la soluci\u00f3n. \u00bfCu\u00e1nto tiempo m\u00e1s aguantar\u00e1 Sinaloa?.<\/p>\n<p><strong>Junio pinta muy mal.<\/strong>\u00a0En materia de inseguridad y asesinatos, el mes de junio en Sinaloa pinta que pudiera ser uno de los m\u00e1s sangrientos de los \u00faltimos meses. Y es que, en los primeros seis d\u00edas de este mes de junio, los reportes oficiales dan cuenta de 51 homicidios dolosos. Un promedio de 8.5 casos diarios.<\/p>\n<p><iframe loading=\"lazy\" src=\"https:\/\/www.facebook.com\/plugins\/post.php?href=https%3A%2F%2Fwww.facebook.com%2Fpermalink.php%3Fstory_fbid%3Dpfbid0X5LKKpRk2p9PQHK2eB59KBw9vminSwdaiegiP5JbxAAkAhUXYKcsEY96n14GY8Bkl%26id%3D61572390176647&amp;show_text=false&amp;width=500\" width=\"500\" height=\"310\" frameborder=\"0\" scrolling=\"no\" allowfullscreen=\"allowfullscreen\" data-mce-fragment=\"1\"><\/iframe><\/p>\n<p>Tan solo el viernes pasado, los registros oficiales arrojaron el asesinato de 14 personas. Estos sin contar los hallazgos de restos humanos reportados por las organizaciones de rastreadoras. El nivel de violencia en esta narcoguerra en lugar de disminuir va al alza. Los 51 homicidios dolosos en los primeros seis d\u00edas de junio superan el promedio diario que se registr\u00f3 en mayo que cerro con un total de 188 asesinatos. Negro y sangriento panorama para este mes de junio.<\/p>\n<p><strong>Contrario al escenario violento.<\/strong>\u00a0Para la alcaldesa de\u00a0<a class=\"google-anno\" href=\"https:\/\/sinaloaenlinea.com\/en-el-blanco-por-fernando-zepeda-h-388\/#\" data-google-vignette=\"false\" data-google-interstitial=\"false\">\u00a0<span class=\"google-anno-t\">Mazatl\u00e1n<\/span><\/a>\u00a0Estrella Palacios, el escenario de violencia que se esta enfrentando en estos primeros d\u00edas de junio, pareciera no saberlo. Al contrario, ayer Palacios declaro que el mes de junio ser\u00e1 \u201catractivo y de bonanza\u201d.\u00a0<a class=\"google-anno\" href=\"https:\/\/sinaloaenlinea.com\/en-el-blanco-por-fernando-zepeda-h-388\/#\" data-google-vignette=\"false\" data-google-interstitial=\"false\">\u00a0<span class=\"google-anno-t\">Mazatl\u00e1n<\/span><\/a>\u00a0dijo \u201ccomenz\u00f3 con el pie derecho junio\u201d. Y es que la alcaldesa solo ve y toma en cuenta el peque\u00f1o \u201cmundo\u201d que es Mazatl\u00e1n al asegurar que en junio se tienen contemplados eventos que promover\u00e1n el arribo de visitantes y una derrama econ\u00f3mica que ella estima habr\u00e1 de superar los 500 millones de pesos.<\/p>\n<p><iframe loading=\"lazy\" src=\"https:\/\/www.facebook.com\/plugins\/post.php?href=https%3A%2F%2Fwww.facebook.com%2Fphoto.php%3Ffbid%3D675383755492367%26set%3Da.114122708285144%26type%3D3&amp;show_text=true&amp;width=500\" width=\"500\" height=\"709\" frameborder=\"0\" scrolling=\"no\" allowfullscreen=\"allowfullscreen\" data-mce-fragment=\"1\"><\/iframe><\/p>\n<p>Mazatl\u00e1n es parte de Sinaloa, no se puede ni debe separar. Esto a pesar de que este fin de semana el puerto recibi\u00f3 una gran cantidad de visitantes. Tan solo de la AA fueron alrededor de 20 mil que acudieron a su reuni\u00f3n nacional. Tambi\u00e9n que diga que esta garantizada la seguridad en Mazatl\u00e1n es todo un riesgo. Basta ver a Culiac\u00e1n, atascado de militares y las balaceras, asesinatos, levantones y despojos de veh\u00edculos, est\u00e1n imparables.<\/p>\n<p><strong>No les gusto.<\/strong>\u00a0Observadores electorales de la OEA emitieron un resolutivo que para nada agrado a Palacio Nacional. La OEA recomend\u00f3 que elecciones como la realizada en M\u00e9xico para nombrar a jueces y magistrados, no debe replicarse en Am\u00e9rica por la simple raz\u00f3n de que carecieron de toda transparencia. Esto pues molest\u00f3 al gobierno mexicano que a trav\u00e9s de la Secretaria de relaciones Exteriores calific\u00f3 como una \u201cextralimitaci\u00f3n\u201d de los comisionados de la OEA. Desde afuera del pa\u00eds, ya se dieron cuenta de que la elecci\u00f3n del poder judicial no cumpli\u00f3 con los m\u00ednimos necesarios de democracia y legalidad. Los de adentro, se siguen enga\u00f1ando solos.<\/p>\n<p>&nbsp;<\/p>\n<p><strong>Merecidos reconocimientos.<\/strong>\u00a0En Culiac\u00e1n y Mazatl\u00e1n se otorgaron reconocimientos a la trayectoria period\u00edstica y a la locuci\u00f3n. En la capital del estado 12 locutores \u201cinsignias\u201d de esos que ya no se dan en maseta, fueron reconocidos. Un reconocimiento especial recibi\u00f3 los exgobernadores Juan S. Mill\u00e1n Liz\u00e1rraga y Jes\u00fas Aguilar Padilla (EPD) por que ambos antes de ser pol\u00edticos y mucho antes de convertirse en gobernadores, tuvieron un destaco desempe\u00f1o como locutores de la radio. El Gobierno del Estado a trav\u00e9s de la Coordinaci\u00f3n de Comunicaci\u00f3n Social que encabeza Adriana Ochoa del Toro rindi\u00f3 un merecido reconocimiento a 12 de los locutores \u201cInsignias\u201d de Sinaloa,<\/p>\n<p><img class=\"alignnone size-full wp-image-201760\" alt=\"\" \/><img class=\"alignnone size-full wp-image-201761\" alt=\"\" \/><\/p>\n<p>Dos de ellos de ac\u00e1 de Mazatl\u00e1n. Jes\u00fas Manuel Mel\u00e9ndez Franco, locutor y exl\u00edder del Sindicato de Trabajadores de la Industria de la Radio y a Jos\u00e9 Ram\u00f3n Flores por muchos a\u00f1os la \u201cvoz\u201d de los encuentros de beisbol de Venados de Mazatl\u00e1n. Y en el puerto, el comit\u00e9 organizador de los premios y carrera pedestre \u201cSaul Guevara Nava\u201d reconoci\u00f3 a periodistas de todo el estado por su trayectoria en los medios de comunicaci\u00f3n. Para todos ellos, nuestras felicitaciones. M\u00e1s que merecidos los reconocimientos recibidos.<\/p>\n<p><strong>La mitad de Mazatl\u00e1n quedara si agua.<\/strong>\u00a0En plena ola de intenso calor, la Junta Municipal de Agua Potable (Jumapam) dejar\u00e1 sin el suministro de ese vital liquido a casi la mitad del puerto. Seg\u00fan dieron a conocer las autoridades, la suspensi\u00f3n del suministro de agua potable se debe a la realizaci\u00f3n de trabajos en uno de los m\u00e1s importantes tanques de almacenamiento ubicado en la colonia Flores Mag\u00f3n. La suspensi\u00f3n comenzar\u00e1 a las nueve de la ma\u00f1ana de hoy y terminar\u00e1 seg\u00fan ellos para las tres de la tarde. En pleno domingo, en pleno calor y con cientos de familias que est\u00e1n de visita en el puerto.<\/p>\n","protected":false},"excerpt":{"rendered":"<p>*A nueve meses de iniciada esta narcoguerra, la pregunta es: \u201cPor cuanto tiempo m\u00e1s resistir\u00e1 Sinaloa? *La Presidenta de la Republica y el Gobernador saben que tienen que poner en practicas nuevas medidas para lograr que Sinaloa recupere la tranquilidad y se camine hacia su recuperaci\u00f3n econ\u00f3mica *El mes de junio pinta a convertirse en el m\u00e1s sangriento de esta narcoguerra que inicio en septiembre del 2024. En tan solo seis d\u00edas se registraron 51 asesinatos. 8.5 diarios *Contrario a este escenario de violencia, la alcaldesa de\u00a0\u00a0Mazatl\u00e1n\u00a0declar\u00f3 que \u201cjunio arranca con el pie derecho\u201d. Y menciona eventos y destaca una [&hellip;]<\/p>\n","protected":false},"author":3,"featured_media":92500,"comment_status":"open","ping_status":"open","sticky":false,"template":"","format":"standard","meta":{"_jetpack_newsletter_access":"","_jetpack_dont_email_post_to_subs":false,"_jetpack_newsletter_tier_id":0,"_jetpack_memberships_contains_paywalled_content":false,"_jetpack_feature_clip_id":0,"_jetpack_memberships_contains_paid_content":false,"footnotes":"","jetpack_publicize_message":"","jetpack_publicize_feature_enabled":true,"jetpack_social_post_already_shared":true,"jetpack_social_options":{"image_generator_settings":{"template":"highway","default_image_id":0,"font":"","enabled":false},"version":2},"jetpack_post_was_ever_published":false},"categories":[104],"tags":[],"class_list":["post-122893","post","type-post","status-publish","format-standard","has-post-thumbnail","hentry","category-columnistas-estatales","post--single"],"jetpack_publicize_connections":[],"jetpack_featured_media_url":"https:\/\/ovelanalista.com\/wp-content\/uploads\/2024\/03\/Fernando-Zepeda-Hurtado-300x150-1.png","jetpack_sharing_enabled":true,"_links":{"self":[{"href":"https:\/\/ovelanalista.com\/index.php?rest_route=\/wp\/v2\/posts\/122893","targetHints":{"allow":["GET"]}}],"collection":[{"href":"https:\/\/ovelanalista.com\/index.php?rest_route=\/wp\/v2\/posts"}],"about":[{"href":"https:\/\/ovelanalista.com\/index.php?rest_route=\/wp\/v2\/types\/post"}],"author":[{"embeddable":true,"href":"https:\/\/ovelanalista.com\/index.php?rest_route=\/wp\/v2\/users\/3"}],"replies":[{"embeddable":true,"href":"https:\/\/ovelanalista.com\/index.php?rest_route=%2Fwp%2Fv2%2Fcomments&post=122893"}],"version-history":[{"count":1,"href":"https:\/\/ovelanalista.com\/index.php?rest_route=\/wp\/v2\/posts\/122893\/revisions"}],"predecessor-version":[{"id":122901,"href":"https:\/\/ovelanalista.com\/index.php?rest_route=\/wp\/v2\/posts\/122893\/revisions\/122901"}],"wp:featuredmedia":[{"embeddable":true,"href":"https:\/\/ovelanalista.com\/index.php?rest_route=\/wp\/v2\/media\/92500"}],"wp:attachment":[{"href":"https:\/\/ovelanalista.com\/index.php?rest_route=%2Fwp%2Fv2%2Fmedia&parent=122893"}],"wp:term":[{"taxonomy":"category","embeddable":true,"href":"https:\/\/ovelanalista.com\/index.php?rest_route=%2Fwp%2Fv2%2Fcategories&post=122893"},{"taxonomy":"post_tag","embeddable":true,"href":"https:\/\/ovelanalista.com\/index.php?rest_route=%2Fwp%2Fv2%2Ftags&post=122893"}],"curies":[{"name":"wp","href":"https:\/\/api.w.org\/{rel}","templated":true}]}}