{"id":122894,"date":"2025-06-09T10:33:48","date_gmt":"2025-06-09T16:33:48","guid":{"rendered":"https:\/\/ovelanalista.com\/?p=122894"},"modified":"2025-06-09T10:33:48","modified_gmt":"2025-06-09T16:33:48","slug":"exigen-justicia-y-seguridad-para-los-ciclistas","status":"publish","type":"post","link":"https:\/\/ovelanalista.com\/?p=122894","title":{"rendered":"\u00a1Exigen justicia y seguridad para los ciclistas!"},"content":{"rendered":"<div><\/div>\n<div><\/div>\n<div>Colectivo Rueda Verde, la comunidad ciclista y ciudadanos preocupados de Los Mochis, nos unimos en un grito un\u00e1nime para exigir acciones inmediatas que garanticen la seguridad de quienes practicamos el ciclismo en la carretera Los Mochis &#8211; Topolobampo.<\/div>\n<div><\/div>\n<div>Esta v\u00eda, que deber\u00eda ser un espacio para el deporte, la recreaci\u00f3n y la movilidad sostenible, se ha convertido en un escenario de tragedias evitables.<\/div>\n<div><\/div>\n<div>Los accidentes mortales y las lesiones graves que han sufrido ciclistas en esta carretera son inaceptables y reflejan una alarmante falta de infraestructura adecuada, empat\u00eda de los conductores y acci\u00f3n por parte de las autoridades municipales.<\/div>\n<div><\/div>\n<div>Nuestra indignaci\u00f3n y demandas:<\/div>\n<div><\/div>\n<div>\u2022 Alto a los accidentes mortales: En los \u00faltimos a\u00f1os, hemos perdido a valiosos miembros de nuestra comunidad, como Julio C\u00e9sar Garc\u00eda en 2020 y, hoy ha fallecido Jes\u00fas Alberto Iturrios, en un accidente causado por conductores irresponsables que, seg\u00fan reportes, conduc\u00edan bajo los efectos del alcohol y participaban en carreras ilegales.<\/div>\n<div>Estos incidentes no son aislados; son el resultado de una negligencia sistem\u00e1tica que no podemos seguir tolerando.<\/div>\n<div><\/div>\n<div>\u2022 Infraestructura segura para ciclistas: La carretera Los Mochis &#8211; Topolobampo carece de carriles exclusivos para bicicletas, se\u00f1alizaci\u00f3n adecuada y medidas de seguridad que protejan a los ciclistas.<\/div>\n<div>A pesar de que el ciclismo es una actividad saludable y sostenible, la falta de infraestructura pone en riesgo nuestras vidas.<\/div>\n<div><\/div>\n<div>Exigimos:<\/div>\n<div><\/div>\n<div>\u2022 La construcci\u00f3n de ciclov\u00edas segregadas y bien mantenidas.<\/div>\n<div><\/div>\n<div>\u2022 Se\u00f1alizaci\u00f3n clara que alerte a los conductores sobre la presencia de ciclistas.<\/div>\n<div><\/div>\n<div>\u2022 Iluminaci\u00f3n adecuada en tramos de la carretera para mejorar la visibilidad, especialmente durante la ma\u00f1ana y la noche, cuando ocurren la mayor\u00eda de los accidentes.<\/div>\n<div><\/div>\n<div>\u2022 Falta de empat\u00eda y cultura vial: Los conductores que transitan por esta carretera a menudo ignoran las normas de tr\u00e1nsito, exceden los l\u00edmites de velocidad y conducen bajo los efectos del alcohol, como se evidenci\u00f3 hoy en el reciente accidente. Esta falta de respeto hacia los ciclistas, combinada con la imprudencia, ha cobrado vidas y causado dolor irreparable.<\/div>\n<div><\/div>\n<div>\u2022 Campa\u00f1as de concientizaci\u00f3n para fomentar el respeto mutuo entre conductores y ciclistas.<\/div>\n<div><\/div>\n<div>\u2022 Respeto a la Ley 1811 de 2016, que garantiza el derecho de los ciclistas a ocupar un carril completo.<\/div>\n<div><\/div>\n<div>\u2022 Acci\u00f3n inmediata de las autoridades: La ausencia de vigilancia vial, especialmente en fines de semana y durante las ma\u00f1anas, facilita que los responsables de estos accidentes huyan sin consecuencias, como ocurri\u00f3 en los casos de 2020 y 2025.<\/div>\n<div><\/div>\n<div>Las autoridades municipales de Ahome deben:<\/div>\n<div><\/div>\n<div>\u2022 Implementar operativos rigurosos y permanentes de vigilancia en la carretera Los Mochis &#8211; Topolobampo.<\/div>\n<div><\/div>\n<div>\u2022 Garantizar que los responsables de accidentes enfrenten justicia, combatiendo la impunidad que prevalece en estos casos.<\/div>\n<div><\/div>\n<div>\u2022 Invertir en infraestructura y pol\u00edticas p\u00fablicas que prioricen la seguridad de los ciclistas, como lo han hecho ciudades modelo en Europa y Asia con resultados exitosos.<\/div>\n<div><\/div>\n<div>Llamado a la acci\u00f3n<\/div>\n<div><\/div>\n<div>A las autoridades municipales de Ahome y al gobierno de Sinaloa: \u00a1Escuchen nuestro clamor! No queremos m\u00e1s bicicletas blancas en la carretera Los Mochis &#8211; Topolobampo.<\/div>\n<div>No queremos m\u00e1s familias destrozadas ni sue\u00f1os truncados.<\/div>\n<div>Exigimos un compromiso real para proteger la vida de los ciclistas, con acciones concretas y medibles que transformen esta carretera en un espacio seguro para todos.<\/div>\n<div><\/div>\n<div>A los conductores: \u00a1Respeten la vida! Conduzcan con responsabilidad, respeten los l\u00edmites de velocidad, eviten el consumo de alcohol al volante y reconozcan que los ciclistas tenemos el mismo derecho a usar la v\u00eda.<\/div>\n<div>Un momento de imprudencia puede cambiar vidas para siempre.<\/div>\n<div><\/div>\n<div>A la comunidad: \u00a1\u00dananse a esta causa! Invitamos a todos los ciudadanos, ciclistas, activistas y organizaciones a sumarse a esta protesta pac\u00edfica.<\/div>\n<div>Organicemos rodadas, coloquemos bicicletas blancas en memoria de las v\u00edctimas y mantengamos la presi\u00f3n para que las autoridades act\u00faen.<\/div>\n<div><\/div>\n<div>La pr\u00f3xima rodada en honor a las v\u00edctimas ser\u00e1 un s\u00edmbolo de nuestra resistencia y nuestra lucha por la justicia.<\/div>\n<div><\/div>\n<div>Compromiso colectivo<\/div>\n<div><\/div>\n<div>No descansaremos hasta que la carretera Los Mochis &#8211; Topolobampo sea un lugar donde los ciclistas podamos rodar sin miedo.<\/div>\n<div><\/div>\n<div>Exigimos justicia para las v\u00edctimas, seguridad para los vivos y un futuro donde el ciclismo sea sin\u00f3nimo de vida, no de tragedia. \u00a1Por un Los Mochis seguro para todos! \u00a1Por una carretera que respete la vida!<\/div>\n<div><\/div>\n<div>Colectivo Rueda Verde<\/div>\n<div><\/div>\n<div>#JusticiaParaCiclistas #CarreteraSegura #NoM\u00e1sBicisBlancas<\/div>\n","protected":false},"excerpt":{"rendered":"<p>Colectivo Rueda Verde, la comunidad ciclista y ciudadanos preocupados de Los Mochis, nos unimos en un grito un\u00e1nime para exigir acciones inmediatas que garanticen la seguridad de quienes practicamos el ciclismo en la carretera Los Mochis &#8211; Topolobampo. Esta v\u00eda, que deber\u00eda ser un espacio para el deporte, la recreaci\u00f3n y la movilidad sostenible, se ha convertido en un escenario de tragedias evitables. Los accidentes mortales y las lesiones graves que han sufrido ciclistas en esta carretera son inaceptables y reflejan una alarmante falta de infraestructura adecuada, empat\u00eda de los conductores y acci\u00f3n por parte de las autoridades municipales. Nuestra [&hellip;]<\/p>\n","protected":false},"author":3,"featured_media":122898,"comment_status":"open","ping_status":"open","sticky":false,"template":"","format":"standard","meta":{"_jetpack_newsletter_access":"","_jetpack_dont_email_post_to_subs":false,"_jetpack_newsletter_tier_id":0,"_jetpack_memberships_contains_paywalled_content":false,"_jetpack_feature_clip_id":0,"_jetpack_memberships_contains_paid_content":false,"footnotes":"","jetpack_publicize_message":"","jetpack_publicize_feature_enabled":true,"jetpack_social_post_already_shared":true,"jetpack_social_options":{"image_generator_settings":{"template":"highway","default_image_id":0,"font":"","enabled":false},"version":2},"jetpack_post_was_ever_published":false},"categories":[85],"tags":[],"class_list":["post-122894","post","type-post","status-publish","format-standard","has-post-thumbnail","hentry","category-sinaloa-norte","post--single"],"jetpack_publicize_connections":[],"jetpack_featured_media_url":"https:\/\/ovelanalista.com\/wp-content\/uploads\/2025\/06\/ciclista-muere-atropellado-por-conductores-ebrios-en-la-mochis-topolobampo3-49dabb78-focus-min0.22-0.06-600-400.jpg","jetpack_sharing_enabled":true,"_links":{"self":[{"href":"https:\/\/ovelanalista.com\/index.php?rest_route=\/wp\/v2\/posts\/122894","targetHints":{"allow":["GET"]}}],"collection":[{"href":"https:\/\/ovelanalista.com\/index.php?rest_route=\/wp\/v2\/posts"}],"about":[{"href":"https:\/\/ovelanalista.com\/index.php?rest_route=\/wp\/v2\/types\/post"}],"author":[{"embeddable":true,"href":"https:\/\/ovelanalista.com\/index.php?rest_route=\/wp\/v2\/users\/3"}],"replies":[{"embeddable":true,"href":"https:\/\/ovelanalista.com\/index.php?rest_route=%2Fwp%2Fv2%2Fcomments&post=122894"}],"version-history":[{"count":1,"href":"https:\/\/ovelanalista.com\/index.php?rest_route=\/wp\/v2\/posts\/122894\/revisions"}],"predecessor-version":[{"id":122899,"href":"https:\/\/ovelanalista.com\/index.php?rest_route=\/wp\/v2\/posts\/122894\/revisions\/122899"}],"wp:featuredmedia":[{"embeddable":true,"href":"https:\/\/ovelanalista.com\/index.php?rest_route=\/wp\/v2\/media\/122898"}],"wp:attachment":[{"href":"https:\/\/ovelanalista.com\/index.php?rest_route=%2Fwp%2Fv2%2Fmedia&parent=122894"}],"wp:term":[{"taxonomy":"category","embeddable":true,"href":"https:\/\/ovelanalista.com\/index.php?rest_route=%2Fwp%2Fv2%2Fcategories&post=122894"},{"taxonomy":"post_tag","embeddable":true,"href":"https:\/\/ovelanalista.com\/index.php?rest_route=%2Fwp%2Fv2%2Ftags&post=122894"}],"curies":[{"name":"wp","href":"https:\/\/api.w.org\/{rel}","templated":true}]}}