{"id":122895,"date":"2025-06-09T10:35:50","date_gmt":"2025-06-09T16:35:50","guid":{"rendered":"https:\/\/ovelanalista.com\/?p=122895"},"modified":"2025-06-09T10:35:50","modified_gmt":"2025-06-09T16:35:50","slug":"sinaloa-5to-estado-que-mas-avanzo-en-la-formalidad-laboral","status":"publish","type":"post","link":"https:\/\/ovelanalista.com\/?p=122895","title":{"rendered":"Sinaloa, 5to estado que m\u00e1s avanz\u00f3 en la formalidad laboral"},"content":{"rendered":"<div><strong>Alguien Tiene que Decirlo<\/strong><\/div>\n<div><\/div>\n<div><\/div>\n<div><\/div>\n<div><strong>Samuel Sarmiento\u00a0<\/strong><\/div>\n<div><\/div>\n<div><\/div>\n<div>El empleo formal es la piedra angular del desarrollo, transforma econom\u00edas y les proporciona a los ciudadanos las herramientas para superar la pobreza, lo que se traduce en bienestar y estabilidad econ\u00f3mica y social para los pa\u00edses, seg\u00fan las consideraciones del Banco Mundial.<\/div>\n<div><\/div>\n<div>Adem\u00e1s, el empleo formal garantiza la protecci\u00f3n de los derechos de los trabajadores, les brinda cobertura de salud, acceso a la vivienda, ahorro para el retiro e impulsa la recaudaci\u00f3n tributaria.<\/div>\n<div><\/div>\n<div>Por estas razones, en el Plan Nacional de Desarrollo 2025-2030 se estableci\u00f3 el objetivo de promover el trabajo digno para todas las personas en edad de trabajar y se estableci\u00f3 la meta de reducir la informalidad laboral del 54.4% en el 2024 del 48.9% para el 2030, es decir, reducir la informalidad casi 1 punto porcentual cada a\u00f1o.<\/div>\n<div><\/div>\n<div>Sin embargo, seg\u00fan los datos de INEGI, al 1er trimestre del 2025, la tasa de informalidad laboral en el pa\u00eds fue del 54.3%, lo que significa un ligero avance de 0.1 puntos porcentuales en los \u00faltimos 12 meses.<\/div>\n<div><\/div>\n<div>En el caso de Sinaloa, en el Plan Estatal de Desarrollo 2022-2027 se estableci\u00f3 el objetivo de fomentar el empleo de calidad, inclusivo, con seguridad social e igualdad de condiciones para hombres y mujeres y particularmente, se dispuso como prioridad disminuir la informalidad laboral y el desempleo<\/div>\n<div><\/div>\n<div>Cumpliendo con este mandato, la Secretar\u00eda de Econom\u00eda del Gobierno del Estado ha logrado reducir la informalidad laboral del 49.4% en el 1er trimestre del 2024 al 46.6% en el 1er trimestre del 2025, seg\u00fan los datos de la Encuesta Nacional de Ocupaci\u00f3n y Empleos (ENOE).<\/div>\n<div><\/div>\n<div>De esta manera Sinaloa se ubica en 5to lugar nacional, entre los estados que m\u00e1s redujeron la informalidad laboral o dicho en otras palabras, los que m\u00e1s fomentaron el empleo formal.<\/div>\n<div><\/div>\n<div>En primer lugar, est\u00e1 Oaxaca que pas\u00f3 del 81.1% de informalidad laboral en el 1er trimestre del 2024 al 76.3% en el 1er trimestre del 2025, seguido por Nuevo Le\u00f3n que redujo la informalidad del 36% al 32.5%, Quintana Roo del 46% al 42.7% y Quer\u00e9taro del 43.5% al 40.1%.<\/div>\n<div><\/div>\n<div>En el otro extremo, los estados que m\u00e1s aumentaron la informalidad laboral en los \u00faltimos 12 meses son Chiapas que pas\u00f3 del 70.9% al 76% del total de su planta laboral, Tabasco del 62.1% al 66.7% y Veracruz que aument\u00f3 la informalidad laboral del 66.5% al 70.1%.<\/div>\n<div><\/div>\n<div>Volviendo a Sinaloa, nuestro estado tiene una poblaci\u00f3n de 3 millones 154 mil 500 habitantes, de los cuales, el 79% tienen 15 a\u00f1os o m\u00e1s, pero s\u00f3lo el 46.9% est\u00e1n buscando activamente un empleo, es decir, son nuestra Poblaci\u00f3n Econ\u00f3micamente Activa (PEA) y de este total, el 97.3% tienen un empleo y s\u00f3lo el 2.7% est\u00e1n desempleados.<\/div>\n<div><\/div>\n<div>Cabe se\u00f1alar que el 73.6% de los trabajadores en Sinaloa son subordinados y remunerados, el 18.2% trabajan por cuenta propia, el 6.2% son empleadores o empresarios y el 2% no reciben remuneraciones.<\/div>\n<div><\/div>\n<div>Por sector econ\u00f3mico, el 12.6% de los empleos los genera el campo (actividades primarias), la industria aporta el 20.5%, el sector terciario o los servicios generan el 66.6% del total estatal y el 0.3% no contest\u00f3.<\/div>\n<div><\/div>\n<div>Estimado lector, concluyo como siempre con una pregunta: \u00bftienes la fortuna de tener un trabajo formal con todas las prestaciones de Ley o te desempe\u00f1as en la informalidad?<\/div>\n","protected":false},"excerpt":{"rendered":"<p>Alguien Tiene que Decirlo Samuel Sarmiento\u00a0 El empleo formal es la piedra angular del desarrollo, transforma econom\u00edas y les proporciona a los ciudadanos las herramientas para superar la pobreza, lo que se traduce en bienestar y estabilidad econ\u00f3mica y social para los pa\u00edses, seg\u00fan las consideraciones del Banco Mundial. Adem\u00e1s, el empleo formal garantiza la protecci\u00f3n de los derechos de los trabajadores, les brinda cobertura de salud, acceso a la vivienda, ahorro para el retiro e impulsa la recaudaci\u00f3n tributaria. Por estas razones, en el Plan Nacional de Desarrollo 2025-2030 se estableci\u00f3 el objetivo de promover el trabajo digno para [&hellip;]<\/p>\n","protected":false},"author":3,"featured_media":92501,"comment_status":"open","ping_status":"open","sticky":false,"template":"","format":"standard","meta":{"_jetpack_newsletter_access":"","_jetpack_dont_email_post_to_subs":false,"_jetpack_newsletter_tier_id":0,"_jetpack_memberships_contains_paywalled_content":false,"_jetpack_feature_clip_id":0,"_jetpack_memberships_contains_paid_content":false,"footnotes":"","jetpack_publicize_message":"","jetpack_publicize_feature_enabled":true,"jetpack_social_post_already_shared":true,"jetpack_social_options":{"image_generator_settings":{"template":"highway","default_image_id":0,"font":"","enabled":false},"version":2},"jetpack_post_was_ever_published":false},"categories":[104],"tags":[],"class_list":["post-122895","post","type-post","status-publish","format-standard","has-post-thumbnail","hentry","category-columnistas-estatales","post--single"],"jetpack_publicize_connections":[],"jetpack_featured_media_url":"https:\/\/ovelanalista.com\/wp-content\/uploads\/2024\/03\/1SAMUEL-SARMIENTO-300x150-1.png","jetpack_sharing_enabled":true,"_links":{"self":[{"href":"https:\/\/ovelanalista.com\/index.php?rest_route=\/wp\/v2\/posts\/122895","targetHints":{"allow":["GET"]}}],"collection":[{"href":"https:\/\/ovelanalista.com\/index.php?rest_route=\/wp\/v2\/posts"}],"about":[{"href":"https:\/\/ovelanalista.com\/index.php?rest_route=\/wp\/v2\/types\/post"}],"author":[{"embeddable":true,"href":"https:\/\/ovelanalista.com\/index.php?rest_route=\/wp\/v2\/users\/3"}],"replies":[{"embeddable":true,"href":"https:\/\/ovelanalista.com\/index.php?rest_route=%2Fwp%2Fv2%2Fcomments&post=122895"}],"version-history":[{"count":1,"href":"https:\/\/ovelanalista.com\/index.php?rest_route=\/wp\/v2\/posts\/122895\/revisions"}],"predecessor-version":[{"id":122900,"href":"https:\/\/ovelanalista.com\/index.php?rest_route=\/wp\/v2\/posts\/122895\/revisions\/122900"}],"wp:featuredmedia":[{"embeddable":true,"href":"https:\/\/ovelanalista.com\/index.php?rest_route=\/wp\/v2\/media\/92501"}],"wp:attachment":[{"href":"https:\/\/ovelanalista.com\/index.php?rest_route=%2Fwp%2Fv2%2Fmedia&parent=122895"}],"wp:term":[{"taxonomy":"category","embeddable":true,"href":"https:\/\/ovelanalista.com\/index.php?rest_route=%2Fwp%2Fv2%2Fcategories&post=122895"},{"taxonomy":"post_tag","embeddable":true,"href":"https:\/\/ovelanalista.com\/index.php?rest_route=%2Fwp%2Fv2%2Ftags&post=122895"}],"curies":[{"name":"wp","href":"https:\/\/api.w.org\/{rel}","templated":true}]}}