{"id":122908,"date":"2025-06-09T12:00:01","date_gmt":"2025-06-09T18:00:01","guid":{"rendered":"https:\/\/ovelanalista.com\/?p=122908"},"modified":"2025-06-09T11:01:20","modified_gmt":"2025-06-09T17:01:20","slug":"siete-personas-sin-vida-fueron-localizadas-el-domingo-en-sinaloa","status":"publish","type":"post","link":"https:\/\/ovelanalista.com\/?p=122908","title":{"rendered":"Siete personas sin vida fueron localizadas el domingo en Sinaloa"},"content":{"rendered":"<div class=\"Summary_summary__gpJTn\">\n<p class=\"Typography_text-xl__yFuoP Typography_weight-normal__pqUbH\">Los homicidios ocurrieron en distintos municipios del estado.<\/p>\n<p class=\"Typography_text-l__QLRR8 Typography_weight-bold__uT6mq\"><strong>Josemiguel Souza<\/strong><\/p>\n<p class=\"Typography_text-default__P3otY Typography_weight-normal__pqUbH Typography_text-default__P3otY Typography_weight-normal__pqUbH\">Culiac\u00e1n, Sin.- Durante el\u00a0<b class=\"bold\">domingo 8 de junio<\/b>\u00a0se abrieron\u00a0<b class=\"bold\">tres carpetas de investigaci\u00f3n por homicidio doloso<\/b>, tras el hallazgo de igual n\u00famero de\u00a0<b class=\"bold\">personas sin vida<\/b>\u00a0en distintos\u00a0<b class=\"bold\">municipios de la entidad<\/b>, inform\u00f3 la\u00a0<b class=\"bold\">Fiscal\u00eda General del Estado<\/b>.<\/p>\n<p class=\"Typography_text-default__P3otY Typography_weight-normal__pqUbH Typography_text-default__P3otY Typography_weight-normal__pqUbH\">En\u00a0<b class=\"bold\">Navolato<\/b>, una persona muri\u00f3 en un\u00a0<b class=\"bold\">hospital<\/b>\u00a0luego de haber sido atacada en la\u00a0<b class=\"bold\">colonia Jos\u00e9 Mar\u00eda Mart\u00ednez<\/b>. En\u00a0<b class=\"bold\">Culiac\u00e1n<\/b>, otro cuerpo fue localizado en la\u00a0<b class=\"bold\">colonia Villas del Prado<\/b>, mientras que en\u00a0<b class=\"bold\">Mazatl\u00e1n<\/b>\u00a0se report\u00f3 el hallazgo de una\u00a0<b class=\"bold\">persona sin vida<\/b>\u00a0en la\u00a0<b class=\"bold\">colonia El Conchi Dos<\/b>.<\/p>\n<p class=\"Typography_text-default__P3otY Typography_weight-normal__pqUbH Typography_text-default__P3otY Typography_weight-normal__pqUbH\">Adem\u00e1s, la\u00a0<b class=\"bold\">autoridad estatal<\/b>\u00a0dio cuenta del\u00a0<b class=\"bold\">hallazgo de restos \u00f3seos<\/b>\u00a0en un\u00a0<b class=\"bold\">predio agr\u00edcola<\/b>\u00a0de la\u00a0<b class=\"bold\">sindicatura de Villa Ju\u00e1rez<\/b>, Navolato, as\u00ed como de\u00a0<b class=\"bold\">dos fosas con restos humanos<\/b>\u00a0en las inmediaciones del\u00a0<b class=\"bold\">poblado Lomas de Monterrey<\/b>, en el municipio de Mazatl\u00e1n.<\/p>\n<p class=\"Typography_text-default__P3otY Typography_weight-normal__pqUbH Typography_text-default__P3otY Typography_weight-normal__pqUbH\">En materia de\u00a0<b class=\"bold\">robo de veh\u00edculos<\/b>, la\u00a0<b class=\"bold\">Unidad Especializada en Robo de Veh\u00edculo Regi\u00f3n Centro<\/b>\u00a0registr\u00f3\u00a0<b class=\"bold\">diez denuncias<\/b>\u00a0durante la jornada, todas ellas integradas en\u00a0<b class=\"bold\">carpetas de investigaci\u00f3n<\/b>.<\/p>\n<p class=\"Typography_text-default__P3otY Typography_weight-normal__pqUbH Typography_text-default__P3otY Typography_weight-normal__pqUbH\">Asimismo, la\u00a0<b class=\"bold\">Fiscal\u00eda Especializada en Desaparici\u00f3n Forzada de Personas<\/b>\u00a0report\u00f3\u00a0<b class=\"bold\">tres nuevas denuncias por privaci\u00f3n de la libertad personal<\/b>\u00a0en el municipio de Culiac\u00e1n.<\/p>\n<p class=\"Typography_text-default__P3otY Typography_weight-normal__pqUbH Typography_text-default__P3otY Typography_weight-normal__pqUbH\">La\u00a0<b class=\"bold\">FGE<\/b>\u00a0reiter\u00f3 su compromiso con la\u00a0<b class=\"bold\">transparencia<\/b>\u00a0y el\u00a0<b class=\"bold\">acceso a informaci\u00f3n oficial<\/b>\u00a0sobre los\u00a0<b class=\"bold\">delitos denunciados<\/b>\u00a0ante sus diferentes unidades.<\/p>\n<\/div>\n","protected":false},"excerpt":{"rendered":"<p>Los homicidios ocurrieron en distintos municipios del estado. Josemiguel Souza Culiac\u00e1n, Sin.- Durante el\u00a0domingo 8 de junio\u00a0se abrieron\u00a0tres carpetas de investigaci\u00f3n por homicidio doloso, tras el hallazgo de igual n\u00famero de\u00a0personas sin vida\u00a0en distintos\u00a0municipios de la entidad, inform\u00f3 la\u00a0Fiscal\u00eda General del Estado. En\u00a0Navolato, una persona muri\u00f3 en un\u00a0hospital\u00a0luego de haber sido atacada en la\u00a0colonia Jos\u00e9 Mar\u00eda Mart\u00ednez. En\u00a0Culiac\u00e1n, otro cuerpo fue localizado en la\u00a0colonia Villas del Prado, mientras que en\u00a0Mazatl\u00e1n\u00a0se report\u00f3 el hallazgo de una\u00a0persona sin vida\u00a0en la\u00a0colonia El Conchi Dos. Adem\u00e1s, la\u00a0autoridad estatal\u00a0dio cuenta del\u00a0hallazgo de restos \u00f3seos\u00a0en un\u00a0predio agr\u00edcola\u00a0de la\u00a0sindicatura de Villa Ju\u00e1rez, Navolato, as\u00ed como de\u00a0dos fosas [&hellip;]<\/p>\n","protected":false},"author":3,"featured_media":118694,"comment_status":"open","ping_status":"open","sticky":false,"template":"","format":"standard","meta":{"_jetpack_newsletter_access":"","_jetpack_dont_email_post_to_subs":false,"_jetpack_newsletter_tier_id":0,"_jetpack_memberships_contains_paywalled_content":false,"_jetpack_feature_clip_id":0,"_jetpack_memberships_contains_paid_content":false,"footnotes":"","jetpack_publicize_message":"","jetpack_publicize_feature_enabled":true,"jetpack_social_post_already_shared":true,"jetpack_social_options":{"image_generator_settings":{"template":"highway","default_image_id":0,"font":"","enabled":false},"version":2},"jetpack_post_was_ever_published":false},"categories":[90],"tags":[],"class_list":["post-122908","post","type-post","status-publish","format-standard","has-post-thumbnail","hentry","category-estatal","post--single"],"jetpack_publicize_connections":[],"jetpack_featured_media_url":"https:\/\/ovelanalista.com\/wp-content\/uploads\/2025\/04\/jalisco-cinta-prohibido.png","jetpack_sharing_enabled":true,"_links":{"self":[{"href":"https:\/\/ovelanalista.com\/index.php?rest_route=\/wp\/v2\/posts\/122908","targetHints":{"allow":["GET"]}}],"collection":[{"href":"https:\/\/ovelanalista.com\/index.php?rest_route=\/wp\/v2\/posts"}],"about":[{"href":"https:\/\/ovelanalista.com\/index.php?rest_route=\/wp\/v2\/types\/post"}],"author":[{"embeddable":true,"href":"https:\/\/ovelanalista.com\/index.php?rest_route=\/wp\/v2\/users\/3"}],"replies":[{"embeddable":true,"href":"https:\/\/ovelanalista.com\/index.php?rest_route=%2Fwp%2Fv2%2Fcomments&post=122908"}],"version-history":[{"count":1,"href":"https:\/\/ovelanalista.com\/index.php?rest_route=\/wp\/v2\/posts\/122908\/revisions"}],"predecessor-version":[{"id":122912,"href":"https:\/\/ovelanalista.com\/index.php?rest_route=\/wp\/v2\/posts\/122908\/revisions\/122912"}],"wp:featuredmedia":[{"embeddable":true,"href":"https:\/\/ovelanalista.com\/index.php?rest_route=\/wp\/v2\/media\/118694"}],"wp:attachment":[{"href":"https:\/\/ovelanalista.com\/index.php?rest_route=%2Fwp%2Fv2%2Fmedia&parent=122908"}],"wp:term":[{"taxonomy":"category","embeddable":true,"href":"https:\/\/ovelanalista.com\/index.php?rest_route=%2Fwp%2Fv2%2Fcategories&post=122908"},{"taxonomy":"post_tag","embeddable":true,"href":"https:\/\/ovelanalista.com\/index.php?rest_route=%2Fwp%2Fv2%2Ftags&post=122908"}],"curies":[{"name":"wp","href":"https:\/\/api.w.org\/{rel}","templated":true}]}}