{"id":123017,"date":"2025-06-10T11:30:09","date_gmt":"2025-06-10T17:30:09","guid":{"rendered":"https:\/\/ovelanalista.com\/?p=123017"},"modified":"2025-06-10T09:42:49","modified_gmt":"2025-06-10T15:42:49","slug":"en-sinaloa-daran-oportunidad-de-vivienda-a-personas-desplazadas","status":"publish","type":"post","link":"https:\/\/ovelanalista.com\/?p=123017","title":{"rendered":"En Sinaloa dar\u00e1n oportunidad de vivienda a personas desplazadas"},"content":{"rendered":"<p><strong><span class=\"b-byline__by\">Por<\/span>\u00a0<span class=\"b-byline__names\">Adolfo L\u00f3pez<\/span><\/strong><\/p>\n<p>El gobernador de Sinaloa, Rub\u00e9n Rocha Moya, inform\u00f3 durante su conferencia matutina que el programa Viviendas para el Bienestar avanza sin retrasos con el objetivo de facilitar el acceso a una vivienda digna en distintas ciudades del estado, incluyendo a quienes han sido desplazados.<\/p>\n<p class=\"c-paragraph\">Explic\u00f3 que ya se est\u00e1 trabajando en un censo de personas desplazadas con el fin de integrarlas a programas de vivienda seg\u00fan sus condiciones laborales.<\/p>\n<p class=\"c-paragraph\">Aquellos que cuenten con seguridad social podr\u00e1n usar su cr\u00e9dito Infonavit, mientras que los que no cuenten con seguro ser\u00e1n apoyados a trav\u00e9s de Conavi, dentro del esquema de Vivienda del Bienestar.<\/p>\n<p class=\"c-paragraph\">\u201cVamos a poder darles vivienda, si son desplazados, y tienen acceso a Infonavit, pagar\u00e1n una renta baja que se acumula como parte del pago. No tendr\u00e1n que desembolsar grandes cantidades\u201d, afirm\u00f3 el mandatario estatal.<\/p>\n<p class=\"c-paragraph\">Rocha Moya detall\u00f3 que ya se tienen terrenos disponibles en varios municipios para iniciar la construcci\u00f3n de viviendas, como en la ciudad de Ahome y Guasave, donde se tienen 15 hect\u00e1reas listas, junto con Culiac\u00e1n que tiene 100 hect\u00e1reas en la periferia; Mazatl\u00e1n con 90 paneles solares y m\u00e1s terrenos en expansi\u00f3n<\/p>\n<p class=\"c-paragraph\">El gobernador agreg\u00f3 que se siguen buscando m\u00e1s terrenos en otros municipios para ampliar el alcance del programa, que busca beneficiar a m\u00e1s familias sinaloenses, especialmente aquellas en situaci\u00f3n vulnerable.<\/p>\n<p>Con informaci\u00f3n de La Cr\u00f3nica<\/p>\n","protected":false},"excerpt":{"rendered":"<p>Por\u00a0Adolfo L\u00f3pez El gobernador de Sinaloa, Rub\u00e9n Rocha Moya, inform\u00f3 durante su conferencia matutina que el programa Viviendas para el Bienestar avanza sin retrasos con el objetivo de facilitar el acceso a una vivienda digna en distintas ciudades del estado, incluyendo a quienes han sido desplazados. Explic\u00f3 que ya se est\u00e1 trabajando en un censo de personas desplazadas con el fin de integrarlas a programas de vivienda seg\u00fan sus condiciones laborales. Aquellos que cuenten con seguridad social podr\u00e1n usar su cr\u00e9dito Infonavit, mientras que los que no cuenten con seguro ser\u00e1n apoyados a trav\u00e9s de Conavi, dentro del esquema de [&hellip;]<\/p>\n","protected":false},"author":3,"featured_media":120793,"comment_status":"open","ping_status":"open","sticky":false,"template":"","format":"standard","meta":{"_jetpack_newsletter_access":"","_jetpack_dont_email_post_to_subs":false,"_jetpack_newsletter_tier_id":0,"_jetpack_memberships_contains_paywalled_content":false,"_jetpack_feature_clip_id":0,"_jetpack_memberships_contains_paid_content":false,"footnotes":"","jetpack_publicize_message":"","jetpack_publicize_feature_enabled":true,"jetpack_social_post_already_shared":true,"jetpack_social_options":{"image_generator_settings":{"template":"highway","default_image_id":0,"font":"","enabled":false},"version":2},"jetpack_post_was_ever_published":false},"categories":[90],"tags":[],"class_list":["post-123017","post","type-post","status-publish","format-standard","has-post-thumbnail","hentry","category-estatal","post--single"],"jetpack_publicize_connections":[],"jetpack_featured_media_url":"https:\/\/ovelanalista.com\/wp-content\/uploads\/2025\/05\/Captura-de-Pantalla-2025-05-19-a-las-21.46.08.png","jetpack_sharing_enabled":true,"_links":{"self":[{"href":"https:\/\/ovelanalista.com\/index.php?rest_route=\/wp\/v2\/posts\/123017","targetHints":{"allow":["GET"]}}],"collection":[{"href":"https:\/\/ovelanalista.com\/index.php?rest_route=\/wp\/v2\/posts"}],"about":[{"href":"https:\/\/ovelanalista.com\/index.php?rest_route=\/wp\/v2\/types\/post"}],"author":[{"embeddable":true,"href":"https:\/\/ovelanalista.com\/index.php?rest_route=\/wp\/v2\/users\/3"}],"replies":[{"embeddable":true,"href":"https:\/\/ovelanalista.com\/index.php?rest_route=%2Fwp%2Fv2%2Fcomments&post=123017"}],"version-history":[{"count":1,"href":"https:\/\/ovelanalista.com\/index.php?rest_route=\/wp\/v2\/posts\/123017\/revisions"}],"predecessor-version":[{"id":123022,"href":"https:\/\/ovelanalista.com\/index.php?rest_route=\/wp\/v2\/posts\/123017\/revisions\/123022"}],"wp:featuredmedia":[{"embeddable":true,"href":"https:\/\/ovelanalista.com\/index.php?rest_route=\/wp\/v2\/media\/120793"}],"wp:attachment":[{"href":"https:\/\/ovelanalista.com\/index.php?rest_route=%2Fwp%2Fv2%2Fmedia&parent=123017"}],"wp:term":[{"taxonomy":"category","embeddable":true,"href":"https:\/\/ovelanalista.com\/index.php?rest_route=%2Fwp%2Fv2%2Fcategories&post=123017"},{"taxonomy":"post_tag","embeddable":true,"href":"https:\/\/ovelanalista.com\/index.php?rest_route=%2Fwp%2Fv2%2Ftags&post=123017"}],"curies":[{"name":"wp","href":"https:\/\/api.w.org\/{rel}","templated":true}]}}