{"id":123063,"date":"2025-06-10T10:32:51","date_gmt":"2025-06-10T16:32:51","guid":{"rendered":"https:\/\/ovelanalista.com\/?p=123063"},"modified":"2025-06-10T10:32:51","modified_gmt":"2025-06-10T16:32:51","slug":"en-el-blanco-por-fernando-zepeda-h-8","status":"publish","type":"post","link":"https:\/\/ovelanalista.com\/?p=123063","title":{"rendered":"En el blanco por Fernando Zepeda H."},"content":{"rendered":"<p><strong>*Soplan nuevos aires en la UAS y su relaci\u00f3n con el Gobierno del Estado<\/strong><br \/>\n<strong>*Jes\u00fas Madue\u00f1a inicia su segundo periodo consecutivo como Rector de la Casa Rosalina en un evento en el que estuvo presente el Gobernador Rocha Moya<\/strong><br \/>\n<strong>*\u00bfDestape o advertencia?. Rocha Moya le dice a la Senadora Imelda Castro que no le ve ganas de terminar como senadora. Y remata: \u201cTu sabr\u00e1s que haces\u201d<\/strong><br \/>\n<strong>*Sergio Mario Arredondo una de las nuevas figuras claves que tendr\u00e1 la administraci\u00f3n de la UAS<\/strong><br \/>\n<strong>*Los \u00c1ngeles convertido en un polvor\u00edn. Las protestas de los migrantes llegan tambi\u00e9n a Nuevo York y podr\u00edan replicarse en otros estados<\/strong><br \/>\n<strong>*Donald Trump le echa gasolina al fuego. Env\u00eda tropas a Los \u00c1ngeles a reprimir a manifestantes<\/strong><br \/>\n<strong>*Nueve meses de una guerra que parece no tener fin. Mil 445 asesinatos y mil 540 desaparecidos, el parte sangriento<\/strong><br \/>\n<strong>*Advierte la Secretaria de Turismo de Durango que la afluencia de turistas sinaloenses hacia ese estado cayo en 13 puntos porcentuales<\/strong><br \/>\n<strong>*Urge que los gobernadores de Sinaloa Rub\u00e9n Rocha Moya y de Durango Esteban Villegas Villarreal se coordinen para establecer una vigilancia que de garant\u00eda a quienes planean viajar por la carretera Mazatl\u00e1n-Durango<\/strong><br \/>\n<strong>*Organismos de investigaci\u00f3n norteamericanos pusieron en la mira a Mazatl\u00e1n al dar a conocer nombres de 10 empresas dedicadas al lavado de dinero<\/strong><\/p>\n<p><strong>Nuevos aires en la UAS.<\/strong>\u00a0Lo sucedido este fin de semana en la Universidad Aut\u00f3noma de Sinaloa esta llamado a ser analizado de fondo. Fue el cuarto informe del Rector Jes\u00fas Madue\u00f1a y al mismo tiempo rindi\u00f3 protesta al relegirse como Rector. Discurso aparte que estableci\u00f3 los cambios que ya est\u00e1n presentes, la presencia del Gobernador Rub\u00e9n Rocha Moya y lo que dijo en el recinto universitarios, dieron cuenta de que hoy, la relaci\u00f3n Estado-UAS cambio radicalmente a lo que se viv\u00eda el a\u00f1o pasado. Madue\u00f1a garantiz\u00f3 la transparencia y rendici\u00f3n de cuentas en su toma de posesi\u00f3n.<\/p>\n<p><iframe id=\"instagram-embed-0\" class=\"instagram-media instagram-media-rendered\" src=\"https:\/\/www.instagram.com\/p\/DKp56rSymAk\/embed\/?cr=1&amp;v=14&amp;wp=1080&amp;rd=https%3A%2F%2Fsinaloaenlinea.com&amp;rp=%2Fen-el-blanco-por-fernando-zepeda-h-389%2F#%7B%22ci%22%3A0%2C%22os%22%3A2039.6000000014901%2C%22ls%22%3A1574.800000000745%2C%22le%22%3A2026.9000000022352%7D\" height=\"669\" frameborder=\"0\" scrolling=\"no\" allowfullscreen=\"allowfullscreen\" data-instgrm-payload-id=\"instagram-media-payload-0\" data-mce-fragment=\"1\"><\/iframe><\/p>\n<p>&nbsp;<\/p>\n<p>Madue\u00f1a mostr\u00f3 disposici\u00f3n y apertura para que la Casa Rosalina transite de la mano del Gobierno del Estado. Apertura u disposici\u00f3n que se observa con la inclusi\u00f3n de gentes que llegan en su gabinete con el sello distintivo del Gobierno del Estado. Coogobierno, no sabemos. Vigilarse mutuamente, tampoco lo sabemos. Hacer respetar los acuerdos que han llevado ahora al entendimiento Estado-UAS, no lo sabemos. Pero nombramientos y discursos son m\u00e1s que obvios. Madue\u00f1a como m\u00e1s del 90 por ciento de los asistentes al evento, hace un a\u00f1o encabezaron manifestaciones, plantones, m\u00edtines, reclamo al respeto a la autonom\u00eda. Y en m\u00e1s de una ocasi\u00f3n declararon a todo pulm\u00f3n descalificaciones de toda clase contra el Gobernador y sus principales colaboradores. La respuesta fue del mismo tono. Pero este fin de semana pareciera que las parte dejaron enterradas las hachas y los cuchillos para estrecharse las manos.<\/p>\n<p><img class=\"alignnone size-full wp-image-201811\" alt=\"\" \/><img class=\"alignnone size-full wp-image-201811\" alt=\"\" \/><img class=\"alignnone size-full wp-image-201811\" alt=\"\" \/><\/p>\n<p>Hasta el que fuera titular de Radio UAS Willy Ibarra feroz critico del Gobernador, quien acusaba persecuci\u00f3n y amenazas, en el evento estrecho la mano de Rocha Moya. Cosas de la nueva forma de hacer pol\u00edtica. Cosas en las que se vuelve la mirada hacia otro lado para darle la espalda a los agravios.<\/p>\n<p><strong>Juego de palabras y mensajes.<\/strong>\u00a0Cada quien lo tom\u00f3 y lo tomar\u00e1 como mejor le parezca. El Gobernador Rub\u00e9n Rocha Moya lanz\u00f3 algunas expresiones a la Senadora de Morena Imelda Castro que han causado revuelo. Le dijo que no le ve ganas de terminar de Senadora. En clara alusi\u00f3n a que busca convertirse en candidata para el 2027. Y acompa\u00f1o su dicho con la expresi\u00f3n: \u201cTu sabr\u00e1s que haces\u201d. No es secreto que Imelda Castro anda ya en busca de alcanzar la candidatura a Gobernadora.<\/p>\n<p><iframe loading=\"lazy\" src=\"https:\/\/www.facebook.com\/plugins\/video.php?height=476&amp;href=https%3A%2F%2Fwww.facebook.com%2Fimeldacastromx%2Fvideos%2F744780387889133%2F&amp;show_text=false&amp;width=267&amp;t=0\" width=\"267\" height=\"476\" frameborder=\"0\" scrolling=\"no\" allowfullscreen=\"allowfullscreen\" data-mce-fragment=\"1\"><\/iframe><\/p>\n<p>Recientemente encabez\u00f3 un encuentro con un grupo de empresarios de Mazatl\u00e1n convocados por el Presidente la Asociaci\u00f3n de Hoteles, Jos\u00e9 Ramon Manguart. Pocos, pero acudieron a ese encuentro del que poco se divulgo, pero que en sus redes la Senadora hizo p\u00fablico. La Senadora pareciera que se adelant\u00f3 al resto de quienes se consideran como aspirantes a suceder a Rocha Moya.<\/p>\n<p><iframe loading=\"lazy\" src=\"https:\/\/www.facebook.com\/plugins\/post.php?href=https%3A%2F%2Fwww.facebook.com%2Fimeldacastromx%2Fposts%2Fpfbid028wTdujnNCqSWpnDRgTGYGxGcPKpy1ptDLzgaQCHpeBzpAWPcJFfeJCThMxfGbNtDl&amp;show_text=true&amp;width=500\" width=\"500\" height=\"812\" frameborder=\"0\" scrolling=\"no\" allowfullscreen=\"allowfullscreen\" data-mce-fragment=\"1\"><\/iframe><\/p>\n<p>Los de Morena est\u00e1n en la espera de los tiempos. Los de otros partidos se dejan querer. Pero est\u00e1n tiempo aguardando los tiempos. Lo cierto es que en medio de esta inseguridad. En medio de esta guerra y sus consecuencias, que haya quienes ya se manifiesten en campa\u00f1a para la elecci\u00f3n del 2027, corre el riesgo de recibir rechazos y descalificaciones. Porque lo primero es que todos hagan su mejor esfuerzo por que retorne la tranquilidad y se encamine el estado hacia la recuperaci\u00f3n econ\u00f3mica. Hay de prioridades a prioridades.<\/p>\n<p><strong>Sergio Mario, el arribo.<\/strong>\u00a0Que Sergio Mario Arredondo haya sido nombrado como nuevo titular de la Secretaria Acad\u00e9mica, no es cualquier cosa. Independientemente de que Madue\u00f1a le esta apostando a la inclusi\u00f3n de mujeres que son al parecer mayor\u00eda en el equipo que desde hoy tendr\u00e1 en sus manos la conducci\u00f3n de la m\u00e1xima casa de estudios de Sinaloa.<\/p>\n<p><iframe loading=\"lazy\" src=\"https:\/\/www.facebook.com\/plugins\/post.php?href=https%3A%2F%2Fwww.facebook.com%2FRicardoMadridP%2Fposts%2Fpfbid02YiEjpRK2sYbvN5Nt2WLVjzjgHZkkivdpb4LW6WmNHY4s9bsarUX33iZcb6RKAaaWl&amp;show_text=false&amp;width=500\" width=\"500\" height=\"348\" frameborder=\"0\" scrolling=\"no\" allowfullscreen=\"allowfullscreen\" data-mce-fragment=\"1\"><\/iframe><\/p>\n<p>Sergio Mario es sin duda un comprometido con la academia. Maestro y egresado de la UAS, ha demostrado estar de lado de la raz\u00f3n. Pero en cuestiones pol\u00edticas, es un activo que no han sabido valorar. Con un discurso claro, estudiado y directo, nos hace recordar a Juan Burgos Pinto. Habr\u00e1 que seguirlo de cerca.<\/p>\n<p><strong>Los \u00c1ngeles un polvor\u00edn.<\/strong>\u00a0En el gobierno de Donald Trump ya se encendieron las alarmas. En Los \u00c1ngeles las redadas contra migrantes a quienes han sacado por la fuerza de las empresas donde laboran, provoco una reacci\u00f3n tumultuaria. Miles de migrantes tomaron las calles. En respuesta Trump envi\u00f3 tropas para contenerlos. Los migrantes no se intimidaron y multiplicaron las protestas. Trump entonces mando a Los \u00c1ngeles m\u00e1s tropas para reprimirlos. Una periodista que narraba en vivo los hechos, fue violentada con toda premeditaci\u00f3n por los agentes antimotines.<\/p>\n<p><iframe id=\"instagram-embed-1\" class=\"instagram-media instagram-media-rendered\" src=\"https:\/\/www.instagram.com\/reel\/DKpgvMeMTjR\/embed\/?cr=1&amp;v=14&amp;wp=1080&amp;rd=https%3A%2F%2Fsinaloaenlinea.com&amp;rp=%2Fen-el-blanco-por-fernando-zepeda-h-389%2F#%7B%22ci%22%3A1%2C%22os%22%3A2042.300000000745%2C%22ls%22%3A1574.800000000745%2C%22le%22%3A2026.9000000022352%7D\" height=\"1073\" frameborder=\"0\" scrolling=\"no\" allowfullscreen=\"allowfullscreen\" data-instgrm-payload-id=\"instagram-media-payload-1\" data-mce-fragment=\"1\"><\/iframe><\/p>\n<p>&nbsp;<\/p>\n<p>Un video muestra claramente como un polic\u00eda apunta y dispara su rifle contra la periodista impactando una de sus piernas con una bala de hule. Las protestas pasaron ayer a las calles de Nueva York, donde migrantes se manifestaron por las acciones arbitrarias de la administraci\u00f3n Trump. Podr\u00eda ser que, en otros estados de la Uni\u00f3n Americana, las protestas comiencen a aparecer como sucedi\u00f3 en Los \u00c1ngeles y tuvo se replica en Nueva York. El Presidente Trump no parece medir las consecuencias de sus ordenes contra los migrantes. Son millones de ellos que sostienen buena parte de la econom\u00eda estadounidense. Son millones de ciudadanos norteamericanos cuyos padres est\u00e1n siendo reprimidos.<\/p>\n<p><strong>Una guerra que parece sin fin.<\/strong>\u00a0Se han cumplido nueve meses. Y la guerra entre dos facciones del Cartel de Sinaloa no parece tener fin. A pesar de los grandes decomisos de drogas y armas que da cuenta el Gobierno. A pesar de el numero de delincuentes aprehendidos que tambi\u00e9n dice el Gobierno.<\/p>\n<p>La violencia no da cuartel y sigue ba\u00f1ando de sangre las calles, las ciudades y pueblos de Sinaloa. Al momento en estos nueve meses se han registrado oficialmente mil 445 asesinatos. A esta lista negra se le suman mil 540 personas desaparecidas. En esta virulenta pelea de los criminales, han ca\u00eddo 43 menores de edad. A los que se suman decenas de victimas colaterales. Los polic\u00edas no se han escapado de esta ola violenta. Se reportan 33 agentes ca\u00eddos. Los sinaloenses preguntan: \u00bfHasta cu\u00e1ndo?.<\/p>\n<p><strong>Focos rojos.<\/strong>\u00a0La Secretaria de Turismo en Durango Elisa Haro lanz\u00f3 la voz de alerta. En estos meses de violencia en Sinaloa, el vecino estado ha registrado una ca\u00edda de 13 puntos porcentuales en los indicadores de turismo sinaloense hacia el estado duranguense. Ya el Gobernador de Durango Esteban Villegas Villarreal hab\u00eda comentado a este reportero la importancia de la relaci\u00f3n comercial y sobre todo tur\u00edstica entre ese estado y Sinaloa.<\/p>\n<p><iframe loading=\"lazy\" src=\"https:\/\/www.facebook.com\/plugins\/post.php?href=https%3A%2F%2Fwww.facebook.com%2Fsinaloaenlinea%2Fposts%2Fpfbid028LcPi3vo6JtkxQ6tcDdraRigJL6oFop1UuqHJU4L9svmMGrVAQQE74bArAzN2NRl&amp;show_text=false&amp;width=500\" width=\"500\" height=\"375\" frameborder=\"0\" scrolling=\"no\" allowfullscreen=\"allowfullscreen\" data-mce-fragment=\"1\"><\/iframe><\/p>\n<p>Nos dijo que la afluencia de turismo sinaloense a Durango se hab\u00eda afectado, particularmente por los hechos violentos que se registraban en la autopista Mazatl\u00e1n-Durango. Habl\u00f3 de una ca\u00edda dr\u00e1stica en el turismo en la zona serrana de Durango a donde cientos de sinaloenses acud\u00edan antes de esta ola de violencia. Esto ultimo lo confirm\u00f3 ayer la titular de Turismo en Durango en una conferencia ofrecida aqu\u00ed en Mazatl\u00e1n. Lo cierto es que de frente al periodo vacacional de verano, bien vale la pena que los gobernadores Rub\u00e9n Rocha Moya de Sinaloa y Esteban Villegas Villarreal de Durango, se pongan de acuerdo para que juntos ordenen operativos de vigilancia en la carretera que comunica a las dos entidades que garanticen la seguridad de quienes tienen pensado viajar tanto a la zona de playas como a la zona serrana.<\/p>\n<p><strong>Mazatl\u00e1n en la mira.<\/strong>\u00a0La Oficina de Control de Activos Extranjeros, de Estados Unidos emiti\u00f3 un comunicado en el que coloca a por lo menos 10 empresas con sede en Mazatl\u00e1n, en la mira de las corporaciones de investigaci\u00f3n estadounidense. Las empresas que con nombres y direcciones fueron dadas a conocer, seg\u00fan el Gobierno de EEUU est\u00e1n sirviendo de \u201clavadores\u201d de dinero proveniente del narcotr\u00e1fico. Y las acusa de ser parte del entramado criminal del grupo conocido como \u201cLos chapitos\u201d.<\/p>\n<p><iframe id=\"instagram-embed-2\" class=\"instagram-media instagram-media-rendered\" src=\"https:\/\/www.instagram.com\/p\/DKsQ2zWR4SD\/embed\/?cr=1&amp;v=14&amp;wp=1080&amp;rd=https%3A%2F%2Fsinaloaenlinea.com&amp;rp=%2Fen-el-blanco-por-fernando-zepeda-h-389%2F#%7B%22ci%22%3A2%2C%22os%22%3A2044.1000000014901%2C%22ls%22%3A1574.800000000745%2C%22le%22%3A2026.9000000022352%7D\" height=\"732\" frameborder=\"0\" scrolling=\"no\" allowfullscreen=\"allowfullscreen\" data-instgrm-payload-id=\"instagram-media-payload-2\" data-mce-fragment=\"1\"><\/iframe><\/p>\n<p>&nbsp;<\/p>\n<p>Si ya las centrales de inteligencia norteamericana han hecho publicas estas acusaciones, es seguro que lo que sigue son operaciones de aseguramiento, coordinadas entre los dos gobiernos, el de M\u00e9xico y el de Estados Unidos.<\/p>\n","protected":false},"excerpt":{"rendered":"<p>*Soplan nuevos aires en la UAS y su relaci\u00f3n con el Gobierno del Estado *Jes\u00fas Madue\u00f1a inicia su segundo periodo consecutivo como Rector de la Casa Rosalina en un evento en el que estuvo presente el Gobernador Rocha Moya *\u00bfDestape o advertencia?. Rocha Moya le dice a la Senadora Imelda Castro que no le ve ganas de terminar como senadora. Y remata: \u201cTu sabr\u00e1s que haces\u201d *Sergio Mario Arredondo una de las nuevas figuras claves que tendr\u00e1 la administraci\u00f3n de la UAS *Los \u00c1ngeles convertido en un polvor\u00edn. Las protestas de los migrantes llegan tambi\u00e9n a Nuevo York y podr\u00edan [&hellip;]<\/p>\n","protected":false},"author":3,"featured_media":92500,"comment_status":"open","ping_status":"open","sticky":false,"template":"","format":"standard","meta":{"_jetpack_newsletter_access":"","_jetpack_dont_email_post_to_subs":false,"_jetpack_newsletter_tier_id":0,"_jetpack_memberships_contains_paywalled_content":false,"_jetpack_feature_clip_id":0,"_jetpack_memberships_contains_paid_content":false,"footnotes":"","jetpack_publicize_message":"","jetpack_publicize_feature_enabled":true,"jetpack_social_post_already_shared":true,"jetpack_social_options":{"image_generator_settings":{"template":"highway","default_image_id":0,"font":"","enabled":false},"version":2},"jetpack_post_was_ever_published":false},"categories":[104],"tags":[],"class_list":["post-123063","post","type-post","status-publish","format-standard","has-post-thumbnail","hentry","category-columnistas-estatales","post--single"],"jetpack_publicize_connections":[],"jetpack_featured_media_url":"https:\/\/ovelanalista.com\/wp-content\/uploads\/2024\/03\/Fernando-Zepeda-Hurtado-300x150-1.png","jetpack_sharing_enabled":true,"_links":{"self":[{"href":"https:\/\/ovelanalista.com\/index.php?rest_route=\/wp\/v2\/posts\/123063","targetHints":{"allow":["GET"]}}],"collection":[{"href":"https:\/\/ovelanalista.com\/index.php?rest_route=\/wp\/v2\/posts"}],"about":[{"href":"https:\/\/ovelanalista.com\/index.php?rest_route=\/wp\/v2\/types\/post"}],"author":[{"embeddable":true,"href":"https:\/\/ovelanalista.com\/index.php?rest_route=\/wp\/v2\/users\/3"}],"replies":[{"embeddable":true,"href":"https:\/\/ovelanalista.com\/index.php?rest_route=%2Fwp%2Fv2%2Fcomments&post=123063"}],"version-history":[{"count":1,"href":"https:\/\/ovelanalista.com\/index.php?rest_route=\/wp\/v2\/posts\/123063\/revisions"}],"predecessor-version":[{"id":123067,"href":"https:\/\/ovelanalista.com\/index.php?rest_route=\/wp\/v2\/posts\/123063\/revisions\/123067"}],"wp:featuredmedia":[{"embeddable":true,"href":"https:\/\/ovelanalista.com\/index.php?rest_route=\/wp\/v2\/media\/92500"}],"wp:attachment":[{"href":"https:\/\/ovelanalista.com\/index.php?rest_route=%2Fwp%2Fv2%2Fmedia&parent=123063"}],"wp:term":[{"taxonomy":"category","embeddable":true,"href":"https:\/\/ovelanalista.com\/index.php?rest_route=%2Fwp%2Fv2%2Fcategories&post=123063"},{"taxonomy":"post_tag","embeddable":true,"href":"https:\/\/ovelanalista.com\/index.php?rest_route=%2Fwp%2Fv2%2Ftags&post=123063"}],"curies":[{"name":"wp","href":"https:\/\/api.w.org\/{rel}","templated":true}]}}