{"id":123200,"date":"2025-06-11T19:00:53","date_gmt":"2025-06-12T01:00:53","guid":{"rendered":"https:\/\/ovelanalista.com\/?p=123200"},"modified":"2025-06-11T16:28:35","modified_gmt":"2025-06-11T22:28:35","slug":"la-economia-mexicana-caera-0-4-este-2025-proyecta-bbva","status":"publish","type":"post","link":"https:\/\/ovelanalista.com\/?p=123200","title":{"rendered":"La econom\u00eda mexicana caer\u00e1 0.4% este 2025, proyecta BBVA"},"content":{"rendered":"<p><a href=\"https:\/\/www.jornada.com.mx\/autores\/Julio%20Guti%C3%A9rrez\">Julio Guti\u00e9rrez<\/a><\/p>\n<div id=\"article-content-tts\" class=\"nota-contenido mb-5\">\n<div id=\"content_nitf\">\n<p class=\"nota-justify\"><i>Ciudad de M\u00e9xico<\/i>. BBVA M\u00e9xico, el principal grupo financiero que opera en el pa\u00eds, ajust\u00f3 a la baja su pron\u00f3stico para el desempe\u00f1o de la econom\u00eda mexicana este a\u00f1o. Espera que el Producto Interno Bruto (PIB) se contraiga 0.4 por ciento.<\/p>\n<p class=\"nota-justify\">Anteriormente, la instituci\u00f3n financiera anticipaba que la actividad tuviera un crecimiento de 1 por ciento.<\/p>\n<p class=\"nota-justify\">La aplicaci\u00f3n de\u00a0<a href=\"https:\/\/www.jornada.com.mx\/noticia\/2025\/06\/04\/politica\/tras-imposicion-de-aranceles-al-acero-nuestra-responsabilidad-es-proteger-empleos-sheinbaum\" target=\"_blank\" rel=\"noopener noreferrer\">aranceles<\/a>\u00a0por parte del gobierno de Estados Unidos en contra de diversos productos y mercanc\u00edas mexicanas es el factor que m\u00e1s peso tiene sobre este nuevo pron\u00f3stico para el desempe\u00f1o de la econom\u00eda nacional, expuso Arnulfo Rodr\u00edguez, economista principal de BBVA M\u00e9xico.<\/p>\n<p class=\"nota-justify\">A nivel local, el factor que m\u00e1s repercute es la incertidumbre que se tiene por la\u00a0<a href=\"https:\/\/www.jornada.com.mx\/noticia\/2025\/06\/09\/politica\/-eleccion-judical-perfectible-pero-permitira-sanear-sostiene-sheinbaum\" target=\"_blank\" rel=\"noopener noreferrer\">reforma al poder judicial<\/a>, misma que ha afectado la inversi\u00f3n, precis\u00f3 el economista al presentar el informe Situaci\u00f3n M\u00e9xico.<\/p>\n<p class=\"nota-justify\">La ca\u00edda del PIB este a\u00f1o, seg\u00fan las estimaciones del grupo de origen espa\u00f1ol, tendr\u00e1 como consecuencia la p\u00e9rdida de 25 mil empleos.<\/p>\n<p class=\"nota-justify\">Carlos Serrano, economista en jefe de BBVA M\u00e9xico, detall\u00f3 que la econom\u00eda mexicana atraviesa, desde hace varios meses,\u00a0<a href=\"https:\/\/www.jornada.com.mx\/noticia\/2025\/05\/29\/economia\/bdem-ve-riesgos-de-ligera-recesion-economica-en-mexico\" target=\"_blank\" rel=\"noopener noreferrer\">una marcada desaceleraci\u00f3n<\/a>, y aunque el gobierno que encabeza la presidenta Claudia Sheinbaum lograra negociar los aranceles con Washington no se podr\u00eda evitar \u201cun mal a\u00f1o\u201d.<\/p>\n<p class=\"nota-justify\">\u201cLa incertidumbre no se va a eliminar inmediatamente. De hecho, ya llevamos casi la mitad del a\u00f1o as\u00ed. Todav\u00eda no sabemos qu\u00e9 ocurrir\u00e1 con la inversi\u00f3n, pero creemos que va a ser afectada este segundo trimestre por esta incertidumbre.<\/p>\n<p class=\"nota-justify\">\u201cA\u00fan en un escenario muy bueno donde se eliminen los aranceles ya habremos llevado muchos meses de incertidumbre. Entonces, creemos que ya no nos salvamos de un mal a\u00f1o, pero eso s\u00ed podr\u00eda ser que la recuperaci\u00f3n de 2026 sea m\u00e1s potente\u201d, dijo Serrano.<\/p>\n<p class=\"nota-justify\">Se trata de una de las proyecciones m\u00e1s bajas para el crecimiento de la econom\u00eda mexicana entre diversas organizaciones privadas.<\/p>\n<p class=\"nota-justify\">El\u00a0<a href=\"https:\/\/www.jornada.com.mx\/noticia\/2025\/04\/22\/economia\/mexico-caera-en-recesion-en-2025-por-aranceles-fmi\" target=\"_blank\" rel=\"noopener noreferrer\">Fondo Monetario Internacional (FMI)<\/a>\u00a0anticipa una ca\u00edda de 0.3 por ciento, mientras que el\u00a0<a href=\"https:\/\/www.jornada.com.mx\/noticia\/2025\/05\/29\/economia\/recorta-el-bdem-pronostico-del-pib-de-06-a-01-en-2025\" target=\"_blank\" rel=\"noopener noreferrer\">Banco de M\u00e9xico (BdeM)<\/a>\u00a0proyecta un crecimiento de 0.1 por ciento y el\u00a0<a href=\"https:\/\/www.jornada.com.mx\/noticia\/2025\/06\/10\/economia\/modera-bm-pronostico-a-la-baja-del-crecimiento-de-mexico-lo-ubica-en-02-por-ciento\" target=\"_blank\" rel=\"noopener noreferrer\">Banco Mundial (BM)<\/a>\u00a0anticipa que el avance sea de 0.2 por ciento.<\/p>\n<p class=\"nota-justify\">BBVA M\u00e9xico considera que para 2026, con menores niveles de incertidumbre y un panorama m\u00e1s claro, la econom\u00eda mexicana tendr\u00e1 un repunte y avanzar\u00e1 1.2 por ciento.<\/p>\n<\/div>\n<\/div>\n<div>Con informaci\u00f3n de La Jornada<\/div>\n","protected":false},"excerpt":{"rendered":"<p>Julio Guti\u00e9rrez Ciudad de M\u00e9xico. BBVA M\u00e9xico, el principal grupo financiero que opera en el pa\u00eds, ajust\u00f3 a la baja su pron\u00f3stico para el desempe\u00f1o de la econom\u00eda mexicana este a\u00f1o. Espera que el Producto Interno Bruto (PIB) se contraiga 0.4 por ciento. Anteriormente, la instituci\u00f3n financiera anticipaba que la actividad tuviera un crecimiento de 1 por ciento. La aplicaci\u00f3n de\u00a0aranceles\u00a0por parte del gobierno de Estados Unidos en contra de diversos productos y mercanc\u00edas mexicanas es el factor que m\u00e1s peso tiene sobre este nuevo pron\u00f3stico para el desempe\u00f1o de la econom\u00eda nacional, expuso Arnulfo Rodr\u00edguez, economista principal de BBVA [&hellip;]<\/p>\n","protected":false},"author":3,"featured_media":123204,"comment_status":"open","ping_status":"open","sticky":false,"template":"","format":"standard","meta":{"_jetpack_newsletter_access":"","_jetpack_dont_email_post_to_subs":false,"_jetpack_newsletter_tier_id":0,"_jetpack_memberships_contains_paywalled_content":false,"_jetpack_feature_clip_id":0,"_jetpack_memberships_contains_paid_content":false,"footnotes":"","jetpack_publicize_message":"","jetpack_publicize_feature_enabled":true,"jetpack_social_post_already_shared":true,"jetpack_social_options":{"image_generator_settings":{"template":"highway","default_image_id":0,"font":"","enabled":false},"version":2},"jetpack_post_was_ever_published":false},"categories":[75],"tags":[],"class_list":["post-123200","post","type-post","status-publish","format-standard","has-post-thumbnail","hentry","category-nacional","post--single"],"jetpack_publicize_connections":[],"jetpack_featured_media_url":"https:\/\/ovelanalista.com\/wp-content\/uploads\/2025\/06\/baja-bbva-pronostico-de-economia-mexicana-desde-1-a-04-este-ano_7bd163e3-3952-4ed1-a023-379a40148159_medialjnimgndimagefullsize.webp","jetpack_sharing_enabled":true,"_links":{"self":[{"href":"https:\/\/ovelanalista.com\/index.php?rest_route=\/wp\/v2\/posts\/123200","targetHints":{"allow":["GET"]}}],"collection":[{"href":"https:\/\/ovelanalista.com\/index.php?rest_route=\/wp\/v2\/posts"}],"about":[{"href":"https:\/\/ovelanalista.com\/index.php?rest_route=\/wp\/v2\/types\/post"}],"author":[{"embeddable":true,"href":"https:\/\/ovelanalista.com\/index.php?rest_route=\/wp\/v2\/users\/3"}],"replies":[{"embeddable":true,"href":"https:\/\/ovelanalista.com\/index.php?rest_route=%2Fwp%2Fv2%2Fcomments&post=123200"}],"version-history":[{"count":1,"href":"https:\/\/ovelanalista.com\/index.php?rest_route=\/wp\/v2\/posts\/123200\/revisions"}],"predecessor-version":[{"id":123205,"href":"https:\/\/ovelanalista.com\/index.php?rest_route=\/wp\/v2\/posts\/123200\/revisions\/123205"}],"wp:featuredmedia":[{"embeddable":true,"href":"https:\/\/ovelanalista.com\/index.php?rest_route=\/wp\/v2\/media\/123204"}],"wp:attachment":[{"href":"https:\/\/ovelanalista.com\/index.php?rest_route=%2Fwp%2Fv2%2Fmedia&parent=123200"}],"wp:term":[{"taxonomy":"category","embeddable":true,"href":"https:\/\/ovelanalista.com\/index.php?rest_route=%2Fwp%2Fv2%2Fcategories&post=123200"},{"taxonomy":"post_tag","embeddable":true,"href":"https:\/\/ovelanalista.com\/index.php?rest_route=%2Fwp%2Fv2%2Ftags&post=123200"}],"curies":[{"name":"wp","href":"https:\/\/api.w.org\/{rel}","templated":true}]}}