{"id":123203,"date":"2025-06-11T20:00:13","date_gmt":"2025-06-12T02:00:13","guid":{"rendered":"https:\/\/ovelanalista.com\/?p=123203"},"modified":"2025-06-11T16:48:58","modified_gmt":"2025-06-11T22:48:58","slug":"descarta-gobierno-de-sinaloa-detencion-de-sinaloenses-en-redadas-migratorias-en-ee-uu","status":"publish","type":"post","link":"https:\/\/ovelanalista.com\/?p=123203","title":{"rendered":"Descarta Gobierno de Sinaloa detenci\u00f3n de sinaloenses en redadas migratorias en EE.UU."},"content":{"rendered":"<p>El secretario general de Gobierno, Feliciano Castro Mel\u00e9ndrez, asegur\u00f3 que, hasta el momento, no existen reportes de sinaloenses detenidos en las recientes redadas migratorias llevadas a cabo en Estados Unidos.<\/p>\n<p>\u201cNo tenemos informaci\u00f3n de que haya alg\u00fan sinaloense detenido en las redadas; estamos en contacto con organizaciones en California que monitorean estos casos\u201d, se\u00f1al\u00f3 el funcionario estatal.<\/p>\n<p>Indic\u00f3 que el Gobierno de Sinaloa mantiene comunicaci\u00f3n constante con representantes de la comunidad sinaloense en California, entre ellos \u00d3scar Guadalupe Vald\u00e9s Castro, integrante de la Red Nacional Sinaloense y vicepresidente de M\u00e9xico Multicultural.<\/p>\n<p>Castro Mel\u00e9ndrez adelant\u00f3 que sostendr\u00e1 una llamada con Vald\u00e9s para conocer a detalle el panorama que enfrentan los migrantes sinaloenses y descartar que alguno se encuentre entre los afectados.<\/p>\n<p>El gobierno estatal reiter\u00f3 su disposici\u00f3n para brindar apoyo a connacionales que pudieran resultar impactados por las acciones migratorias en Estados Unidos.<\/p>\n<div class=\"sharedaddy sd-sharing-enabled\"><\/div>\n","protected":false},"excerpt":{"rendered":"<p>El secretario general de Gobierno, Feliciano Castro Mel\u00e9ndrez, asegur\u00f3 que, hasta el momento, no existen reportes de sinaloenses detenidos en las recientes redadas migratorias llevadas a cabo en Estados Unidos. \u201cNo tenemos informaci\u00f3n de que haya alg\u00fan sinaloense detenido en las redadas; estamos en contacto con organizaciones en California que monitorean estos casos\u201d, se\u00f1al\u00f3 el funcionario estatal. Indic\u00f3 que el Gobierno de Sinaloa mantiene comunicaci\u00f3n constante con representantes de la comunidad sinaloense en California, entre ellos \u00d3scar Guadalupe Vald\u00e9s Castro, integrante de la Red Nacional Sinaloense y vicepresidente de M\u00e9xico Multicultural. Castro Mel\u00e9ndrez adelant\u00f3 que sostendr\u00e1 una llamada con Vald\u00e9s [&hellip;]<\/p>\n","protected":false},"author":3,"featured_media":123207,"comment_status":"open","ping_status":"open","sticky":false,"template":"","format":"standard","meta":{"_jetpack_newsletter_access":"","_jetpack_dont_email_post_to_subs":false,"_jetpack_newsletter_tier_id":0,"_jetpack_memberships_contains_paywalled_content":false,"_jetpack_feature_clip_id":0,"_jetpack_memberships_contains_paid_content":false,"footnotes":"","jetpack_publicize_message":"","jetpack_publicize_feature_enabled":true,"jetpack_social_post_already_shared":true,"jetpack_social_options":{"image_generator_settings":{"template":"highway","default_image_id":0,"font":"","enabled":false},"version":2},"jetpack_post_was_ever_published":false},"categories":[90],"tags":[],"class_list":["post-123203","post","type-post","status-publish","format-standard","has-post-thumbnail","hentry","category-estatal","post--single"],"jetpack_publicize_connections":[],"jetpack_featured_media_url":"https:\/\/ovelanalista.com\/wp-content\/uploads\/2025\/06\/Redadas-en-Estados-Unidos-hablan-en-voceria.webp","jetpack_sharing_enabled":true,"_links":{"self":[{"href":"https:\/\/ovelanalista.com\/index.php?rest_route=\/wp\/v2\/posts\/123203","targetHints":{"allow":["GET"]}}],"collection":[{"href":"https:\/\/ovelanalista.com\/index.php?rest_route=\/wp\/v2\/posts"}],"about":[{"href":"https:\/\/ovelanalista.com\/index.php?rest_route=\/wp\/v2\/types\/post"}],"author":[{"embeddable":true,"href":"https:\/\/ovelanalista.com\/index.php?rest_route=\/wp\/v2\/users\/3"}],"replies":[{"embeddable":true,"href":"https:\/\/ovelanalista.com\/index.php?rest_route=%2Fwp%2Fv2%2Fcomments&post=123203"}],"version-history":[{"count":1,"href":"https:\/\/ovelanalista.com\/index.php?rest_route=\/wp\/v2\/posts\/123203\/revisions"}],"predecessor-version":[{"id":123208,"href":"https:\/\/ovelanalista.com\/index.php?rest_route=\/wp\/v2\/posts\/123203\/revisions\/123208"}],"wp:featuredmedia":[{"embeddable":true,"href":"https:\/\/ovelanalista.com\/index.php?rest_route=\/wp\/v2\/media\/123207"}],"wp:attachment":[{"href":"https:\/\/ovelanalista.com\/index.php?rest_route=%2Fwp%2Fv2%2Fmedia&parent=123203"}],"wp:term":[{"taxonomy":"category","embeddable":true,"href":"https:\/\/ovelanalista.com\/index.php?rest_route=%2Fwp%2Fv2%2Fcategories&post=123203"},{"taxonomy":"post_tag","embeddable":true,"href":"https:\/\/ovelanalista.com\/index.php?rest_route=%2Fwp%2Fv2%2Ftags&post=123203"}],"curies":[{"name":"wp","href":"https:\/\/api.w.org\/{rel}","templated":true}]}}