{"id":123209,"date":"2025-06-12T10:25:37","date_gmt":"2025-06-12T16:25:37","guid":{"rendered":"https:\/\/ovelanalista.com\/?p=123209"},"modified":"2025-06-12T10:25:37","modified_gmt":"2025-06-12T16:25:37","slug":"sobre-el-camino-3","status":"publish","type":"post","link":"https:\/\/ovelanalista.com\/?p=123209","title":{"rendered":"SOBRE EL CAMINO"},"content":{"rendered":"<div><\/div>\n<div><strong>Por. &#8211; Benjam\u00edn Boj\u00f3rquez Olea.<\/strong><\/div>\n<div><\/div>\n<div>Liliana y su monarqu\u00eda del desencanto\u2026<\/div>\n<div><\/div>\n<div>En el gran teatro de sombras que es la pol\u00edtica sinaloense, se ha alzado el tel\u00f3n para una nueva funci\u00f3n, aunque el gui\u00f3n huele a moho y los actores repiten sus l\u00edneas con la misma desgana de quien ya no cree en la obra. La protagonista esta vez es Liliana Ang\u00e9lica C\u00e1rdenas Valenzuela, secretaria general del PRI estatal, aunque bien podr\u00eda firmar como \u201csu alteza imperial del ego perpetuo de Asturias\u201d.<\/div>\n<div><\/div>\n<div>Porque lo que presenciamos no es solo una escena de control partidista, sino un performance de culto a la personalidad, con ribetes de \u00f3pera bufa. Liliana no dirige: impone. No persuade: ordena. No construye: demuele. Lo hace con esa elegancia rancia de quien confunde liderazgo con soberbia, y partido pol\u00edtico con corte real. A donde va, reparte instrucciones como si fueran bendiciones, y lo hace creyendo que a\u00fan hay quien cree en los milagros priistas.<\/div>\n<div><\/div>\n<div>\u00bfY el presidente estatal del partido del tricolor? C\u00e9sar Emiliano Gerardo Lugo, cuyo papel parece sacado de un episodio de \u201cLos Muppets\u201d: un mu\u00f1equito decorativo con corbata, \u00fatil solo para adornar boletines de prensa. Porque aqu\u00ed, el verdadero poder \u2014o lo que queda de \u00e9l\u2014 lo detenta Liliana, desde su trono invisible pero omnipresente.<\/div>\n<div><\/div>\n<div>Pero lo que realmente da n\u00e1usea, m\u00e1s all\u00e1 del desplante, es la amnesia pol\u00edtica selectiva. Liliana se presenta como la salvadora de un partido que ayud\u00f3 a hundir, como si su historial no tuviera manchas, como si el olvido fuera un derecho y no una estrategia. En la regi\u00f3n del \u00c9vora \u2014donde ya su nombre provoca m\u00e1s sarcasmo que simpat\u00eda\u2014 la recuerdan no por gestas pol\u00edticas, sino por la arrogancia de quien jam\u00e1s entendi\u00f3 que el poder no se hereda ni se impone: se gana. O, en su caso, se pierde con estilo.<\/div>\n<div><\/div>\n<div>En el municipio de Mocorito, joya cultural de Sinaloa, se atrevi\u00f3 a callar a liderazgos locales con la gracia de una virreina en misa. Y lo m\u00e1s triste: nadie dijo nada. Porque el PRI ya no es partido, es coro. Un reba\u00f1o entrenado en aplaudir lo que no entiende y en celebrar lo que los aplasta. Ah\u00ed donde hab\u00eda debate, ahora hay eco. Donde hab\u00eda estructura, ahora hay cenizas.<\/div>\n<div><\/div>\n<div>Y aqu\u00ed el giro filos\u00f3fico inevitable: \u00bfqu\u00e9 puede esperarse de una organizaci\u00f3n que ha olvidado su prop\u00f3sito? En vez de introspecci\u00f3n, optan por la liturgia del autoenga\u00f1o. En vez de renovaci\u00f3n, eligen el culto al yo. En vez de levantar desde los cimientos, le ponen maquillaje a las ruinas. Esto ya no es pol\u00edtica: es necrofilia institucional.<\/div>\n<div><\/div>\n<div>Mientras tanto, Sinaloa observa, no con rabia, sino con resignaci\u00f3n. Porque uno puede enojarse con quien falla una vez, pero con quien repite el error como mantra\u2026 ya solo queda el sarcasmo o el silencio. El PRI, ese dinosaurio viejo y desdentado, ha elegido como sacerdotisa de su extinci\u00f3n a una figura que no quiere refundar, sino gobernar la nada.<\/div>\n<div><\/div>\n<div>GOTITAS DE AGUA:<\/div>\n<div><\/div>\n<div>Y as\u00ed seguimos, viendo c\u00f3mo se le dan t\u00edtulos nobiliarios a quien no puede ni con la humildad b\u00e1sica del servicio p\u00fablico. El PRI no est\u00e1 muriendo. El PRI se est\u00e1 suicidando\u2026 pero con pompa, con tacones, y con bolet\u00edn de prensa. Y mientras Liliana C\u00e1rdenas reparte cetros simb\u00f3licos entre ruinas, el pueblo \u2014ese que a\u00fan tiene memoria\u2014 murmura en voz baja: \u201cSi cierran la puerta, apaguen la luz\u201d. \u201cNos vemos ma\u00f1ana, si es que queda algo que ver\u201d&#8230;<\/div>\n<div><\/div>\n<div>Mi columna disponible en los siguientes portales:<\/div>\n<div><\/div>\n<div>Facebook: https:\/\/www.facebook.com\/share\/18X41ufrLJ\/?mibextid=wwXIfr<\/div>\n<div><\/div>\n<div><\/div>\n<div>S\u00edntesis de Prensa del Doctor H\u00e9ctor Mu\u00f1oz: http:\/\/www.sintesisdeprensadrhectormunoz.com\/newpreview.php?id=647&amp;tipo=3<\/div>\n<div><\/div>\n<div><\/div>\n<div>Gimperionws Tv: https:\/\/gimperionws.tv\/category\/opinion\/page\/2\/<\/div>\n<div><\/div>\n<div><\/div>\n<div>Entre Veredas: https:\/\/www.entreveredas.com.mx\/2025\/03\/ruben-rocha-moya-es-hora-de-sacar-la.html?m=1<\/div>\n<div><\/div>\n<div><\/div>\n<div>Primero Editores: https:\/\/primeroeditores.com.mx\/opinion\/sobre-el-camino-2\u2026<\/div>\n","protected":false},"excerpt":{"rendered":"<p>Por. &#8211; Benjam\u00edn Boj\u00f3rquez Olea. Liliana y su monarqu\u00eda del desencanto\u2026 En el gran teatro de sombras que es la pol\u00edtica sinaloense, se ha alzado el tel\u00f3n para una nueva funci\u00f3n, aunque el gui\u00f3n huele a moho y los actores repiten sus l\u00edneas con la misma desgana de quien ya no cree en la obra. La protagonista esta vez es Liliana Ang\u00e9lica C\u00e1rdenas Valenzuela, secretaria general del PRI estatal, aunque bien podr\u00eda firmar como \u201csu alteza imperial del ego perpetuo de Asturias\u201d. Porque lo que presenciamos no es solo una escena de control partidista, sino un performance de culto a [&hellip;]<\/p>\n","protected":false},"author":3,"featured_media":122495,"comment_status":"open","ping_status":"open","sticky":false,"template":"","format":"standard","meta":{"_jetpack_newsletter_access":"","_jetpack_dont_email_post_to_subs":false,"_jetpack_newsletter_tier_id":0,"_jetpack_memberships_contains_paywalled_content":false,"_jetpack_feature_clip_id":0,"_jetpack_memberships_contains_paid_content":false,"footnotes":"","jetpack_publicize_message":"","jetpack_publicize_feature_enabled":true,"jetpack_social_post_already_shared":true,"jetpack_social_options":{"image_generator_settings":{"template":"highway","default_image_id":0,"font":"","enabled":false},"version":2},"jetpack_post_was_ever_published":false},"categories":[79],"tags":[],"class_list":["post-123209","post","type-post","status-publish","format-standard","has-post-thumbnail","hentry","category-columnistas-nacionales","post--single"],"jetpack_publicize_connections":[],"jetpack_featured_media_url":"https:\/\/ovelanalista.com\/wp-content\/uploads\/2025\/06\/469364598_524346227421907_6044807751742770043_n.jpg","jetpack_sharing_enabled":true,"_links":{"self":[{"href":"https:\/\/ovelanalista.com\/index.php?rest_route=\/wp\/v2\/posts\/123209","targetHints":{"allow":["GET"]}}],"collection":[{"href":"https:\/\/ovelanalista.com\/index.php?rest_route=\/wp\/v2\/posts"}],"about":[{"href":"https:\/\/ovelanalista.com\/index.php?rest_route=\/wp\/v2\/types\/post"}],"author":[{"embeddable":true,"href":"https:\/\/ovelanalista.com\/index.php?rest_route=\/wp\/v2\/users\/3"}],"replies":[{"embeddable":true,"href":"https:\/\/ovelanalista.com\/index.php?rest_route=%2Fwp%2Fv2%2Fcomments&post=123209"}],"version-history":[{"count":1,"href":"https:\/\/ovelanalista.com\/index.php?rest_route=\/wp\/v2\/posts\/123209\/revisions"}],"predecessor-version":[{"id":123212,"href":"https:\/\/ovelanalista.com\/index.php?rest_route=\/wp\/v2\/posts\/123209\/revisions\/123212"}],"wp:featuredmedia":[{"embeddable":true,"href":"https:\/\/ovelanalista.com\/index.php?rest_route=\/wp\/v2\/media\/122495"}],"wp:attachment":[{"href":"https:\/\/ovelanalista.com\/index.php?rest_route=%2Fwp%2Fv2%2Fmedia&parent=123209"}],"wp:term":[{"taxonomy":"category","embeddable":true,"href":"https:\/\/ovelanalista.com\/index.php?rest_route=%2Fwp%2Fv2%2Fcategories&post=123209"},{"taxonomy":"post_tag","embeddable":true,"href":"https:\/\/ovelanalista.com\/index.php?rest_route=%2Fwp%2Fv2%2Ftags&post=123209"}],"curies":[{"name":"wp","href":"https:\/\/api.w.org\/{rel}","templated":true}]}}