{"id":123226,"date":"2025-06-12T11:00:43","date_gmt":"2025-06-12T17:00:43","guid":{"rendered":"https:\/\/ovelanalista.com\/?p=123226"},"modified":"2025-06-12T11:00:43","modified_gmt":"2025-06-12T17:00:43","slug":"toque-de-queda-para-la-economia","status":"publish","type":"post","link":"https:\/\/ovelanalista.com\/?p=123226","title":{"rendered":"Toque de queda para la econom\u00eda"},"content":{"rendered":"<div class=\"meta_left\">\n<div class=\"jeg_meta_category\"><strong>Lilia Arellano<\/strong><\/div>\n<\/div>\n<div class=\"meta_right\">\n<div class=\"jeg_meta_zoom\" data-in-step=\"3\" data-out-step=\"2\">\n<div class=\"zoom-dropdown\">\n<div class=\"zoom-icon\"><\/div>\n<\/div>\n<\/div>\n<\/div>\n<p><strong>Estado de los ESTADOS<\/strong><\/p>\n<blockquote><p>\u201cEl riesgo viene de no saber lo que est\u00e1s haciendo\u201d: Warren Buffett<\/p><\/blockquote>\n<ul>\n<li>Toque de queda para la econom\u00eda<\/li>\n<li>Complicada relaci\u00f3n M\u00e9xico-EU<\/li>\n<li>Oficialismo aumenta desconfianza<\/li>\n<\/ul>\n<p>&nbsp;<\/p>\n<p>Ciudad de M\u00e9xico, 11 de junio de 2025.- Hay toque de queda en Los \u00c1ngeles, debido a los disturbios provocados por el enfrentamiento entre las fuerzas del orden federal y los manifestantes en protesta por las agresiones a migrantes, principalmente mexicanos. En M\u00e9xico, tambi\u00e9n hay toque de queda, solo que, en relaci\u00f3n con la econom\u00eda, as\u00ed llegamos al momento de la paralizaci\u00f3n, de la vista cuando se trata de resguardarse, no caminar, permanecer est\u00e1ticos. La informaci\u00f3n es suficientemente inquietante a partir del reporte de salida de capitales enviada por el Banco de M\u00e9xico, cifra que alcanza los 46 mil millones de pesos, y de la determinaci\u00f3n de la General Motors de sacar de la producci\u00f3n en nuestro pa\u00eds dos de sus modelos m\u00e1s vendidos y regresar al armado en su pa\u00eds de origen.<\/p>\n<p>Nada se mueve en favor a partir no solamente de la aprobaci\u00f3n de una reforma judicial con la cual se desat\u00f3 una desconfianza fenomenal entre los inversionistas, sino el pendiente sobre la revisi\u00f3n o tal vez cancelaci\u00f3n del T-MEC, y la posici\u00f3n mexicana sobre los aranceles mostrando cu\u00e1n poco saben de negociaciones al declarar Marcelo Ebrard buscan cancelar el 50% de impuestos al acero, aluminio, a las latas y algunos renglones automotrices. No es momento, se advierte, de discursos buscando alertar una esperanza, pero esa reacci\u00f3n es entre los suyos, entre los receptores de beneficios y no para los creadores de empleo. A 0.4% descendi\u00f3 la previsi\u00f3n de contracci\u00f3n econ\u00f3mica, para este a\u00f1o y apenas estamos a la mitad.<\/p>\n<p>Y, para reforzar esta reacci\u00f3n negativa de los empresarios sobre las negociaciones a cargo del titular de Econom\u00eda, est\u00e1 la resoluci\u00f3n de la Suprema Corte de Estados Unidos aprobando mantener los aranceles impuestos por Donald Trump durante dos meses m\u00e1s. Es una costumbre dentro de la 4T \u201cdarle la vuelta a la tortilla\u201d, aunque en el pasado tambi\u00e9n aparecieron declaraciones de presidentes en los cuales se ten\u00edan que demostrar p\u00fablicamente lo dicho y posteriormente negado. El pr\u00edncipe de este tipo de acciones fue Vicente Fox, quien contaba con un int\u00e9rprete: \u201clo que el presidente quiso decir\u2026\u201d. As\u00ed, do\u00f1a Claudia niega ese llamado a la movilizaci\u00f3n y reclama la mala interpretaci\u00f3n de sus palabras culpando, como se hace permanentemente cuando algo sale mal, a la oposici\u00f3n y uno se pregunta: \u00bfCu\u00e1l oposici\u00f3n? \u00bfD\u00f3nde est\u00e1? \u00bfAcaso no son incapaces de meter al orden a Noro\u00f1a utilizando la plataforma senatorial?<\/p>\n<p>Sin duda, es extremadamente dif\u00edcil la relaci\u00f3n M\u00e9xico-EU en estos momentos. Do\u00f1a Claudia, aparentemente muy serena, habr\u00e1 de enfrentar a un tigre enardecido, al sujeto acompa\u00f1ado de racismo, cargado de odio hacia los migrantes, insatisfecho ante su pleito con su exmejor amigo Elon Mosk y luchando en contra de la mala imagen creado por quien fuera su mano derecha en la cuesti\u00f3n econ\u00f3mica, sin dejar de lado lo anticipado de la elecci\u00f3n del pr\u00f3ximo mandatario estadounidense, la campa\u00f1a ha comenzado y eso afecta, obviamente, la fuerza de su gobierno. Arremeter\u00e1 sin duda y estas relaciones pueden a\u00fan encontrar m\u00e1s puntos en contra.<\/p>\n<p>En un muy mal momento se hizo referencia a discursos pronunciados por el presidente cubano Miguel D\u00edaz-Canel, el venezolano Nicol\u00e1s Maduro, el colombiano Gustavo Petro, Evo Morales de Bolivia, compar\u00e1ndolos con el pronunciamiento en contra de la Organizaci\u00f3n de Estados Americanos -OEA-y para colmo se sale en defensa de la expresidenta de Argentina, acusada y sentenciada por corrupci\u00f3n por sus leyes. Obviamente las coincidencias de pensamiento con estos mandatarios se presentaron en un \u00e1lgido momento y de eso \u00bfa qui\u00e9n van a culpar?<\/p>\n<p><strong>PARALIZACI\u00d3N REAL<\/strong><\/p>\n<p>La confrontaci\u00f3n con Estados Unidos resulta sumamente costosa para M\u00e9xico. La econom\u00eda no despega, y las dificultades en las finanzas p\u00fablicas son cada vez m\u00e1s evidentes, con mayor endeudamiento. Las pol\u00edticas arancelarias del presidente Donald Trump, as\u00ed como el golpe a las remesas proyectado por el mandatario estadounidense, junto con la reforma judicial implementada por el r\u00e9gimen de la presidentA Claudia Sheinbaum, golpean las expectativas de crecimiento econ\u00f3mico de M\u00e9xico. El Banco Mundial anunci\u00f3 una disminuci\u00f3n en la tasa de crecimiento del Producto Interno Bruto (PIB) del pa\u00eds para este a\u00f1o, la cual quedar\u00e1 en 0.2 por ciento desde una estimaci\u00f3n previa de 1.5 por ciento, debido a los aranceles. Adem\u00e1s, BBVA M\u00e9xico realiz\u00f3 un ajuste en la expectativa econ\u00f3mica del pa\u00eds, al colocarla ya en terreno negativo de -0.4 por ciento al cierre de este 2025 desde una perspectiva previa de 1.0 por ciento.<\/p>\n<p>A trav\u00e9s de su \u00faltimo reporte \u201cPerspectivas Econ\u00f3micas Globales\u201d, el Banco Mundial (BM) se\u00f1al\u00f3 que las exportaciones y las remesas se ver\u00e1n afectadas, causando estragos especialmente en la Rep\u00fablica Mexicana. \u201cM\u00e9xico se ver\u00e1 particularmente afectado, en gran parte debido a su alta integraci\u00f3n con los Estados Unidos a trav\u00e9s del comercio de bienes, particularmente el sector automotriz\u201d, indic\u00f3 el organismo internacional. Otras econom\u00edas de Am\u00e9rica Central y el Caribe tambi\u00e9n se ver\u00e1n afectadas de los flujos de comercio, inversi\u00f3n y remesas. Es la segunda instituci\u00f3n internacional que prev\u00e9 un escenario pesimista para la econom\u00eda mexicana. Anteriormente, el Fondo Monetario Internacional (FMI) previ\u00f3 una contracci\u00f3n econ\u00f3mica de -0.3%. Fitch Ratings explic\u00f3 que el entorno empresarial de M\u00e9xico, que ya enfrentaba problemas asociados con la reforma judicial, se debilita a\u00fan m\u00e1s debido a la incertidumbre relacionada con los aranceles, cuesti\u00f3n que est\u00e1 afectando el gasto de capital y reduciendo la confianza del consumidor.<\/p>\n<p>Para Arnulfo Rodr\u00edguez economista principal de BBVA: \u201cEn lo que va de este a\u00f1o el desempe\u00f1o tanto de la producci\u00f3n industrial como el sector servicios es menos favorable de lo que fue en 2024\u201d, se\u00f1al\u00f3 Rodr\u00edguez, quien asegur\u00f3 que con el nuevo escenario econ\u00f3mico para M\u00e9xico se provocar\u00e1 la perdida de 25 mil empleos formales ante el Instituto Mexicano del Seguro Social. La economista Gabriela Siller, directora de an\u00e1lisis econ\u00f3mico de Banco Base, confirm\u00f3 en su cuenta oficial de X, que la econom\u00eda de M\u00e9xico \u201cse estanca con una expectativa de crecimiento de 0.2% para 2025, seg\u00fan el Banco Mundial\u201d. La nueva previsi\u00f3n coloca a M\u00e9xico entre las econom\u00edas latinoamericanas con menor dinamismo proyectado para el pr\u00f3ximo a\u00f1o.<\/p>\n<p>Ante este panorama, cualquier discurso es discutibles, poco cre\u00edble y sus repercusiones son a la inversa incrementando la desconfianza de inversionistas y empresarios.<\/p>\n<p><strong>DE LOS PASILLOS<\/strong><\/p>\n<p>Buen pleito enfrentar\u00e1n los juzgadores pr\u00f3ximos a abandonar sus cargos. Por una parte, no se est\u00e1n respetando sus derechos laborales al escatimarles las liquidaciones correspondientes y, por el otro lado, aparece el ordenamiento de no desempe\u00f1arse en su profesi\u00f3n durante los pr\u00f3ximos dos a\u00f1os y \u00bfde qu\u00e9 van a vivir? Jueces, magistrados y ministros empezar\u00e1n a manifestarse en \u201cpie de lucha\u201d. Liquidar a mil 600 costar\u00e1 cerca de 2 mil 800 millones, y este pago ya se acerca y el veto laboral tiene tintes de afectaciones a la ley laboral y, obviamente, a los derechos humanos.<\/p>\n<p><strong>Lo invitamos a visitar nuestras redes:<\/strong><\/p>\n<p>https:\/\/www.youtube.com\/mxntelevision<br \/>\nhttps:\/\/www.youtube.com\/Liliaarellano<br \/>\nhttps:\/\/www.facebook.com\/1liliaarellano<br \/>\n<a class=\"twitter-timeline\" data-width=\"1200\" data-height=\"1000\" data-dnt=\"true\" href=\"https:\/\/twitter.com\/Lilia_Arellano1?ref_src=twsrc%5Etfw\">Tweets by Lilia_Arellano1<\/a><script async src=\"https:\/\/platform.twitter.com\/widgets.js\" charset=\"utf-8\"><\/script><br \/>\nhttps:\/\/t.me\/mxnradioytv<br \/>\nhttps:\/\/instagram.com\/liliaarellanooficiala<\/p>\n","protected":false},"excerpt":{"rendered":"<p>Lilia Arellano Estado de los ESTADOS \u201cEl riesgo viene de no saber lo que est\u00e1s haciendo\u201d: Warren Buffett Toque de queda para la econom\u00eda Complicada relaci\u00f3n M\u00e9xico-EU Oficialismo aumenta desconfianza &nbsp; Ciudad de M\u00e9xico, 11 de junio de 2025.- Hay toque de queda en Los \u00c1ngeles, debido a los disturbios provocados por el enfrentamiento entre las fuerzas del orden federal y los manifestantes en protesta por las agresiones a migrantes, principalmente mexicanos. En M\u00e9xico, tambi\u00e9n hay toque de queda, solo que, en relaci\u00f3n con la econom\u00eda, as\u00ed llegamos al momento de la paralizaci\u00f3n, de la vista cuando se trata de [&hellip;]<\/p>\n","protected":false},"author":3,"featured_media":98646,"comment_status":"open","ping_status":"open","sticky":false,"template":"","format":"standard","meta":{"_jetpack_newsletter_access":"","_jetpack_dont_email_post_to_subs":false,"_jetpack_newsletter_tier_id":0,"_jetpack_memberships_contains_paywalled_content":false,"_jetpack_feature_clip_id":0,"_jetpack_memberships_contains_paid_content":false,"footnotes":"","jetpack_publicize_message":"","jetpack_publicize_feature_enabled":true,"jetpack_social_post_already_shared":true,"jetpack_social_options":{"image_generator_settings":{"template":"highway","default_image_id":0,"font":"","enabled":false},"version":2},"jetpack_post_was_ever_published":false},"categories":[79],"tags":[],"class_list":["post-123226","post","type-post","status-publish","format-standard","has-post-thumbnail","hentry","category-columnistas-nacionales","post--single"],"jetpack_publicize_connections":[],"jetpack_featured_media_url":"https:\/\/ovelanalista.com\/wp-content\/uploads\/2024\/07\/lilia_arellano.jpg","jetpack_sharing_enabled":true,"_links":{"self":[{"href":"https:\/\/ovelanalista.com\/index.php?rest_route=\/wp\/v2\/posts\/123226","targetHints":{"allow":["GET"]}}],"collection":[{"href":"https:\/\/ovelanalista.com\/index.php?rest_route=\/wp\/v2\/posts"}],"about":[{"href":"https:\/\/ovelanalista.com\/index.php?rest_route=\/wp\/v2\/types\/post"}],"author":[{"embeddable":true,"href":"https:\/\/ovelanalista.com\/index.php?rest_route=\/wp\/v2\/users\/3"}],"replies":[{"embeddable":true,"href":"https:\/\/ovelanalista.com\/index.php?rest_route=%2Fwp%2Fv2%2Fcomments&post=123226"}],"version-history":[{"count":1,"href":"https:\/\/ovelanalista.com\/index.php?rest_route=\/wp\/v2\/posts\/123226\/revisions"}],"predecessor-version":[{"id":123234,"href":"https:\/\/ovelanalista.com\/index.php?rest_route=\/wp\/v2\/posts\/123226\/revisions\/123234"}],"wp:featuredmedia":[{"embeddable":true,"href":"https:\/\/ovelanalista.com\/index.php?rest_route=\/wp\/v2\/media\/98646"}],"wp:attachment":[{"href":"https:\/\/ovelanalista.com\/index.php?rest_route=%2Fwp%2Fv2%2Fmedia&parent=123226"}],"wp:term":[{"taxonomy":"category","embeddable":true,"href":"https:\/\/ovelanalista.com\/index.php?rest_route=%2Fwp%2Fv2%2Fcategories&post=123226"},{"taxonomy":"post_tag","embeddable":true,"href":"https:\/\/ovelanalista.com\/index.php?rest_route=%2Fwp%2Fv2%2Ftags&post=123226"}],"curies":[{"name":"wp","href":"https:\/\/api.w.org\/{rel}","templated":true}]}}