{"id":123229,"date":"2025-06-12T10:59:05","date_gmt":"2025-06-12T16:59:05","guid":{"rendered":"https:\/\/ovelanalista.com\/?p=123229"},"modified":"2025-06-12T10:59:05","modified_gmt":"2025-06-12T16:59:05","slug":"sheinbaum-victima-de-opositores","status":"publish","type":"post","link":"https:\/\/ovelanalista.com\/?p=123229","title":{"rendered":"Sheinbaum, \u00bfv\u00edctima de opositores?"},"content":{"rendered":"<p><strong>La Espinita<\/strong><\/p>\n<p><strong>Andy S. K. Brown\u00a0<\/strong><\/p>\n<ul>\n<li>Sheinbaum, \u00bfv\u00edctima de opositores?<\/li>\n<li>Ti\u00f1e de rojo el TEPJF a \u201cEl Cuauh\u201d<\/li>\n<li>\u00bfTe devolvi\u00f3 el SAT tu saldo a favor?<\/li>\n<\/ul>\n<p>&nbsp;<\/p>\n<p>Se\u00f1ora Sheinbaum, no me gustar\u00eda alarmarla, pero todo indicar\u00eda que usted sufre de victimismo.<\/p>\n<p>Universitaria, cient\u00edfica, usted bien sabe que el victimismo es un trastorno paranoide de la personalidad m\u00e1s com\u00fan en la grilla a la mexicana de lo que muchos quisi\u00e9ramos aceptar.<\/p>\n<p>Sabe tambi\u00e9n que este trastorno \u2013sigamos llam\u00e1ndole as\u00ed\u2013, en el que el paciente adopta el papel de v\u00edctima tiene al menos dos prop\u00f3sitos. Por un lado, culpar a otros de conductas propias y, por el otro, enarbolar la compasi\u00f3n de terceros como defensa a supuestos ataques.<\/p>\n<p>Y usted, se\u00f1ora, se victimiz\u00f3 en su conferencia menti\u00f1era de ayer mi\u00e9rcoles.<\/p>\n<p>Porque ante la condena que en su contra profiri\u00f3 la se\u00f1ora Kristi Noem justo en las narices del Orange Trump, de que usted alent\u00f3 las manifestaciones violentas en Los \u00c1ngeles, \u00a1culp\u00f3 a la fantasmag\u00f3rica oposici\u00f3n!<\/p>\n<p>Poco cre\u00edble su excusa, se\u00f1ora. Tal vez funcione para la chairiza dom\u00e9stica a la que la 4T tiene comprada con los apoyos sociales, pero no entre la sociedad informada y, menos todav\u00eda, en los Estados Unidos.<\/p>\n<p>Porque si en Mexicalpan de las Tunas ya pocos \u201cpelan\u201d al PRI y al PAN, \u00a1imag\u00ednese qu\u00e9 posible peso podr\u00edan tener en las agencias de seguridad del gobierno estadounidense!<\/p>\n<p>\u00a1Cero!, aprovecho para aclar\u00e1rselo.<\/p>\n<p>Ahora bien, si usted se\u00f1ora tiene pruebas y evidencias de que \u201cla oposici\u00f3n\u201d torci\u00f3 sus reiterados llamados a movilizaciones en EU, d\u00e9 nombres, mu\u00e9strelos hoy en su manipuladora menti\u00f1era.<\/p>\n<p>Recuerde lo que alguna vez dijo el activista Malcolm X:<\/p>\n<p>\u201cCon una h\u00e1bil manipulaci\u00f3n de la prensa, pueden hacer que la v\u00edctima parezca un criminal y el criminal, la v\u00edctima.\u201d<\/p>\n<p>L\u00e1stima que en el segundo piso de la 4T no tengan h\u00e1biles manipuladores.<\/p>\n<p>* * *<\/p>\n<p>\u00a1Sorpresa! El futbolista Cuauht\u00e9moc Blanco ser\u00e1 inscrito en el Registro Nacional de Personas Sancionadas en Materia de Violencia Pol\u00edtica Contra la Mujer en Raz\u00f3n de G\u00e9nero (VPMRG) del INE por un fallo de la Sala Especializada del Tribunal Federal Electoral.<\/p>\n<p>La sorpresa, por supuesto, no es porque nadie hubiese sabido hasta de sobra que \u201cEl Cuauh\u201d es un macho que golpea mujeres cual es el caso de su esposa, tampoco porque haya intentado violar sexualmente a su hermana en una de sus frecuentes francachelas, tampoco porque haya impedido que la legisladora morelense Juanita Guerra haya sido discriminada por \u00e9l y sus lambiscones en un evento p\u00fablico, por lo que precisamente fue condenado.<\/p>\n<p>Sorpresivo, s\u00ed, en cambio es que el morenista TEPJF se haya atrevido a salirse del guion de la 4T al emitir un fallo adverso a un morenista. Eso s\u00ed que provoca ojos bien abiertos por lo inusitado del acto.<\/p>\n<p>Ahora que Soto y sus Felipes a\u00fan pueden desandar el camino trazado por los magistrados de la Sala Especializada y declarar inocente al sujeto, si es que \u00e9ste apela el fallo.<\/p>\n<p>&nbsp;<\/p>\n<p><img loading=\"lazy\" decoding=\"async\" class=\"aligncenter size-full wp-image-510802\" src=\"https:\/\/indicepolitico.com\/wp-content\/uploads\/2025\/06\/quiere-llorar.jpg\" sizes=\"auto, (max-width: 541px) 100vw, 541px\" srcset=\"https:\/\/indicepolitico.com\/wp-content\/uploads\/2025\/06\/quiere-llorar.jpg 541w, https:\/\/indicepolitico.com\/wp-content\/uploads\/2025\/06\/quiere-llorar-300x169.jpg 300w\" alt=\"\" width=\"541\" height=\"305\" data-pin-no-hover=\"true\" \/><\/p>\n<p>* * *<\/p>\n<p>En \u201cLa Tierra Bald\u00eda\u201d, TS Elliot escribi\u00f3 que \u201cabril es el mes m\u00e1s cruel\u201d.<\/p>\n<p>Y no porque durante ese tiempo salgan las flores de la primavera en tierra muerta, como plasm\u00f3 el poeta, sino porque en M\u00e9xico los contribuyentes al fisco tienen que presentar su declaraci\u00f3n anual de ingresos y pagar los impuestos correspondientes\u2026 por los que no recibimos mucho a cambio.<\/p>\n<p>Nueve d\u00edas antes de que el plazo para cumplir con la obligaci\u00f3n se inform\u00f3 que hasta ese lunes 21, m\u00e1s de 7 millones 350 mil contribuyentes hab\u00edan presentado las susodichas declaraciones.<\/p>\n<p>Y que de ellos, 5 millones 510 mil solicitaron su saldo a favor. Esto es, que el SAT les regresara lo que de acuerdo con las cuentas del propio organismo, hab\u00edan pagado de m\u00e1s al fisco.<\/p>\n<p>En a\u00f1os anteriores, sobre todo antes de que la 4T se empoderara y derrochara, el tiempo promedio de devoluci\u00f3n del saldo a favor era de ocho d\u00edas h\u00e1biles.<\/p>\n<p>Aunque el plazo pod\u00eda extenderse, pues el C\u00f3digo Fiscal de la Federaci\u00f3n detalla que el SAT tiene 40 d\u00edas h\u00e1biles para cumplir con la solicitud.<\/p>\n<p>Ya pasaron m\u00e1s de esos 40 d\u00edas y vale preguntar \u00bfa usted ya le devolvieron su saldo a favor?<\/p>\n<p>@AndySKBrown<\/p>\n<p>* Pseud\u00f3nimo bajo el que se redactan informaciones aportadas por los colaboradores y lectores del portal \u00cdndice Pol\u00edtico.<\/p>\n","protected":false},"excerpt":{"rendered":"<p>La Espinita Andy S. K. Brown\u00a0 Sheinbaum, \u00bfv\u00edctima de opositores? Ti\u00f1e de rojo el TEPJF a \u201cEl Cuauh\u201d \u00bfTe devolvi\u00f3 el SAT tu saldo a favor? &nbsp; Se\u00f1ora Sheinbaum, no me gustar\u00eda alarmarla, pero todo indicar\u00eda que usted sufre de victimismo. Universitaria, cient\u00edfica, usted bien sabe que el victimismo es un trastorno paranoide de la personalidad m\u00e1s com\u00fan en la grilla a la mexicana de lo que muchos quisi\u00e9ramos aceptar. Sabe tambi\u00e9n que este trastorno \u2013sigamos llam\u00e1ndole as\u00ed\u2013, en el que el paciente adopta el papel de v\u00edctima tiene al menos dos prop\u00f3sitos. Por un lado, culpar a otros de [&hellip;]<\/p>\n","protected":false},"author":3,"featured_media":89493,"comment_status":"open","ping_status":"open","sticky":false,"template":"","format":"standard","meta":{"_jetpack_newsletter_access":"","_jetpack_dont_email_post_to_subs":false,"_jetpack_newsletter_tier_id":0,"_jetpack_memberships_contains_paywalled_content":false,"_jetpack_feature_clip_id":0,"_jetpack_memberships_contains_paid_content":false,"footnotes":"","jetpack_publicize_message":"","jetpack_publicize_feature_enabled":true,"jetpack_social_post_already_shared":true,"jetpack_social_options":{"image_generator_settings":{"template":"highway","default_image_id":0,"font":"","enabled":false},"version":2},"jetpack_post_was_ever_published":false},"categories":[79],"tags":[],"class_list":["post-123229","post","type-post","status-publish","format-standard","has-post-thumbnail","hentry","category-columnistas-nacionales","post--single"],"jetpack_publicize_connections":[],"jetpack_featured_media_url":"https:\/\/ovelanalista.com\/wp-content\/uploads\/2024\/01\/Andy-S.-K.-Brown.jpeg","jetpack_sharing_enabled":true,"_links":{"self":[{"href":"https:\/\/ovelanalista.com\/index.php?rest_route=\/wp\/v2\/posts\/123229","targetHints":{"allow":["GET"]}}],"collection":[{"href":"https:\/\/ovelanalista.com\/index.php?rest_route=\/wp\/v2\/posts"}],"about":[{"href":"https:\/\/ovelanalista.com\/index.php?rest_route=\/wp\/v2\/types\/post"}],"author":[{"embeddable":true,"href":"https:\/\/ovelanalista.com\/index.php?rest_route=\/wp\/v2\/users\/3"}],"replies":[{"embeddable":true,"href":"https:\/\/ovelanalista.com\/index.php?rest_route=%2Fwp%2Fv2%2Fcomments&post=123229"}],"version-history":[{"count":1,"href":"https:\/\/ovelanalista.com\/index.php?rest_route=\/wp\/v2\/posts\/123229\/revisions"}],"predecessor-version":[{"id":123232,"href":"https:\/\/ovelanalista.com\/index.php?rest_route=\/wp\/v2\/posts\/123229\/revisions\/123232"}],"wp:featuredmedia":[{"embeddable":true,"href":"https:\/\/ovelanalista.com\/index.php?rest_route=\/wp\/v2\/media\/89493"}],"wp:attachment":[{"href":"https:\/\/ovelanalista.com\/index.php?rest_route=%2Fwp%2Fv2%2Fmedia&parent=123229"}],"wp:term":[{"taxonomy":"category","embeddable":true,"href":"https:\/\/ovelanalista.com\/index.php?rest_route=%2Fwp%2Fv2%2Fcategories&post=123229"},{"taxonomy":"post_tag","embeddable":true,"href":"https:\/\/ovelanalista.com\/index.php?rest_route=%2Fwp%2Fv2%2Ftags&post=123229"}],"curies":[{"name":"wp","href":"https:\/\/api.w.org\/{rel}","templated":true}]}}