{"id":123239,"date":"2025-06-12T11:09:51","date_gmt":"2025-06-12T17:09:51","guid":{"rendered":"https:\/\/ovelanalista.com\/?p=123239"},"modified":"2025-06-12T13:21:13","modified_gmt":"2025-06-12T19:21:13","slug":"elota-entre-la-violencia-y-el-abandono-alcalde-richard-millan-viaja-a-europa-en-medio-de-crisis","status":"publish","type":"post","link":"https:\/\/ovelanalista.com\/?p=123239","title":{"rendered":"Elota, entre la violencia y el abandono: alcalde Richard Mill\u00e1n viaja a Europa en medio de crisis"},"content":{"rendered":"<p>Javier Castro<\/p>\n<p>Elota, Sin. \u2013 Mientras Elota se posiciona como uno de los municipios m\u00e1s golpeados por la violencia en los \u00faltimos nueve meses, su presidente municipal, Richard Mill\u00e1n, se encuentra en Europa participando en un foro internacional de alcaldes, hecho que ha generado fuertes cr\u00edticas por parte de los ciudadanos.<\/p>\n<p>A trav\u00e9s de sus redes sociales, el alcalde comparti\u00f3 un video desde Par\u00eds, Francia, donde asegur\u00f3 estar representando a Elota en un evento global enfocado en el intercambio de experiencias entre gobiernos locales.<\/p>\n<p>\u201cMe encuentro en esta gran ciudad participando en un foro mundial de alcaldes, al cual fui invitado para compartir experiencias y aprender de otras ciudades del mundo.<br \/>\nElota presente en este importante evento internacional, donde tendremos la oportunidad de mostrar la grandeza de nuestro municipio a trav\u00e9s de un video que resalta su belleza, cultura y gente trabajadora\u201d, expres\u00f3 Mill\u00e1n.<\/p>\n<p>Pese al tono optimista de su mensaje, las reacciones en redes sociales no tardaron en aparecer. Muchos ciudadanos lo cuestionaron directamente, se\u00f1alando que mientras el edil promueve la imagen del municipio en el extranjero, los problemas de violencia, inseguridad y la falta de obra p\u00fablica de impacto social persisten en Elota.<\/p>\n<p>Los \u00faltimos meses han sido especialmente complicados para la regi\u00f3n, que ha sufrido los estragos de la narcoviolencia, afectando directamente la vida diaria.<\/p>\n<div class=\"fb-video\" data-allowfullscreen=\"true\" data-href=\"https:\/\/www.facebook.com\/watch\/?mibextid=wwXIfr&#038;v=724758903539908&#038;rdid=avfcnJJy2Wo76MMm\" style=\"background-color: #fff; display: inline-block;\"><\/div>\n<p>&nbsp;<\/p>\n<p>&nbsp;<\/p>\n","protected":false},"excerpt":{"rendered":"<p>Javier Castro Elota, Sin. \u2013 Mientras Elota se posiciona como uno de los municipios m\u00e1s golpeados por la violencia en los \u00faltimos nueve meses, su presidente municipal, Richard Mill\u00e1n, se encuentra en Europa participando en un foro internacional de alcaldes, hecho que ha generado fuertes cr\u00edticas por parte de los ciudadanos. A trav\u00e9s de sus redes sociales, el alcalde comparti\u00f3 un video desde Par\u00eds, Francia, donde asegur\u00f3 estar representando a Elota en un evento global enfocado en el intercambio de experiencias entre gobiernos locales. \u201cMe encuentro en esta gran ciudad participando en un foro mundial de alcaldes, al cual fui [&hellip;]<\/p>\n","protected":false},"author":3,"featured_media":123244,"comment_status":"open","ping_status":"open","sticky":false,"template":"","format":"standard","meta":{"_jetpack_newsletter_access":"","_jetpack_dont_email_post_to_subs":false,"_jetpack_newsletter_tier_id":0,"_jetpack_memberships_contains_paywalled_content":false,"_jetpack_feature_clip_id":0,"_jetpack_memberships_contains_paid_content":false,"footnotes":"","jetpack_publicize_message":"","jetpack_publicize_feature_enabled":true,"jetpack_social_post_already_shared":true,"jetpack_social_options":{"image_generator_settings":{"template":"highway","default_image_id":0,"font":"","enabled":false},"version":2},"jetpack_post_was_ever_published":false},"categories":[72],"tags":[],"class_list":["post-123239","post","type-post","status-publish","format-standard","has-post-thumbnail","hentry","category-portada","post--single"],"jetpack_publicize_connections":[],"jetpack_featured_media_url":"https:\/\/ovelanalista.com\/wp-content\/uploads\/2025\/06\/WhatsApp-Image-2025-06-12-at-9.17.57-AM.jpeg","jetpack_sharing_enabled":true,"_links":{"self":[{"href":"https:\/\/ovelanalista.com\/index.php?rest_route=\/wp\/v2\/posts\/123239","targetHints":{"allow":["GET"]}}],"collection":[{"href":"https:\/\/ovelanalista.com\/index.php?rest_route=\/wp\/v2\/posts"}],"about":[{"href":"https:\/\/ovelanalista.com\/index.php?rest_route=\/wp\/v2\/types\/post"}],"author":[{"embeddable":true,"href":"https:\/\/ovelanalista.com\/index.php?rest_route=\/wp\/v2\/users\/3"}],"replies":[{"embeddable":true,"href":"https:\/\/ovelanalista.com\/index.php?rest_route=%2Fwp%2Fv2%2Fcomments&post=123239"}],"version-history":[{"count":2,"href":"https:\/\/ovelanalista.com\/index.php?rest_route=\/wp\/v2\/posts\/123239\/revisions"}],"predecessor-version":[{"id":123258,"href":"https:\/\/ovelanalista.com\/index.php?rest_route=\/wp\/v2\/posts\/123239\/revisions\/123258"}],"wp:featuredmedia":[{"embeddable":true,"href":"https:\/\/ovelanalista.com\/index.php?rest_route=\/wp\/v2\/media\/123244"}],"wp:attachment":[{"href":"https:\/\/ovelanalista.com\/index.php?rest_route=%2Fwp%2Fv2%2Fmedia&parent=123239"}],"wp:term":[{"taxonomy":"category","embeddable":true,"href":"https:\/\/ovelanalista.com\/index.php?rest_route=%2Fwp%2Fv2%2Fcategories&post=123239"},{"taxonomy":"post_tag","embeddable":true,"href":"https:\/\/ovelanalista.com\/index.php?rest_route=%2Fwp%2Fv2%2Ftags&post=123239"}],"curies":[{"name":"wp","href":"https:\/\/api.w.org\/{rel}","templated":true}]}}