{"id":123240,"date":"2025-06-12T11:07:07","date_gmt":"2025-06-12T17:07:07","guid":{"rendered":"https:\/\/ovelanalista.com\/?p=123240"},"modified":"2025-06-12T11:07:07","modified_gmt":"2025-06-12T17:07:07","slug":"siembran-temor-el-sobrevuelo-de-helicopteros-artillados-a-baja-altura-en-varias-colonias-de-culiacan","status":"publish","type":"post","link":"https:\/\/ovelanalista.com\/?p=123240","title":{"rendered":"Siembran temor el sobrevuelo de helic\u00f3pteros artillados a baja altura en varias colonias de Culiac\u00e1n"},"content":{"rendered":"<p class=\"entry-title\"><strong>En el blanco por Fernando Zepeda H.<\/strong><\/p>\n<p><strong>*Siembran temor el sobrevuelo de helic\u00f3pteros artillados a baja altura en varias colonias de Culiac\u00e1n<\/strong><br \/>\n<strong>*En Navolato, otro operativo por cielo y tierra se da sin que se conozca el motivo y los resultados<\/strong><br \/>\n<strong>*Donde los militares dieron un buen golpe fue en Elota. Detuvieron a 12 civiles, entre ellos tres menores de edad y aseguraron armas, cartuchos y veh\u00edculos<\/strong><br \/>\n<strong>*Mientras Elota arde y fuerzas de las tres ordenes de gobierno realizan operaciones contra grupos criminales, el Alcalde se pasea orondo por Paris<\/strong><br \/>\n<strong>*Sheinbaum y Landau se re\u00fanen en privado en Palacio Nacional. Los temas y el tono del encuentro solo ellos lo saben<\/strong><br \/>\n<strong>*Difieren cita de Vargas Landeros. Ahora para el 3 de julio. Lo que mas llama la atenci\u00f3n es la tranquilidad y la sonrisa de Gerardo. No se le ve nada nervioso<\/strong><br \/>\n<strong>*Ya suman varios los hechos que deben de preocupar a Mazatl\u00e1n. El hallazgo de fosas clandestinas con nueve cuerpos y el asalto en la autopista Culiac\u00e1n-Mazatl\u00e1n de dos j\u00f3venes contratistas<\/strong><\/p>\n<p><strong>Operativos por aire y tierra.<\/strong>\u00a0El sobrevuelo de helic\u00f3pteros artillados en diferentes zonas de Culiac\u00e1n despert\u00f3 temor entre los ciudadanos. Los helic\u00f3pteros volaron por la zona centro y el oriente de la capital del estado. Vecinos de Tres R\u00edos, Tierra Blanca, Ciudad Universitaria, Colonia centro y Las Quintas reportaron a los helic\u00f3pteros volando a baja altura. Minutos antes de la presencia en el aire de los helic\u00f3pteros militares, un taller ubicado en la colonia Miguel Hidalgo fue atacado y tres veh\u00edculos que se encontraban ah\u00ed en ese lugar recibieron decenas de impactos de armas de fuego.<\/p>\n<p><iframe loading=\"lazy\" src=\"https:\/\/www.facebook.com\/plugins\/video.php?height=476&amp;href=https%3A%2F%2Fwww.facebook.com%2FEspejoRevista%2Fvideos%2F1387784812726828%2F&amp;show_text=false&amp;width=267&amp;t=0\" width=\"267\" height=\"476\" frameborder=\"0\" scrolling=\"no\" allowfullscreen=\"allowfullscreen\" data-mce-fragment=\"1\"><\/iframe><\/p>\n<p>Por la tarde de ayer mi\u00e9rcoles, se report\u00f3 una balacera de carro a carro por la Calzada Heroico Colegio Militar frente el acceso al Fraccionamiento Alturas del Sur. En ese atentado dos civiles fueron atacados a balazos. Despu\u00e9s se supo que era padre e hijo. En el lugar perdi\u00f3 la vida el padre que iba al volante del veh\u00edculo. En tanto el hijo fue conducido mal herido a recibir atenci\u00f3n m\u00e9dica. Se estado de salud se report\u00f3 grave.<\/p>\n<p><iframe loading=\"lazy\" src=\"https:\/\/www.facebook.com\/plugins\/video.php?height=476&amp;href=https%3A%2F%2Fwww.facebook.com%2Fcontraversion.com.mx%2Fvideos%2F685982707635235%2F&amp;show_text=false&amp;width=267&amp;t=0\" width=\"267\" height=\"476\" frameborder=\"0\" scrolling=\"no\" allowfullscreen=\"allowfullscreen\" data-mce-fragment=\"1\"><\/iframe><\/p>\n<p>Horas antes se report\u00f3 un fuerte operativo tambi\u00e9n por tierra y aire por las inmediaciones de la comunidad de La Palma en Navolato. Militares y polic\u00edas recorrieron las calles de La Palma y en sus accesos se instalaron retenes donde se revisaban los veh\u00edculos y a sus ocupantes se les ped\u00eda identificaci\u00f3n. Cuando parece que los niveles de violencia se reducen, repentinamente se vuelven a presentar. Algunas veces con mayor rudeza. La violencia no cede.<\/p>\n<p><strong>Operativo en Elota.<\/strong>\u00a0Elementos de los tres \u00f3rdenes de gobierno llevaron a cabo un operativo que permiti\u00f3 la detenci\u00f3n de un numeroso grupo de civiles armados, tambi\u00e9n se asegur\u00f3 armas, cartuchos y veh\u00edculos. De acuerdo con el informe oficial, fueron 12 los civiles detenidos, entre ellos tres menores de edad. Se aseguraron 14 armas largas, cargadores y cartuchos, adem\u00e1s de 11 artefactos explosivos artesanales.<\/p>\n<p><iframe loading=\"lazy\" src=\"https:\/\/www.facebook.com\/plugins\/video.php?height=314&amp;href=https%3A%2F%2Fwww.facebook.com%2Faztecasin%2Fvideos%2F720437433800669%2F&amp;show_text=false&amp;width=560&amp;t=0\" width=\"560\" height=\"314\" frameborder=\"0\" scrolling=\"no\" allowfullscreen=\"allowfullscreen\" data-mce-fragment=\"1\"><\/iframe><\/p>\n<p>El operativo se llevo a cabo en la zona de Ceuta, municipio de Elota. Los detenidos como las armas y veh\u00edculos fueron puestos a disposici\u00f3n de la Fiscal\u00eda Federal. Fue un duro golpe a los grupos criminales que azotan el municipio de Elota, desde donde se desplazan a otras zonas de Sinaloa.<\/p>\n<p><strong>Mientras Elota arde, su Alcalde se pasea.<\/strong>\u00a0El tema del Alcalde de Elota Richard Mill\u00e1n que presume encontrarse en estos momentos en Paris, llego hasta la conferencia diaria del Gobierno del Estado. Ah\u00ed el Secretario General de Gobierno Feliciano Castro en su funci\u00f3n de vocero dijo desconocer el tema. Pero apunto que los recursos p\u00fablicos deben ser utilizados como lo establece la Ley, \u201cpara atender la problem\u00e1tica de la comunidad y no para asuntos personales\u201d.<\/p>\n<p><iframe loading=\"lazy\" src=\"https:\/\/www.facebook.com\/plugins\/video.php?height=476&amp;href=https%3A%2F%2Fwww.facebook.com%2FRichardMillanMx%2Fvideos%2F724758903539908%2F&amp;show_text=false&amp;width=267&amp;t=0\" width=\"267\" height=\"476\" frameborder=\"0\" scrolling=\"no\" allowfullscreen=\"allowfullscreen\" data-mce-fragment=\"1\"><\/iframe><\/p>\n<p>Claro que el Alcalde de Elota se vacuno en salud. En su video dice que acudi\u00f3 a un encuentro internacional de alcaldes. Mientras este se\u00f1or se pasea por las calles de Paris, en su municipio fuerzas federales y estatales llevan a cabo operativos contra grupos criminales que operan en esa zona. Por cierto, polic\u00edas municipales de Elota denunciaron que enfrentan falta de apoyos y la carencia de patrullas. Tambi\u00e9n se\u00f1alaron que no cuentan con seguro de vida. Pero a este se\u00f1or Alcalde, le vale.<\/p>\n<p><strong>Encuentro privado Sheinbaum-Landau.<\/strong>\u00a0En medio de la crisis que desataron las declaraciones en torno a las manifestaciones de migrantes en Los \u00c1ngeles, ayer se llevo a cabo la reuni\u00f3n entre la Presidenta Claudia Sheinbaum y el Subsecretario de estado norteamericano Christopher Landau.<\/p>\n<p><iframe id=\"instagram-embed-0\" class=\"instagram-media instagram-media-rendered\" src=\"https:\/\/www.instagram.com\/reel\/DKxkh7Cyzp_\/embed\/?cr=1&amp;v=14&amp;wp=1080&amp;rd=https%3A%2F%2Fsinaloaenlinea.com&amp;rp=%2Fen-el-blanco-por-fernando-zepeda-h-391%2F#%7B%22ci%22%3A0%2C%22os%22%3A4090.5%2C%22ls%22%3A2525.7000000029802%2C%22le%22%3A4079.5%7D\" height=\"599\" frameborder=\"0\" scrolling=\"no\" allowfullscreen=\"allowfullscreen\" data-instgrm-payload-id=\"instagram-media-payload-0\" data-mce-fragment=\"1\"><\/iframe><\/p>\n<p>&nbsp;<\/p>\n<p>Al encuentro acudi\u00f3 tambi\u00e9n el nuevo Embajador de EEUU en M\u00e9xico Mark Johnson y por la parte de M\u00e9xico el Secretario de Relaciones Exteriores Juan Ram\u00f3n de la Fuente, el titular de seguridad federal Omar Garc\u00eda Harfuch y Roberto Velasco, titular de la Unidad para Am\u00e9rica del Norte. Lo \u00fanico que se conoci\u00f3 de este encuentro fue lo que comunic\u00f3 en sus redes la Presidenta Sheinbaum: \u201cNos reunimos para con versar sobre diversos temas de la relaci\u00f3n M\u00e9xico-Estados Unidos\u201d. Fue todo.<\/p>\n<p><strong>Sonriente y tranquilo.<\/strong>\u00a0Quienes le apostaban a que Gerardo Vargas Landeros perdiera el control y los estribos ante la grave situaci\u00f3n que enfrenta en tribunales, se equivocaron. Vargas Landeros llego ayer a la sede Regional de Justicia Penal en Culiac\u00e1n. Acudi\u00f3 acompa\u00f1ado de sus abogados a la cita que se tenia programada con el Juez Carlos Alberto Herrera para responder a las acusaciones formuladas por la Fiscal\u00eda Estatal de Sinaloa en torno a las supuestas irregularidades que se cometieron en la renta de veh\u00edculos destinados para patrullas. Acudieron tambi\u00e9n miembros del Comit\u00e9 de Adquisiciones del Ayuntamiento de Ahome. Pero la audiencia no camin\u00f3.<\/p>\n<p><img loading=\"lazy\" decoding=\"async\" class=\"aligncenter size-full wp-image-199590 td-animation-stack-type0-2\" src=\"https:\/\/sinaloaenlinea.com\/wp-content\/uploads\/2025\/05\/gerardo-vargas-landeros-46.webp\" sizes=\"auto, (max-width: 800px) 100vw, 800px\" srcset=\"https:\/\/sinaloaenlinea.com\/wp-content\/uploads\/2025\/05\/gerardo-vargas-landeros-46.webp 800w, https:\/\/sinaloaenlinea.com\/wp-content\/uploads\/2025\/05\/gerardo-vargas-landeros-46-300x169.webp 300w, https:\/\/sinaloaenlinea.com\/wp-content\/uploads\/2025\/05\/gerardo-vargas-landeros-46-768x432.webp 768w, https:\/\/sinaloaenlinea.com\/wp-content\/uploads\/2025\/05\/gerardo-vargas-landeros-46-747x420.webp 747w, https:\/\/sinaloaenlinea.com\/wp-content\/uploads\/2025\/05\/gerardo-vargas-landeros-46-150x84.webp 150w, https:\/\/sinaloaenlinea.com\/wp-content\/uploads\/2025\/05\/gerardo-vargas-landeros-46-696x392.webp 696w\" alt=\"\" width=\"800\" height=\"450\" \/><\/p>\n<p>Los abogados solicitaron revisar las carpetas en las cuales se formulan las acusaciones. El expediente cuenta con 15 mil 474 hojas. Dif\u00edciles de revisar en corto tiempo para poder formular la defensa. Por lo que se solicito de parte de la defensa 60 d\u00edas para revisar el expediente. El Juez redujo el tiempo y acord\u00f3 una nueva cita para el 3 de julio. En medio de este proceso, primero apareci\u00f3 la estrategia de alargarlo lo m\u00e1s posible por medio de toda clase de medidas. Ahora la dilaci\u00f3n es para revisar el mundo de hojas que contienen los expedientes. Pero otro tema que destaca es la tranquilidad con la que est\u00e1 tomando las cosas Vargas Laderos. No parece preocupado. Mucho menos desesperado. Y, sobre todo, reitera y reitera cada vez que puede su total respeto y confianza a las instituciones.<\/p>\n<p><strong>Para preocuparse.<\/strong>\u00a0El pasado fin de semana, en la zona rural de Mazatl\u00e1n los colectivos de b\u00fasqueda reportaron el hallazgo de nueve cuerpos. Se se\u00f1al\u00f3 las inmediaciones de la comunidad de Lomas de Monterrey. Las fosas clandestinas est\u00e1n siendo revisadas para intentar identificar los restos encontrados. El otro hecho fue reportado ayer. Dos j\u00f3venes constructores que viajaban por la autopista Culiac\u00e1n-Mazatl\u00e1n fueron atacados por un grupo de civiles armados. Los sometieron. Los golpearon y posteriormente los abandonaron, Como pudieron uno de ellos manejo su veh\u00edculo de regreso a Culiac\u00e1n y logr\u00f3 llegar a una cl\u00ednica para recibir atenci\u00f3n m\u00e9dica. Sin embargo, su hermano que viajaba de regreso en la parte de atr\u00e1s del veh\u00edculo llego ya sin signos de vida. Mal mensaje que en las autopistas vuelvan aparecer los ataques de grupos armados. Los hechos sucedieron a la altura de la Cruz, de Elota. Zona considerada y reconocida de alto riesgo.<\/p>\n","protected":false},"excerpt":{"rendered":"<p>En el blanco por Fernando Zepeda H. *Siembran temor el sobrevuelo de helic\u00f3pteros artillados a baja altura en varias colonias de Culiac\u00e1n *En Navolato, otro operativo por cielo y tierra se da sin que se conozca el motivo y los resultados *Donde los militares dieron un buen golpe fue en Elota. Detuvieron a 12 civiles, entre ellos tres menores de edad y aseguraron armas, cartuchos y veh\u00edculos *Mientras Elota arde y fuerzas de las tres ordenes de gobierno realizan operaciones contra grupos criminales, el Alcalde se pasea orondo por Paris *Sheinbaum y Landau se re\u00fanen en privado en Palacio Nacional. [&hellip;]<\/p>\n","protected":false},"author":3,"featured_media":92500,"comment_status":"open","ping_status":"open","sticky":false,"template":"","format":"standard","meta":{"_jetpack_newsletter_access":"","_jetpack_dont_email_post_to_subs":false,"_jetpack_newsletter_tier_id":0,"_jetpack_memberships_contains_paywalled_content":false,"_jetpack_feature_clip_id":0,"_jetpack_memberships_contains_paid_content":false,"footnotes":"","jetpack_publicize_message":"","jetpack_publicize_feature_enabled":true,"jetpack_social_post_already_shared":true,"jetpack_social_options":{"image_generator_settings":{"template":"highway","default_image_id":0,"font":"","enabled":false},"version":2},"jetpack_post_was_ever_published":false},"categories":[104],"tags":[],"class_list":["post-123240","post","type-post","status-publish","format-standard","has-post-thumbnail","hentry","category-columnistas-estatales","post--single"],"jetpack_publicize_connections":[],"jetpack_featured_media_url":"https:\/\/ovelanalista.com\/wp-content\/uploads\/2024\/03\/Fernando-Zepeda-Hurtado-300x150-1.png","jetpack_sharing_enabled":true,"_links":{"self":[{"href":"https:\/\/ovelanalista.com\/index.php?rest_route=\/wp\/v2\/posts\/123240","targetHints":{"allow":["GET"]}}],"collection":[{"href":"https:\/\/ovelanalista.com\/index.php?rest_route=\/wp\/v2\/posts"}],"about":[{"href":"https:\/\/ovelanalista.com\/index.php?rest_route=\/wp\/v2\/types\/post"}],"author":[{"embeddable":true,"href":"https:\/\/ovelanalista.com\/index.php?rest_route=\/wp\/v2\/users\/3"}],"replies":[{"embeddable":true,"href":"https:\/\/ovelanalista.com\/index.php?rest_route=%2Fwp%2Fv2%2Fcomments&post=123240"}],"version-history":[{"count":1,"href":"https:\/\/ovelanalista.com\/index.php?rest_route=\/wp\/v2\/posts\/123240\/revisions"}],"predecessor-version":[{"id":123243,"href":"https:\/\/ovelanalista.com\/index.php?rest_route=\/wp\/v2\/posts\/123240\/revisions\/123243"}],"wp:featuredmedia":[{"embeddable":true,"href":"https:\/\/ovelanalista.com\/index.php?rest_route=\/wp\/v2\/media\/92500"}],"wp:attachment":[{"href":"https:\/\/ovelanalista.com\/index.php?rest_route=%2Fwp%2Fv2%2Fmedia&parent=123240"}],"wp:term":[{"taxonomy":"category","embeddable":true,"href":"https:\/\/ovelanalista.com\/index.php?rest_route=%2Fwp%2Fv2%2Fcategories&post=123240"},{"taxonomy":"post_tag","embeddable":true,"href":"https:\/\/ovelanalista.com\/index.php?rest_route=%2Fwp%2Fv2%2Ftags&post=123240"}],"curies":[{"name":"wp","href":"https:\/\/api.w.org\/{rel}","templated":true}]}}