{"id":123452,"date":"2025-06-16T10:34:26","date_gmt":"2025-06-16T16:34:26","guid":{"rendered":"https:\/\/ovelanalista.com\/?p=123452"},"modified":"2025-06-16T10:34:26","modified_gmt":"2025-06-16T16:34:26","slug":"armenta-orina-fuera-de-la-bacinica","status":"publish","type":"post","link":"https:\/\/ovelanalista.com\/?p=123452","title":{"rendered":"Armenta orina fuera de la bacinica"},"content":{"rendered":"<p><strong>La Espinita<\/strong><\/p>\n<p><strong>Andy S. K. Brown*<\/strong><\/p>\n<ul>\n<li>Armenta orina fuera de la bacinica<\/li>\n<li>Layda tambi\u00e9n perdi\u00f3 la borcelana<\/li>\n<li>Claudia, viaje tardado, demag\u00f3gico<\/li>\n<\/ul>\n<p>&nbsp;<\/p>\n<p>F\u00edsicamente, Alejandro Armenta se ve como un fortach\u00f3n de edad madura. Pol\u00edticamente, d\u00e9bil. Muy fr\u00e1gil.<\/p>\n<p>Tiene la piel delgadita, delgadita y se indigna y encabrona por pendejadas que, como su \u00eddolo, cree que \u201clastiman su investidura\u201d.<\/p>\n<p>En otras palabras, es tan delicado como una rosa con espinas que lastiman a quien osa siquiera mencionarlo.<\/p>\n<p>En su a\u00fan incipiente gesti\u00f3n \u2013que la mayor\u00eda de los poblanos esperan no sea prolongada\u2014 ha atropellado la libertad de expresi\u00f3n con insultos al editor Rodolfo Ruiz, a quien tach\u00f3 de \u201cperiodista cobarde\u201d y \u201cgenerador de violencia\u201d \u00a1por un post en X que el diarista ni siquiera escribi\u00f3!<\/p>\n<p>Sus respuestas a las preguntas de quienes ejercen la libertad de prensa usualmente son evasivas cuando su credibilidad y proceder son cuestionadas. Es memorable aquel \u201cDios te bendiga\u201d reiterado a un reportero que lo hac\u00eda ver las violaciones que, al encalar troncos de \u00e1rboles, acomet\u00eda contra la Ley de Arbolado y \u00c1reas Verdes que, como gobernador de Puebla, \u00a1\u00e9l hab\u00eda promulgado!<\/p>\n<p>El colmo: La reciente aprobaci\u00f3n de una apurada y mal ideada ocurrencia a cargo de su sumisa Legislatura estatal con mayor\u00eda cuatrotera de la iniciativa de ley en contra del \u201cciberasedio\u201d, porque el se\u00f1orito gobernador se siente afectado por las cr\u00edticas que se le hacen desde una cuenta en X.<\/p>\n<p>Y ya encarrerado el rat\u00f3n, tambi\u00e9n penaliza el espionaje digital, la usurpaci\u00f3n de identidad, el hacking (acceso no autorizado a un equipo o sistema) y el grooming (adultos que establecen relaci\u00f3n con un menor).<\/p>\n<p>Pero el delicadito mandatario transgrede los limites de su (in)competencia, porque no corresponde a los gobiernos de las entidades federativas la legislaci\u00f3n en materia de redes sociales, sino al \u00e1mbito federal, por lo que su poblana \u201cLey Mordaza\u201d irremediablemente se va a aflojar y hasta a caer.<\/p>\n<p>Ah\u00ed tiene usted la \u201cLey Censura\u201d de Claudia Sheinbaum que no ha podido ni trascender m\u00e1s all\u00e1 de las comisiones dictaminadoras.<\/p>\n<p>En otras palabras, este otro \u201cg\u00f3ber precioso\u201d \u2013fiel disc\u00edpulo del original, quien amedrent\u00f3 y viol\u00f3 derechos de la periodista Lidia Cacho\u2013 \u00a1orin\u00f3 fuera de la bacinica!, modismo que se usa para describir a alguien que comete un error, se equivoca, o se comporta de manera inadecuada en una situaci\u00f3n espec\u00edfica.<\/p>\n<p>* * *<\/p>\n<p>Si por insana curiosidad o hasta por un desafortunado accidente ha visto usted alg\u00fan episodio del programa de la \u2013en mala hora\u2014\u201cgobernadora\u201d Layda Sansores, seguro se habr\u00e1 quedado con mal sabor de boca luego de escuchar los ataques, insultos y hasta infamias que la pelirroja artificial, ya en la tercera edad, lanza en contra de quienes ella cataloga como opositores o hasta como enemigos pol\u00edticos.<\/p>\n<p>\u201cEl bramido del Jaguar\u201d o algo as\u00ed se titulan las emisiones semanales en las que la campechana canta, baila, declama e insulta.<\/p>\n<p>Pero, como su camarada poblano, ella no tolera las cr\u00edticas a su deplorable gesti\u00f3n al frente del Ejecutivo estatal y a\u00fan m\u00e1s machista que Armenta, ha ido m\u00e1s all\u00e1 que a \u00e9ste a quien se le hicieron bola los camotes.<\/p>\n<p>Y en ese tenor acus\u00f3 y mand\u00f3 a enjuiciar al periodista Jorge Luis Gonz\u00e1lez Valdez, exdirector del diario Tribuna. La jueza de control Guadalupe Mart\u00ednez Taboada, quien llev\u00f3 el caso, vincul\u00f3 a proceso al periodista por incurrir en los delitos de presunta incitaci\u00f3n al odio y a la violencia en contra de la se\u00f1ora Sansores.<\/p>\n<p>Los fieles de la secta del mes\u00edas L\u00f3pez Obrador son, como usted puede apreciar, muy tiernitos, pero a la vez violadores flagrantes de los derechos humanos consagrados en la Carta Magna y en la de las Naciones Unidas.<\/p>\n<p>\u00bfSeguir\u00e1 Claudia Sheinbaum la misma ruta que estos dos impresentables gobernadores?<\/p>\n<p>&nbsp;<\/p>\n<p><img loading=\"lazy\" decoding=\"async\" class=\"aligncenter size-full wp-image-511028\" src=\"https:\/\/indicepolitico.com\/wp-content\/uploads\/2025\/06\/Armenta.jpg\" sizes=\"auto, (max-width: 528px) 100vw, 528px\" srcset=\"https:\/\/indicepolitico.com\/wp-content\/uploads\/2025\/06\/Armenta.jpg 528w, https:\/\/indicepolitico.com\/wp-content\/uploads\/2025\/06\/Armenta-300x169.jpg 300w\" alt=\"\" width=\"528\" height=\"297\" data-pin-no-hover=\"true\" \/><\/p>\n<p>* * *<\/p>\n<p>Imagine que usted tiene invitaci\u00f3n para asistir a la reuni\u00f3n del G7 que dio inicio ayer en Kananaskis, en la provincia de Alberta, Canad\u00e1.<\/p>\n<p>Y que teniendo a su disposici\u00f3n una flotilla de aviones de la Fuerza A\u00e9rea decide emprender el vuelo en uno de l\u00ednea comercial, para viajar como lo hace \u201cel pueblo\u201d. Bueno, s\u00f3lo una parte m\u00ednima de \u00e9l.<\/p>\n<p>Por lo dilatado de su decisi\u00f3n de aceptar o no la invitaci\u00f3n que le hiciera el premier canadiense Mark Carney, su viaje costar\u00e1 m\u00e1s que si lo hubiera previsto con la debida anticipaci\u00f3n.<\/p>\n<p>Nacionalista como es usted, preferir\u00eda volar por una aerol\u00ednea mexicana. Y, mejor, si \u00e9sta es de bajo costo, para que se note muy bien cuanto cuida los impuestos que pagamos los nacionales.<\/p>\n<p>Pero sucede que Aerom\u00e9xico no puede ofrecerle el servicio. Mucho menos Volaris ni Viva Aerobus y, ni en sue\u00f1os, la revivida y otra vez moribunda Mexicana de Aviaci\u00f3n.<\/p>\n<p>As\u00ed que tiene dos sopas: American Airlines o Continental, ambas gabachas.<\/p>\n<p>Si hubiese decidido despegar ayer domingo, digamos que a las 16:55 horas desde el AICM \u2013\u00a1caray!, le hubiera gustado que fuera desde el AIFA\u2013, llegando con tres horas de anticipaci\u00f3n, o sea, poco despu\u00e9s de las 1 de la tarde, volar\u00eda primero a Vancouver donde har\u00eda una escala de 7 horas y, luego, cambiando de avi\u00f3n y de aerol\u00ednea directamente a Calgary. Llegar\u00eda a las 7:30 de la ma\u00f1ana de este lunes, para de ah\u00ed emprender el recorrido de 101 kil\u00f3metros a trav\u00e9s de la Trans-Canada Highway\/AB-1W lo que le llevar\u00eda m\u00e1s o menos 57 minutos, si no hay interrupciones o bloqueos en el tr\u00e1fico, como los de aqu\u00ed.<\/p>\n<p>Un viaje que podr\u00eda ahorrarle la mitad de su tiempo mal empleado si usara los aviones que los gobernantes de todo el mundo tienen a su disposici\u00f3n, pero en donde la demagogia pesa m\u00e1s que la eficiencia.<\/p>\n<p>Ya veremos cu\u00e1ntas horas m\u00e1s pierde de regreso.<\/p>\n<p>Viajar como lo hace Claudia Sheinbaum es como llegar en cami\u00f3n a una reuni\u00f3n en donde los dem\u00e1s arriban en limusinas.<\/p>\n<p>@AndySKBrown1<\/p>\n<p><em>* Pseud\u00f3nimo bajo el que se redactan informaciones aportadas por los colaboradores y lectores del portal \u00cdndice Pol\u00edtico.<\/em><\/p>\n","protected":false},"excerpt":{"rendered":"<p>La Espinita Andy S. K. Brown* Armenta orina fuera de la bacinica Layda tambi\u00e9n perdi\u00f3 la borcelana Claudia, viaje tardado, demag\u00f3gico &nbsp; F\u00edsicamente, Alejandro Armenta se ve como un fortach\u00f3n de edad madura. Pol\u00edticamente, d\u00e9bil. Muy fr\u00e1gil. Tiene la piel delgadita, delgadita y se indigna y encabrona por pendejadas que, como su \u00eddolo, cree que \u201clastiman su investidura\u201d. En otras palabras, es tan delicado como una rosa con espinas que lastiman a quien osa siquiera mencionarlo. En su a\u00fan incipiente gesti\u00f3n \u2013que la mayor\u00eda de los poblanos esperan no sea prolongada\u2014 ha atropellado la libertad de expresi\u00f3n con insultos al [&hellip;]<\/p>\n","protected":false},"author":3,"featured_media":89493,"comment_status":"open","ping_status":"open","sticky":false,"template":"","format":"standard","meta":{"_jetpack_newsletter_access":"","_jetpack_dont_email_post_to_subs":false,"_jetpack_newsletter_tier_id":0,"_jetpack_memberships_contains_paywalled_content":false,"_jetpack_feature_clip_id":0,"_jetpack_memberships_contains_paid_content":false,"footnotes":"","jetpack_publicize_message":"","jetpack_publicize_feature_enabled":true,"jetpack_social_post_already_shared":true,"jetpack_social_options":{"image_generator_settings":{"template":"highway","default_image_id":0,"font":"","enabled":false},"version":2},"jetpack_post_was_ever_published":false},"categories":[79],"tags":[],"class_list":["post-123452","post","type-post","status-publish","format-standard","has-post-thumbnail","hentry","category-columnistas-nacionales","post--single"],"jetpack_publicize_connections":[],"jetpack_featured_media_url":"https:\/\/ovelanalista.com\/wp-content\/uploads\/2024\/01\/Andy-S.-K.-Brown.jpeg","jetpack_sharing_enabled":true,"_links":{"self":[{"href":"https:\/\/ovelanalista.com\/index.php?rest_route=\/wp\/v2\/posts\/123452","targetHints":{"allow":["GET"]}}],"collection":[{"href":"https:\/\/ovelanalista.com\/index.php?rest_route=\/wp\/v2\/posts"}],"about":[{"href":"https:\/\/ovelanalista.com\/index.php?rest_route=\/wp\/v2\/types\/post"}],"author":[{"embeddable":true,"href":"https:\/\/ovelanalista.com\/index.php?rest_route=\/wp\/v2\/users\/3"}],"replies":[{"embeddable":true,"href":"https:\/\/ovelanalista.com\/index.php?rest_route=%2Fwp%2Fv2%2Fcomments&post=123452"}],"version-history":[{"count":1,"href":"https:\/\/ovelanalista.com\/index.php?rest_route=\/wp\/v2\/posts\/123452\/revisions"}],"predecessor-version":[{"id":123457,"href":"https:\/\/ovelanalista.com\/index.php?rest_route=\/wp\/v2\/posts\/123452\/revisions\/123457"}],"wp:featuredmedia":[{"embeddable":true,"href":"https:\/\/ovelanalista.com\/index.php?rest_route=\/wp\/v2\/media\/89493"}],"wp:attachment":[{"href":"https:\/\/ovelanalista.com\/index.php?rest_route=%2Fwp%2Fv2%2Fmedia&parent=123452"}],"wp:term":[{"taxonomy":"category","embeddable":true,"href":"https:\/\/ovelanalista.com\/index.php?rest_route=%2Fwp%2Fv2%2Fcategories&post=123452"},{"taxonomy":"post_tag","embeddable":true,"href":"https:\/\/ovelanalista.com\/index.php?rest_route=%2Fwp%2Fv2%2Ftags&post=123452"}],"curies":[{"name":"wp","href":"https:\/\/api.w.org\/{rel}","templated":true}]}}