{"id":123454,"date":"2025-06-16T10:37:35","date_gmt":"2025-06-16T16:37:35","guid":{"rendered":"https:\/\/ovelanalista.com\/?p=123454"},"modified":"2025-06-16T10:37:35","modified_gmt":"2025-06-16T16:37:35","slug":"urge-la-reconstruccion-de-un-nievo-proyecto-colectivo-para-enfrentar-la-crisis-que-vive-actualmente-sinaloa-propone-el-colegio-de-economistas","status":"publish","type":"post","link":"https:\/\/ovelanalista.com\/?p=123454","title":{"rendered":"Urge la reconstrucci\u00f3n de un nievo proyecto colectivo para enfrentar la crisis que vive actualmente Sinaloa, propone el Colegio de Economistas"},"content":{"rendered":"<p class=\"entry-title\"><strong>En el blanco por Fernando Zepeda H.<\/strong><\/p>\n<p>&nbsp;<\/p>\n<div class=\"td-module-meta-info\">\n<p><em><strong>*Urge la reconstrucci\u00f3n de un nievo proyecto colectivo para enfrentar la crisis que vive actualmente Sinaloa, propone el Colegio de Economistas<\/strong><\/em><br \/>\n<em><strong>*En el conversatorio convocado ayer por el CES, Clouthier aseguro que tenemos una sociedad enferma y Taniyama acuso al Gobierno del Estado de estar mas preocupado en sacar adelante su proyecto partidista<\/strong><\/em><br \/>\n<em><strong>*Por segundo d\u00eda consecutivo, en Mazatl\u00e1n vuelven a rugir las armas. Dos personas fueron encontradas sin vida en diferentes puntos de la ciudad<\/strong><\/em><br \/>\n<em><strong>*Excesos y abusos de militares, polic\u00edas federales, estatales y municipales afloran en esta lucha contra los criminales. Ciudadanos se dicen v\u00edctimas de extorsiones<\/strong><\/em><br \/>\n<em><strong>*Sheinbaum no logra ponerles bozal a los morenistas para que no sigan utilizando las redes sociales para entorpecer la relaci\u00f3n con EEUU. Se le rebela Andy el junior y se ve dif\u00edcil que calle a Noro\u00f1a<\/strong><\/em><br \/>\n<em><strong>*Apagones de energ\u00eda el\u00e9ctrica en Mazatl\u00e1n afectan a colonias completas. Y eso que las lluvias todav\u00eda no aparecen}<\/strong><\/em><br \/>\n<em><strong>*En El Rosario tambi\u00e9n hay afectaciones por los \u201capagones\u201d y Escuinapa reporta como consecuencia de la falta de energ\u00eda el\u00e9ctrica problemas en el abasto de agua<\/strong><\/em><\/p>\n<p><em><strong>Radiograf\u00eda del Sinaloa actual.<\/strong>\u00a0<\/em>Para el Presidente del Colegio de Economistas de Sinaloa Aaron S\u00e1nchez el estado requiere urgentemente la reconstrucci\u00f3n de un nuevo proyecto colectivo que responda al deterioro de la seguridad y el estancamiento econ\u00f3mico. En el marco del conversatorio: \u201cEl futuro de Sinaloa, \u00bfhacia d\u00f3nde y c\u00f3mo?\u201d, realizado ayer en Culiac\u00e1n, se vertieron opiniones de profesionistas preocupados e interesados por lo que esta sucediendo actualmente en Sinaloa. S\u00e1nchez dio por iniciado el conversatorio con el llamado a reflexionar en torno a la crisis profunda que atraviesa el estado, tanto en lo econ\u00f3mico como en seguridad p\u00fablica.<\/p>\n<p><img loading=\"lazy\" decoding=\"async\" class=\"aligncenter size-full wp-image-202162\" src=\"https:\/\/sinaloaenlinea.com\/wp-content\/uploads\/2025\/06\/436610711_10233146092652594_1246602973912313610_n.jpg\" sizes=\"auto, (max-width: 955px) 100vw, 955px\" srcset=\"https:\/\/sinaloaenlinea.com\/wp-content\/uploads\/2025\/06\/436610711_10233146092652594_1246602973912313610_n.jpg 955w, https:\/\/sinaloaenlinea.com\/wp-content\/uploads\/2025\/06\/436610711_10233146092652594_1246602973912313610_n-300x210.jpg 300w, https:\/\/sinaloaenlinea.com\/wp-content\/uploads\/2025\/06\/436610711_10233146092652594_1246602973912313610_n-768x538.jpg 768w, https:\/\/sinaloaenlinea.com\/wp-content\/uploads\/2025\/06\/436610711_10233146092652594_1246602973912313610_n-600x420.jpg 600w, https:\/\/sinaloaenlinea.com\/wp-content\/uploads\/2025\/06\/436610711_10233146092652594_1246602973912313610_n-150x105.jpg 150w, https:\/\/sinaloaenlinea.com\/wp-content\/uploads\/2025\/06\/436610711_10233146092652594_1246602973912313610_n-696x488.jpg 696w, https:\/\/sinaloaenlinea.com\/wp-content\/uploads\/2025\/06\/436610711_10233146092652594_1246602973912313610_n-100x70.jpg 100w\" alt=\"\" width=\"955\" height=\"669\" \/><\/p>\n<p>En ese marco, el empresario y pol\u00edtico sinaloense Manuel Clouthier aseguro que \u201cla ola de violencia e inseguridad que sufre Sinaloa es reflejo de una sociedad enferma\u201d. Y dijo que terminar\u00e1 \u201cm\u00e1s deteriorada por esta misma contingencia\u201d. Lo que esta sucediendo en Sinaloa, \u201cno es una situaci\u00f3n espontanea, sino consecuencia de a\u00f1os en que la delincuencia organizada permeo la estructura publica y social de la regi\u00f3n\u201d.<\/p>\n<p><img loading=\"lazy\" decoding=\"async\" class=\"aligncenter size-full wp-image-202163\" src=\"https:\/\/sinaloaenlinea.com\/wp-content\/uploads\/2025\/06\/Manuel_Clouthier_Carrillo.png\" sizes=\"auto, (max-width: 500px) 100vw, 500px\" srcset=\"https:\/\/sinaloaenlinea.com\/wp-content\/uploads\/2025\/06\/Manuel_Clouthier_Carrillo.png 500w, https:\/\/sinaloaenlinea.com\/wp-content\/uploads\/2025\/06\/Manuel_Clouthier_Carrillo-200x300.png 200w, https:\/\/sinaloaenlinea.com\/wp-content\/uploads\/2025\/06\/Manuel_Clouthier_Carrillo-280x420.png 280w, https:\/\/sinaloaenlinea.com\/wp-content\/uploads\/2025\/06\/Manuel_Clouthier_Carrillo-150x225.png 150w\" alt=\"\" width=\"500\" height=\"750\" \/><\/p>\n<p>Para Clouthier han sido varias d\u00e9cadas que permitieron que Sinaloa transitara por un camino equivocado a causa de la omisi\u00f3n, corrupci\u00f3n y complicidad de las autoridades del estado\u201d. Y tiene raz\u00f3n. Como sociedad se permiti\u00f3 que la delincuencia organizada penetrara hasta en las familias de quienes so ajenos a esas actividades il\u00edcitas, pero por miedo o complacencia hoy se pagan las consecuencias. Por otra parte, el empresario restaurantero de Culiac\u00e1n Miguel Taniyama acuso a la administraci\u00f3n publica de \u201cser parte del problema\u201d y se\u00f1al\u00f3 que el Gobierno de Sinaloa est\u00e1 m\u00e1s preocupado en mantener su proyecto pol\u00edtico partidista, en lugar de buscar como resolver los graves problemas de la inseguridad.<\/p>\n<p><img loading=\"lazy\" decoding=\"async\" class=\"aligncenter size-full wp-image-202167\" src=\"https:\/\/sinaloaenlinea.com\/wp-content\/uploads\/2025\/06\/462774275_3760566570875860_4802837085682813399_n.jpg\" sizes=\"auto, (max-width: 940px) 100vw, 940px\" srcset=\"https:\/\/sinaloaenlinea.com\/wp-content\/uploads\/2025\/06\/462774275_3760566570875860_4802837085682813399_n.jpg 940w, https:\/\/sinaloaenlinea.com\/wp-content\/uploads\/2025\/06\/462774275_3760566570875860_4802837085682813399_n-300x300.jpg 300w, https:\/\/sinaloaenlinea.com\/wp-content\/uploads\/2025\/06\/462774275_3760566570875860_4802837085682813399_n-150x150.jpg 150w, https:\/\/sinaloaenlinea.com\/wp-content\/uploads\/2025\/06\/462774275_3760566570875860_4802837085682813399_n-768x768.jpg 768w, https:\/\/sinaloaenlinea.com\/wp-content\/uploads\/2025\/06\/462774275_3760566570875860_4802837085682813399_n-420x420.jpg 420w, https:\/\/sinaloaenlinea.com\/wp-content\/uploads\/2025\/06\/462774275_3760566570875860_4802837085682813399_n-696x696.jpg 696w\" alt=\"\" width=\"940\" height=\"940\" \/><\/p>\n<p>En el conversatorio se organizaron tres meses de an\u00e1lisis con especialistas reconocidos. En una de ellas participaron la economista Cristina Ibarra, el empresario Miguel Tiniyama y el extitular de educaci\u00f3n en Sinaloa Juan Alfonso Mej\u00eda. En la segunda mesa estuvieron el economista Omar Garfias, la Presidenta de Coparmex en Sinaloa Martha Reyes y el l\u00edder de los agricultores Enrique Riveros. Finalmente, en la tercera mesa participaron el empresario Manuel Clouthier, el economista C\u00e9sar Valenzuela y el l\u00edder empresarial Juan Pablo Casta\u00f1\u00f3n. El esfuerzo encabezado por el Colegio de Economistas de Sinaloa que encabeza Aaron S\u00e1nchez, es tal vez, el primero en su tipo. Con una convocatoria que invita a la reflexi\u00f3n para encontrar caminos que permitan recomponer la grave situaci\u00f3n que enfrenta en estos momentos Sinaloa. Bien por Aaron y quienes integran el Colegio de Economistas de Sinaloa.<\/p>\n<p><em><strong>Repunte violento en Mazatl\u00e1n.<\/strong>\u00a0<\/em>Por segundo d\u00eda consecutivo el rugir de las armas de fuego sacudieron algunas de las zonas del puerto. Dos personas fueron encontradas muertas en dos puntos diferentes de Mazatl\u00e1n y con impactos de balas. Uno de los cuerpos fue encontrado por rumbos del fraccionamiento Costa Dorada.<\/p>\n<p><img loading=\"lazy\" decoding=\"async\" class=\"aligncenter size-full wp-image-202168\" src=\"https:\/\/sinaloaenlinea.com\/wp-content\/uploads\/2025\/06\/IMG-20250609-WA0007-1140x570-1.jpg\" sizes=\"auto, (max-width: 1140px) 100vw, 1140px\" srcset=\"https:\/\/sinaloaenlinea.com\/wp-content\/uploads\/2025\/06\/IMG-20250609-WA0007-1140x570-1.jpg 1140w, https:\/\/sinaloaenlinea.com\/wp-content\/uploads\/2025\/06\/IMG-20250609-WA0007-1140x570-1-300x150.jpg 300w, https:\/\/sinaloaenlinea.com\/wp-content\/uploads\/2025\/06\/IMG-20250609-WA0007-1140x570-1-1024x512.jpg 1024w, https:\/\/sinaloaenlinea.com\/wp-content\/uploads\/2025\/06\/IMG-20250609-WA0007-1140x570-1-768x384.jpg 768w, https:\/\/sinaloaenlinea.com\/wp-content\/uploads\/2025\/06\/IMG-20250609-WA0007-1140x570-1-840x420.jpg 840w, https:\/\/sinaloaenlinea.com\/wp-content\/uploads\/2025\/06\/IMG-20250609-WA0007-1140x570-1-150x75.jpg 150w, https:\/\/sinaloaenlinea.com\/wp-content\/uploads\/2025\/06\/IMG-20250609-WA0007-1140x570-1-696x348.jpg 696w, https:\/\/sinaloaenlinea.com\/wp-content\/uploads\/2025\/06\/IMG-20250609-WA0007-1140x570-1-1068x534.jpg 1068w\" alt=\"\" width=\"1140\" height=\"570\" \/><\/p>\n<p>El cad\u00e1ver fue localizado cubierto por ramas. La otra persona encontrada sin vida, fue en la colonia Francisco I. Madero cerca de una planta tratadora de aguas negras ubicada en esa zona en un \u00e1rea de manglares. En este fin de semana, balaceras y asesinatos se han reportado en Mazatl\u00e1n sin que las autoridades logren detener a los presuntos victimarios. Mientras las autoridades de Mazatl\u00e1n intentan maquillar lo que est\u00e1 sucediendo en muchas de las zonas del puerto, los vecinos de colonias populares y de las comunidades rurales viven temerosos por la presencia de civiles armados.<\/p>\n<p><em><strong>A rio revuelto.<\/strong><\/em>\u00a0Los abusos y excesos de militares, polic\u00edas federales, estatales y municipales han comenzado a documentarse por todo el estado. Inmersos en la lucha contra los criminales que han desestabilizado a Sinaloa, militares est\u00e1n cometiendo abusos contra la poblaci\u00f3n que nada tiene que ver con los criminales. Se introducen sin ordenes de cateo a las casas. Y detienen en muchas de las veces a sus ocupantes que son tratados de manera violenta por los militares.<\/p>\n<p>Despu\u00e9s los dejan sin explicaci\u00f3n alguna, menos disculpa. La ciudadan\u00eda ahora se tiene que cuidar de los delincuentes y asesinos que han convertido nuestras calles en arena de disputa y de quienes se presumen est\u00e1n para cuidarnos. En Mazatl\u00e1n no es una, son muchas las personas que se quejan de la polic\u00eda municipal y de agentes de tr\u00e1nsito. Los se\u00f1alan de estar extorsionando a ciudadanos que se atraviesan por su camino. Algo pudieran hacer quienes gobiernan desde Palacio Municipal. Porque los abusos van en aumento.<\/p>\n<p><em><strong>Ponerles bozal imposible. Al<\/strong><\/em>\u00a0llamado que lanzo la Presidenta a los morenistas de mesura y que no utilicen las redes sociales para no entorpecer las relaciones con Estados Unidos, parece ser que hay quienes se rebelan para acatar esa disposici\u00f3n. Y es que los morenistas han mostrado desde su llegada al poder una total falta de respeto a instituciones, a todo lo que seg\u00fan ellos les intentan poner l\u00edmites. Han actuado con el abuso, la insolencia y soberbia que les ha otorgado la impunidad institucional que les llega desde Palacio Nacional. Eso condujo a la consejera estatal de Morena en Jalisco Melissa Cornejo a vociferar e insultar a Estados Unidos, lo que le vali\u00f3 una respuesta del mism\u00edsimo Subsecretario de estado Christopher Landau.<\/p>\n<p><iframe id=\"instagram-embed-0\" class=\"instagram-media instagram-media-rendered\" src=\"https:\/\/www.instagram.com\/p\/DK0dfMhg5av\/embed\/?cr=1&amp;v=14&amp;wp=1080&amp;rd=https%3A%2F%2Fsinaloaenlinea.com&amp;rp=%2Fen-el-blanco-por-fernando-zepeda-h-393%2F#%7B%22ci%22%3A0%2C%22os%22%3A9482.799999999988%2C%22ls%22%3A2316.5999999999767%2C%22le%22%3A9457.900000000023%7D\" height=\"833\" frameborder=\"0\" scrolling=\"no\" allowfullscreen=\"allowfullscreen\" data-instgrm-payload-id=\"instagram-media-payload-0\"><\/iframe><\/p>\n<p>&nbsp;<\/p>\n<p>La l\u00edder nacional de Morena Luisa Mar\u00eda Alcalde secundo el llamado de Sheinbaum y pidi\u00f3 a todas sus huestes no politizar el tema con Estados Unidos. Se supone que las huestes morenistas deber\u00edan de acatar la disposici\u00f3n de la Presidenta, pero no es as\u00ed. El junior Andr\u00e9s Manuel L\u00f3pez Beltr\u00e1n, secretario de Morena tomo las redes para hacer una defensa de la consejera de Jalisco y refiri\u00f3 que Landau a cambiado de actitud con M\u00e9xico. Era muy diferente cuando ocupo el cargo de Embajador en M\u00e9xico, le dijo. Pareciera que \u201cAndy\u201d intenta desafiar a la Presidenta con esa y otras actitudes. Medir fuerzas sabi\u00e9ndose que su \u201cpapi\u201d est\u00e1 atr\u00e1s de este junior. Habr\u00e1 que ver tambi\u00e9n si le ponen bozal a Noro\u00f1a. Este se\u00f1or pareciera que padece diarrea verbal y todo lo maneja en redes.<\/p>\n<p><em><strong>\u201cApagones\u201d en Mazatl\u00e1n y El Rosario.<\/strong>\u00a0<\/em>En Mazatl\u00e1n los \u201capagones\u201d han estado afectando a colonias enteras. Sin explicaci\u00f3n alguna, la Comisi\u00f3n Federal de Electricidad se ha mostrado incapaz para evitar y resolver las afectaciones. Hay colonias de Mazatl\u00e1n que han permanecido m\u00e1s de seis horas sin el servicio. Y eso que las lluvias no se han comenzado a presentar. Lo peor es que nadie se hace responsable de los da\u00f1os que se presentan en los electrodom\u00e9sticos por esos constantes apagones. En la zona sur tambi\u00e9n en El Rosario se reportaron \u201capagones\u201d.<\/p>\n<p><img loading=\"lazy\" decoding=\"async\" class=\"aligncenter size-full wp-image-202170\" src=\"https:\/\/sinaloaenlinea.com\/wp-content\/uploads\/2025\/06\/12_Actualidad_29_3okkkk.p01.webp\" sizes=\"auto, (max-width: 480px) 100vw, 480px\" srcset=\"https:\/\/sinaloaenlinea.com\/wp-content\/uploads\/2025\/06\/12_Actualidad_29_3okkkk.p01.webp 480w, https:\/\/sinaloaenlinea.com\/wp-content\/uploads\/2025\/06\/12_Actualidad_29_3okkkk.p01-300x175.webp 300w, https:\/\/sinaloaenlinea.com\/wp-content\/uploads\/2025\/06\/12_Actualidad_29_3okkkk.p01-150x88.webp 150w\" alt=\"\" width=\"480\" height=\"280\" \/><\/p>\n<p>El servicio de energ\u00eda el\u00e9ctrica se ve suspendido en breves cortos y algunos que duran horas. En Escuinapa se reportaron da\u00f1os en el servicio de suministro de agua potable. Y se acredito que los \u201capagones\u201d son la causa de que los sistemas de bombeo de agua se suspendan y se da\u00f1e a las familias que quedan sin el suministro del vital l\u00edquido. As\u00ed las cosas y la CFE, eso s\u00ed, no perdona el cobro muchas veces elevado del consumo de energ\u00eda el\u00e9ctrica.<\/p>\n<\/div>\n","protected":false},"excerpt":{"rendered":"<p>En el blanco por Fernando Zepeda H. &nbsp; *Urge la reconstrucci\u00f3n de un nievo proyecto colectivo para enfrentar la crisis que vive actualmente Sinaloa, propone el Colegio de Economistas *En el conversatorio convocado ayer por el CES, Clouthier aseguro que tenemos una sociedad enferma y Taniyama acuso al Gobierno del Estado de estar mas preocupado en sacar adelante su proyecto partidista *Por segundo d\u00eda consecutivo, en Mazatl\u00e1n vuelven a rugir las armas. Dos personas fueron encontradas sin vida en diferentes puntos de la ciudad *Excesos y abusos de militares, polic\u00edas federales, estatales y municipales afloran en esta lucha contra los [&hellip;]<\/p>\n","protected":false},"author":3,"featured_media":92500,"comment_status":"open","ping_status":"open","sticky":false,"template":"","format":"standard","meta":{"_jetpack_newsletter_access":"","_jetpack_dont_email_post_to_subs":false,"_jetpack_newsletter_tier_id":0,"_jetpack_memberships_contains_paywalled_content":false,"_jetpack_feature_clip_id":0,"_jetpack_memberships_contains_paid_content":false,"footnotes":"","jetpack_publicize_message":"","jetpack_publicize_feature_enabled":true,"jetpack_social_post_already_shared":true,"jetpack_social_options":{"image_generator_settings":{"template":"highway","default_image_id":0,"font":"","enabled":false},"version":2},"jetpack_post_was_ever_published":false},"categories":[104],"tags":[],"class_list":["post-123454","post","type-post","status-publish","format-standard","has-post-thumbnail","hentry","category-columnistas-estatales","post--single"],"jetpack_publicize_connections":[],"jetpack_featured_media_url":"https:\/\/ovelanalista.com\/wp-content\/uploads\/2024\/03\/Fernando-Zepeda-Hurtado-300x150-1.png","jetpack_sharing_enabled":true,"_links":{"self":[{"href":"https:\/\/ovelanalista.com\/index.php?rest_route=\/wp\/v2\/posts\/123454","targetHints":{"allow":["GET"]}}],"collection":[{"href":"https:\/\/ovelanalista.com\/index.php?rest_route=\/wp\/v2\/posts"}],"about":[{"href":"https:\/\/ovelanalista.com\/index.php?rest_route=\/wp\/v2\/types\/post"}],"author":[{"embeddable":true,"href":"https:\/\/ovelanalista.com\/index.php?rest_route=\/wp\/v2\/users\/3"}],"replies":[{"embeddable":true,"href":"https:\/\/ovelanalista.com\/index.php?rest_route=%2Fwp%2Fv2%2Fcomments&post=123454"}],"version-history":[{"count":1,"href":"https:\/\/ovelanalista.com\/index.php?rest_route=\/wp\/v2\/posts\/123454\/revisions"}],"predecessor-version":[{"id":123459,"href":"https:\/\/ovelanalista.com\/index.php?rest_route=\/wp\/v2\/posts\/123454\/revisions\/123459"}],"wp:featuredmedia":[{"embeddable":true,"href":"https:\/\/ovelanalista.com\/index.php?rest_route=\/wp\/v2\/media\/92500"}],"wp:attachment":[{"href":"https:\/\/ovelanalista.com\/index.php?rest_route=%2Fwp%2Fv2%2Fmedia&parent=123454"}],"wp:term":[{"taxonomy":"category","embeddable":true,"href":"https:\/\/ovelanalista.com\/index.php?rest_route=%2Fwp%2Fv2%2Fcategories&post=123454"},{"taxonomy":"post_tag","embeddable":true,"href":"https:\/\/ovelanalista.com\/index.php?rest_route=%2Fwp%2Fv2%2Ftags&post=123454"}],"curies":[{"name":"wp","href":"https:\/\/api.w.org\/{rel}","templated":true}]}}