{"id":123461,"date":"2025-06-16T10:56:12","date_gmt":"2025-06-16T16:56:12","guid":{"rendered":"https:\/\/ovelanalista.com\/?p=123461"},"modified":"2025-06-16T11:01:14","modified_gmt":"2025-06-16T17:01:14","slug":"trump-en-la-encrucijada-tiene-un-grave-rechazo-mundial","status":"publish","type":"post","link":"https:\/\/ovelanalista.com\/?p=123461","title":{"rendered":"Trump en la encrucijada; tiene un grave rechazo mundial"},"content":{"rendered":"<p><strong>por Jos\u00e9 Luis Camacho<\/strong><br \/>\n<i class=\"fa fa-calendar-o\" aria-hidden=\"true\"><\/i><\/p>\n<p style=\"font-weight: 400;\">La cruzada realizada en Estados Unidos contra las acciones violatorias de la Constituci\u00f3n y de los derechos humanos ejecutadas por el gobierno de Donald Trump,\u00a0<b><strong>a trav\u00e9s de una cadena de protestas que fueron llevadas a cabo en casi todo el territorio de ese pa\u00eds bajo la consigna NO KING,<\/strong><\/b>\u00a0han sido una reveladora y may\u00fascula evidencia del rechazo popular a un estilo de gobierno que raya en lo demencial.<\/p>\n<p style=\"font-weight: 400;\">Los infiltrados en las marchas de protesta celebradas en Los \u00c1ngeles por las inhumanas redadas ordenadas por Trump, igual que lo que ocurre en M\u00e9xico<b><strong>, son agentes provocadores que tiene a su servicio el aparato metaconstitucional del habitante de la Casa Blanca.<\/strong><\/b><\/p>\n<p style=\"font-weight: 400;\">Todo indica que la estrategia de Donald Trump de imponer sus criterios antiinmigrantes y arancelarios como una forma de recuperaci\u00f3n de valores nacionales y pol\u00edticas salvadoras de la econom\u00eda estadounidense, est\u00e1 fracasando rotundamente.<\/p>\n<p style=\"font-weight: 400;\">Como mexicano que comprende el fen\u00f3meno migratorio en sus vertientes m\u00e1s importantes como son la falta de niveles socio-culturales que se\u00f1alan en su texto\u00a0<b><strong>\u201cPorqu\u00e9 Fracasan las Naciones\u201d,<\/strong><\/b>\u00a0Daron Acemoglu y James A. Robinson, as\u00ed como la corrupci\u00f3n gubernamental que sigue condicionando el desarrollo de nuestro pa\u00eds, considerada como uno de los factores primordiales del estancamiento tanto democr\u00e1tico como econ\u00f3mico que sufrimos desde hace ya m\u00e1s de 12 sexenios, tengo que aceptar que el nazismo migratorio impuesto por Trump, es de una gravedad tan grande como lo es la cosm\u00e9tica pol\u00edtica migratoria que tiene el gobierno mexicano.<\/p>\n<p style=\"font-weight: 400;\"><b><strong>Una pol\u00edtica migratoria nacional la nuestra, que permite absurdos tan grandes como el sostener a un encargado de Instituto de Migraci\u00f3n, Francisco Gardu\u00f1o, despu\u00e9s de que por una negligencia criminal de esa instituci\u00f3n cuando \u00e9l la dirig\u00eda y que ocasion\u00f3 la muerte de varias decenas de migrantes centroamericanos hacinados en un ret\u00e9n en Ciudad Ju\u00e1rez,<\/strong><\/b>\u00a0que no fue otra cosa que el hecho de todo un\u00a0<b><strong>gabinete y un poder legislativo que se sometieron a los designios de un mandatario necio y caprichoso como lo fue Andr\u00e9s Manuel L\u00f3pez Obrador.<\/strong><\/b><\/p>\n<p style=\"font-weight: 400;\">Trump est\u00e1 fracasando en su estrategia contra los inmigrantes ilegales que llegan a su pa\u00eds por la porosa frontera mexicana.<\/p>\n<p style=\"font-weight: 400;\">Por ello, el mandatario de EU recurre a las acciones racistas, inhumanas y sin duda escenogr\u00e1ficas, con una dosis enfermiza de maldad, como han sido las redadas operadas desde la semana pasada en Los \u00c1ngeles.<\/p>\n<p style=\"font-weight: 400;\">La celebraci\u00f3n del NO KING, justamente en el d\u00eda en el que Trump cumpl\u00eda un a\u00f1o m\u00e1s de vida, ha sido un fen\u00f3meno social de rechazo al gobierno federal como no se hab\u00eda visto desde que el gobierno de Nixon inici\u00f3 su derrumbe con las protestas internas por la guerra de Vietnam.<\/p>\n<p style=\"font-weight: 400;\">Las se\u00f1ales del ocaso de la aceptaci\u00f3n electoral que llev\u00f3 a Trump por segunda ocasi\u00f3n a la Casa Blanca, son indiscutibles y van en ca\u00edda libre.<\/p>\n<p style=\"font-weight: 400;\"><b><strong>Un gobierno de ocurrencias; atendiendo a caprichos y no a t\u00e1cticas de control medi\u00e1tico de la opini\u00f3n p\u00fablica, con un mal equipo de operadores, son los componentes de un escenario de fracaso que, si en M\u00e9xico tuvo como ep\u00edlogo el refugiarse en Cuba, tal vez por eso Trump pretende anexar Groenlandia a los Estados Unidos.<\/strong><\/b><\/p>\n<p style=\"font-weight: 400;\">Los s\u00edntomas de la rebeli\u00f3n social en Estados Unidos son cada vez m\u00e1s fuertes.<\/p>\n","protected":false},"excerpt":{"rendered":"<p>por Jos\u00e9 Luis Camacho La cruzada realizada en Estados Unidos contra las acciones violatorias de la Constituci\u00f3n y de los derechos humanos ejecutadas por el gobierno de Donald Trump,\u00a0a trav\u00e9s de una cadena de protestas que fueron llevadas a cabo en casi todo el territorio de ese pa\u00eds bajo la consigna NO KING,\u00a0han sido una reveladora y may\u00fascula evidencia del rechazo popular a un estilo de gobierno que raya en lo demencial. Los infiltrados en las marchas de protesta celebradas en Los \u00c1ngeles por las inhumanas redadas ordenadas por Trump, igual que lo que ocurre en M\u00e9xico, son agentes provocadores [&hellip;]<\/p>\n","protected":false},"author":3,"featured_media":123467,"comment_status":"open","ping_status":"open","sticky":false,"template":"","format":"standard","meta":{"_jetpack_newsletter_access":"","_jetpack_dont_email_post_to_subs":false,"_jetpack_newsletter_tier_id":0,"_jetpack_memberships_contains_paywalled_content":false,"_jetpack_feature_clip_id":0,"_jetpack_memberships_contains_paid_content":false,"footnotes":"","jetpack_publicize_message":"","jetpack_publicize_feature_enabled":true,"jetpack_social_post_already_shared":true,"jetpack_social_options":{"image_generator_settings":{"template":"highway","default_image_id":0,"font":"","enabled":false},"version":2},"jetpack_post_was_ever_published":false},"categories":[79],"tags":[],"class_list":["post-123461","post","type-post","status-publish","format-standard","has-post-thumbnail","hentry","category-columnistas-nacionales","post--single"],"jetpack_publicize_connections":[],"jetpack_featured_media_url":"https:\/\/ovelanalista.com\/wp-content\/uploads\/2025\/06\/Senador_Padilla.jpeg","jetpack_sharing_enabled":true,"_links":{"self":[{"href":"https:\/\/ovelanalista.com\/index.php?rest_route=\/wp\/v2\/posts\/123461","targetHints":{"allow":["GET"]}}],"collection":[{"href":"https:\/\/ovelanalista.com\/index.php?rest_route=\/wp\/v2\/posts"}],"about":[{"href":"https:\/\/ovelanalista.com\/index.php?rest_route=\/wp\/v2\/types\/post"}],"author":[{"embeddable":true,"href":"https:\/\/ovelanalista.com\/index.php?rest_route=\/wp\/v2\/users\/3"}],"replies":[{"embeddable":true,"href":"https:\/\/ovelanalista.com\/index.php?rest_route=%2Fwp%2Fv2%2Fcomments&post=123461"}],"version-history":[{"count":2,"href":"https:\/\/ovelanalista.com\/index.php?rest_route=\/wp\/v2\/posts\/123461\/revisions"}],"predecessor-version":[{"id":123474,"href":"https:\/\/ovelanalista.com\/index.php?rest_route=\/wp\/v2\/posts\/123461\/revisions\/123474"}],"wp:featuredmedia":[{"embeddable":true,"href":"https:\/\/ovelanalista.com\/index.php?rest_route=\/wp\/v2\/media\/123467"}],"wp:attachment":[{"href":"https:\/\/ovelanalista.com\/index.php?rest_route=%2Fwp%2Fv2%2Fmedia&parent=123461"}],"wp:term":[{"taxonomy":"category","embeddable":true,"href":"https:\/\/ovelanalista.com\/index.php?rest_route=%2Fwp%2Fv2%2Fcategories&post=123461"},{"taxonomy":"post_tag","embeddable":true,"href":"https:\/\/ovelanalista.com\/index.php?rest_route=%2Fwp%2Fv2%2Ftags&post=123461"}],"curies":[{"name":"wp","href":"https:\/\/api.w.org\/{rel}","templated":true}]}}