{"id":123462,"date":"2025-06-16T10:41:51","date_gmt":"2025-06-16T16:41:51","guid":{"rendered":"https:\/\/ovelanalista.com\/?p=123462"},"modified":"2025-06-16T10:41:51","modified_gmt":"2025-06-16T16:41:51","slug":"juez-everardo-maya-es-localizado-muerto-con-disparo-en-la-cabeza-en-edomex","status":"publish","type":"post","link":"https:\/\/ovelanalista.com\/?p=123462","title":{"rendered":"Juez Everardo Maya es localizado muerto con disparo en la cabeza en Edomex"},"content":{"rendered":"<div class=\"post-summary\">\n<p>El juez fue se\u00f1alado por otorgar amparos a Jos\u00e9 Luis Abarca, implicado en el caso Ayotzinapa, y a Ovidio Guzm\u00e1n, para evitar su captura.<\/p>\n<\/div>\n<div class=\"post-meta\">\n<p>El cuerpo del juez Everardo Maya Arias fue localizado la ma\u00f1ana de este domingo 15 de junio con un disparo en la cabeza a bordo de una camioneta.<\/p>\n<p>&nbsp;<\/p>\n<p>El hallazgo se realiz\u00f3 en la comunidad de Santa Cruz Cuauhtenco, en el municipio de Zinacantepec.<\/p>\n<p>&nbsp;<\/p>\n<p>La v\u00edctima fue encontrada sin vida a bordo de una camioneta blanca de la marca Volkswagen con placas de circulaci\u00f3n NE9087C.<\/p>\n<p>&nbsp;<\/p>\n<p>El veh\u00edculo se encontraba sobre un camino de terracer\u00eda a un costado del pante\u00f3n de la localidad.<\/p>\n<p>&nbsp;<\/p>\n<p>Junto al cuerpo de la v\u00edctima fue encontrada un arma de fuego.<\/p>\n<p>&nbsp;<\/p>\n<p>Everardo Maya Arias se desempe\u00f1aba como Juez Tercero de Distrito en Materia de Amparo en el Estado de M\u00e9xico.<\/p>\n<p>&nbsp;<\/p>\n<p>El juzgador se vio envuelto en casos pol\u00e9micos, ya que fue quien concedi\u00f3 un amparo en contra de la prisi\u00f3n preventiva justificada al exalcalde de Iguala, Jos\u00e9 Luis Abarca, relacionado con la desaparici\u00f3n de los 43 estudiantes normalistas de Ayotzinapa.<\/p>\n<p>&nbsp;<\/p>\n<p>Este juez tambi\u00e9n concedi\u00f3 una suspensi\u00f3n definitiva a Ovidio Guzm\u00e1n L\u00f3pez, \u201cEl Rat\u00f3n\u201d, contra una orden de aprehensi\u00f3n.<\/p>\n<\/div>\n<div><\/div>\n<div><\/div>\n<div>Con informaci\u00f3n de El Regional<\/div>\n","protected":false},"excerpt":{"rendered":"<p>El juez fue se\u00f1alado por otorgar amparos a Jos\u00e9 Luis Abarca, implicado en el caso Ayotzinapa, y a Ovidio Guzm\u00e1n, para evitar su captura. El cuerpo del juez Everardo Maya Arias fue localizado la ma\u00f1ana de este domingo 15 de junio con un disparo en la cabeza a bordo de una camioneta. &nbsp; El hallazgo se realiz\u00f3 en la comunidad de Santa Cruz Cuauhtenco, en el municipio de Zinacantepec. &nbsp; La v\u00edctima fue encontrada sin vida a bordo de una camioneta blanca de la marca Volkswagen con placas de circulaci\u00f3n NE9087C. &nbsp; El veh\u00edculo se encontraba sobre un camino de [&hellip;]<\/p>\n","protected":false},"author":3,"featured_media":123465,"comment_status":"open","ping_status":"open","sticky":false,"template":"","format":"standard","meta":{"_jetpack_newsletter_access":"","_jetpack_dont_email_post_to_subs":false,"_jetpack_newsletter_tier_id":0,"_jetpack_memberships_contains_paywalled_content":false,"_jetpack_feature_clip_id":0,"_jetpack_memberships_contains_paid_content":false,"footnotes":"","jetpack_publicize_message":"","jetpack_publicize_feature_enabled":true,"jetpack_social_post_already_shared":true,"jetpack_social_options":{"image_generator_settings":{"template":"highway","default_image_id":0,"font":"","enabled":false},"version":2},"jetpack_post_was_ever_published":false},"categories":[75],"tags":[],"class_list":["post-123462","post","type-post","status-publish","format-standard","has-post-thumbnail","hentry","category-nacional","post--single"],"jetpack_publicize_connections":[],"jetpack_featured_media_url":"https:\/\/ovelanalista.com\/wp-content\/uploads\/2025\/06\/image_750x_684f726be82fe.jpg","jetpack_sharing_enabled":true,"_links":{"self":[{"href":"https:\/\/ovelanalista.com\/index.php?rest_route=\/wp\/v2\/posts\/123462","targetHints":{"allow":["GET"]}}],"collection":[{"href":"https:\/\/ovelanalista.com\/index.php?rest_route=\/wp\/v2\/posts"}],"about":[{"href":"https:\/\/ovelanalista.com\/index.php?rest_route=\/wp\/v2\/types\/post"}],"author":[{"embeddable":true,"href":"https:\/\/ovelanalista.com\/index.php?rest_route=\/wp\/v2\/users\/3"}],"replies":[{"embeddable":true,"href":"https:\/\/ovelanalista.com\/index.php?rest_route=%2Fwp%2Fv2%2Fcomments&post=123462"}],"version-history":[{"count":1,"href":"https:\/\/ovelanalista.com\/index.php?rest_route=\/wp\/v2\/posts\/123462\/revisions"}],"predecessor-version":[{"id":123466,"href":"https:\/\/ovelanalista.com\/index.php?rest_route=\/wp\/v2\/posts\/123462\/revisions\/123466"}],"wp:featuredmedia":[{"embeddable":true,"href":"https:\/\/ovelanalista.com\/index.php?rest_route=\/wp\/v2\/media\/123465"}],"wp:attachment":[{"href":"https:\/\/ovelanalista.com\/index.php?rest_route=%2Fwp%2Fv2%2Fmedia&parent=123462"}],"wp:term":[{"taxonomy":"category","embeddable":true,"href":"https:\/\/ovelanalista.com\/index.php?rest_route=%2Fwp%2Fv2%2Fcategories&post=123462"},{"taxonomy":"post_tag","embeddable":true,"href":"https:\/\/ovelanalista.com\/index.php?rest_route=%2Fwp%2Fv2%2Ftags&post=123462"}],"curies":[{"name":"wp","href":"https:\/\/api.w.org\/{rel}","templated":true}]}}