{"id":125334,"date":"2025-07-14T16:00:38","date_gmt":"2025-07-14T22:00:38","guid":{"rendered":"https:\/\/ovelanalista.com\/?p=125334"},"modified":"2025-07-14T11:01:13","modified_gmt":"2025-07-14T17:01:13","slug":"sinaloa-carece-de-limpieza-forense-vecinos-limpian-escenas-del-crimen","status":"publish","type":"post","link":"https:\/\/ovelanalista.com\/?p=125334","title":{"rendered":"Sinaloa carece de limpieza forense: vecinos limpian escenas del crimen"},"content":{"rendered":"<div class=\"Summary_summary__gpJTn\">\n<p class=\"Typography_text-xl__yFuoP Typography_weight-normal__pqUbH\">Tras la intervenci\u00f3n oficial en hechos violentos, no existe ninguna instancia encargada de limpiar la escena. La ausencia de servicios forenses especializados deja a los propios vecinos la tarea de retirar restos biol\u00f3gicos, con consecuencias sanitarias y emocionales para las comunidades afectadas<\/p>\n<\/div>\n<div class=\"widget-social-default_share__tz2LV\">\n<div class=\"widget-social-default_share-items__PujI3\">\n<div class=\"share-elements_elements__aD6e8\"><\/div>\n<\/div>\n<\/div>\n<p class=\"Typography_text-l__QLRR8 Typography_weight-bold__uT6mq\">Dheyna Brito<\/p>\n<p class=\"Typography_text-default__P3otY Typography_weight-normal__pqUbH Typography_text-default__P3otY Typography_weight-normal__pqUbH\">Cuando ocurre un hecho violento en Sinaloa, el protocolo de actuaci\u00f3n contempla el arribo de\u00a0<b class=\"bold\">elementos policiales, peritos y el Servicio M\u00e9dico Forense para el levantamiento del cuerpo<\/b>. Sin embargo, una vez concluida la intervenci\u00f3n de las autoridades,\u00a0<b class=\"bold\">no hay ninguna instituci\u00f3n p\u00fablica responsable de limpiar el lugar<\/b>.\u00a0<b class=\"bold\">Tampoco existen en el estado empresas privadas registradas que ofrezcan servicios de limpieza forense<\/b>, especializados en el retiro de restos biol\u00f3gicos.<\/p>\n<p class=\"Typography_text-default__P3otY Typography_weight-normal__pqUbH Typography_text-default__P3otY Typography_weight-normal__pqUbH\">De acuerdo con directorios especializados y reportes nacionales,\u00a0<b class=\"bold\">Sinaloa no cuenta con empresas activas en limpieza de escenas del crimen<\/b>. En contraste, estados como Ciudad de M\u00e9xico, Jalisco y Nuevo Le\u00f3n cuentan con firmas como\u00a0<b class=\"bold\">Limpieza Forense MX<\/b>, que operan con personal capacitado, equipo de bioseguridad y protocolos sanitarios.<\/p>\n<div class=\"ad-wrapper mexico-nota-1x1\">\n<div id=\"\/2000002\/elsoldesinaloa\/mexico_nota_1x1\" class=\"ad mexico-nota-1x1 min-h-[1px]\" data-google-query-id=\"CMKY95HpvI4DFR1eCQkdFMMB2Q\"><\/div>\n<\/div>\n<p class=\"Typography_text-default__P3otY Typography_weight-normal__pqUbH Typography_text-default__P3otY Typography_weight-normal__pqUbH\"><b class=\"bold\">La omisi\u00f3n institucional tiene consecuencias sanitarias y emocionales<\/b>. En comunidades donde ocurre un crimen, son\u00a0<b class=\"bold\">los propios vecinos quienes deben hacer frente a la limpieza<\/b>. Eso ocurri\u00f3 en una colonia al sur de Culiac\u00e1n el\u00a0<b class=\"bold\">7 de febrero pasado<\/b>, tras el asesinato de\u00a0<b class=\"bold\">tres j\u00f3venes afuera de un abarrote<\/b>.<\/p>\n<p class=\"Typography_text-default__P3otY Typography_weight-normal__pqUbH Typography_text-default__P3otY Typography_weight-normal__pqUbH\"><b class=\"bold\">\u201cAna\u201d \u2014nombre modificado por motivos de seguridad\u2014 fue testigo indirecta del hecho<\/b>. Relata que, al enterarse, se encerr\u00f3 en su casa sin poder hablar. \u201c<b class=\"bold\">Me qued\u00e9 en shock. Fue algo horrible<\/b>.\u201d Su cu\u00f1ada fue la primera persona que, al llegar de su turno nocturno,\u00a0<b class=\"bold\">se encarg\u00f3 de limpiar la sangre<\/b>. \u201cElla trabaja en Ley, le toc\u00f3 trabajar de noche. Lleg\u00f3 en la ma\u00f1ana, y fue la que limpi\u00f3 todo. Lav\u00f3 el piso donde hab\u00eda quedado el cuerpo.\u201d<\/p>\n<figure class=\"Picture_picture__jeuFM\"><img loading=\"lazy\" decoding=\"async\" class=\"Image_image__tzQM0 seedtag\" src=\"https:\/\/oem.com.mx\/elsoldesinaloa\/img\/24699556\/1752181242\/BASE_LANDSCAPE\/1200\/image.webp\" alt=\"Sangre10\" width=\"1200\" height=\"2134\" aria-description=\"Sangre10\" data-nimg=\"1\" \/><figcaption><span class=\"Typography_text-default__P3otY Typography_weight-normal__pqUbH Typography_text-xs__Hgkfb Typography_weight-normal__pqUbH\">Omisiones institucionales y sus consecuencias.\u00a0<\/span>\/\u00a0<span class=\"Typography_text-default__P3otY Typography_weight-normal__pqUbH Typography_text-xs__Hgkfb Typography_weight-normal__pqUbH\">Foto: Iv\u00e1n Medina \/ El Sol de Sinaloa<\/span><\/figcaption><\/figure>\n<p class=\"Typography_text-default__P3otY Typography_weight-normal__pqUbH Typography_text-default__P3otY Typography_weight-normal__pqUbH\">No fue la \u00fanica.\u00a0<b class=\"bold\">Vecinas del lugar, conmovidas por la escena y sin gu\u00eda de autoridad alguna, decidieron intervenir<\/b>. \u201cUna se\u00f1ora muy cat\u00f3lica trajo agua bendita. Junto con otras, lavaron todo. Ah\u00ed estaban, con escobas, con cubetas\u2026 limpiando la sangre.\u00a0<b class=\"bold\">Porque nadie m\u00e1s lo iba a hacer<\/b>\u201d, narr\u00f3 Ana.<\/p>\n<p class=\"Typography_text-default__P3otY Typography_weight-normal__pqUbH Typography_text-default__P3otY Typography_weight-normal__pqUbH\"><b class=\"bold\">La limpieza no fue solo un acto f\u00edsico: fue una forma de duelo comunitario, de resignificar el espacio<\/b>. Poco despu\u00e9s, con permiso de una familiar,\u00a0<b class=\"bold\">se coloc\u00f3 un cenotafio en memoria del joven asesinado<\/b>. \u201cPens\u00e1bamos que iban a poner algo sencillito\u2026 pero no. Fue algo grande, con m\u00fasica, flores, veladoras.\u00a0<b class=\"bold\">Vienen sus familiares, su novia. Le rezan. Le ponen canciones. Es su forma de no olvidar<\/b>\u201d, dijo.<\/p>\n<p class=\"Typography_text-default__P3otY Typography_weight-normal__pqUbH Typography_text-default__P3otY Typography_weight-normal__pqUbH\">Pero el dolor no se limita a los familiares. Ana asegura que desde ese d\u00eda\u00a0<b class=\"bold\">su salud se vino abajo<\/b>. \u201cNunca hab\u00eda tenido problemas.\u00a0<b class=\"bold\">Me subi\u00f3 la presi\u00f3n, me dio neuropat\u00eda, no dorm\u00eda ni de d\u00eda ni de noche. El miedo se me qued\u00f3 en el cuerpo.<\/b>\u201d Sufre\u00a0<b class=\"bold\">insomnio, ansiedad<\/b>, y desde entonces\u00a0<b class=\"bold\">no ha vuelto a trabajar como antes<\/b>. \u201cYo ten\u00eda una librer\u00eda, vend\u00eda comida. Pero no pude seguir.\u00a0<b class=\"bold\">No puedo ni pasar por ah\u00ed, por donde mataron al plebe.<\/b>\u201d<\/p>\n<p class=\"Typography_text-default__P3otY Typography_weight-normal__pqUbH Typography_text-default__P3otY Typography_weight-normal__pqUbH\">Desde el inicio de la guerra interna en Sinaloa, el\u00a0<b class=\"bold\">9 de septiembre de 2024<\/b>, la violencia ha cobrado\u00a0<b class=\"bold\">m\u00e1s de 1,600 vidas<\/b>, seg\u00fan recuentos de medios nacionales y cifras oficiales.\u00a0<b class=\"bold\">Junio de 2025 cerr\u00f3 con 212 homicidios dolosos<\/b>, siendo el mes m\u00e1s violento en catorce a\u00f1os. El promedio actual de asesinatos en el estado es de\u00a0<b class=\"bold\">m\u00e1s de cinco al d\u00eda<\/b>, y ya se contabilizan al menos\u00a0<b class=\"bold\">50 menores asesinados<\/b>\u00a0desde el estallido del conflicto.<\/p>\n<figure class=\"Picture_picture__jeuFM\"><img loading=\"lazy\" decoding=\"async\" class=\"Image_image__tzQM0 seedtag\" src=\"https:\/\/oem.com.mx\/elsoldesinaloa\/img\/24699570\/1752181288\/BASE_LANDSCAPE\/1200\/image.webp\" alt=\"Sangre\" width=\"1200\" height=\"2133\" aria-description=\"Sangre\" data-nimg=\"1\" \/><figcaption><span class=\"Typography_text-default__P3otY Typography_weight-normal__pqUbH Typography_text-xs__Hgkfb Typography_weight-normal__pqUbH\">Consecuencias emocionales.\u00a0<\/span>\/\u00a0<span class=\"Typography_text-default__P3otY Typography_weight-normal__pqUbH Typography_text-xs__Hgkfb Typography_weight-normal__pqUbH\">Foto: Iv\u00e1n Medina \/ El Sol de Sinaloa<\/span><\/figcaption><\/figure>\n<p class=\"Typography_text-default__P3otY Typography_weight-normal__pqUbH Typography_text-default__P3otY Typography_weight-normal__pqUbH\">Para la psic\u00f3loga\u00a0<b class=\"bold\">Edith Robles Arredondo<\/b>, especialista en violencia de g\u00e9nero, trata y desaparici\u00f3n forzada,\u00a0<b class=\"bold\">esta experiencia es un ejemplo claro de c\u00f3mo la omisi\u00f3n estatal revictimiza<\/b>. \u201cEs bastante traum\u00e1tico de entrada.\u00a0<b class=\"bold\">Es revictimizante por parte del Estado no tener una atenci\u00f3n a las v\u00edctimas ni al impacto que tiene en los espacios. Tambi\u00e9n es violencia comunitaria<\/b>\u201d, explic\u00f3.<\/p>\n<p class=\"Typography_text-default__P3otY Typography_weight-normal__pqUbH Typography_text-default__P3otY Typography_weight-normal__pqUbH\">Robles se\u00f1ala que este tipo de experiencias pueden provocar\u00a0<b class=\"bold\">trauma vicario<\/b>, una forma de afectaci\u00f3n psicol\u00f3gica que impacta incluso a quienes no conoc\u00edan a la v\u00edctima. \u201c<b class=\"bold\">Se activan las neuronas espejo, las que generan empat\u00eda. Nos impacta en la mente, en el cuerpo, en las emociones.<\/b>\u00a0Nos pone en un estado de vulnerabilidad como si pudi\u00e9ramos ser nosotras mismas quienes estuvi\u00e9ramos en esa situaci\u00f3n\u201d, detall\u00f3.<\/p>\n<p class=\"Typography_text-default__P3otY Typography_weight-normal__pqUbH Typography_text-default__P3otY Typography_weight-normal__pqUbH\">Ana, aunque no fue testigo directo del asesinato, presenta s\u00edntomas que Robles identifica como propios del\u00a0<b class=\"bold\">trastorno de estr\u00e9s postraum\u00e1tico complejo<\/b>. \u201c<b class=\"bold\">No poder dormir, tener pesadillas, evitar pasar por el sitio, sufrir hiperactivaci\u00f3n emocional&#8230; todo eso forma parte del impacto psicol\u00f3gico. El cuerpo entra en un estado de alerta permanente.<\/b>\u201d<\/p>\n<h2 class=\"Typography_text-xl__yFuoP Typography_weight-normal__pqUbH SubHead_sub-head__PVEMA\">Un vac\u00edo institucional<\/h2>\n<figure class=\"Picture_picture__jeuFM\"><img loading=\"lazy\" decoding=\"async\" class=\"Image_image__tzQM0 seedtag\" src=\"https:\/\/oem.com.mx\/elsoldesinaloa\/img\/24699597\/1752181363\/BASE_LANDSCAPE\/1200\/image.webp\" alt=\"Sangre3\" width=\"1200\" height=\"2133\" aria-description=\"Sangre3\" data-nimg=\"1\" \/><figcaption><span class=\"Typography_text-default__P3otY Typography_weight-normal__pqUbH Typography_text-xs__Hgkfb Typography_weight-normal__pqUbH\">Autoridades no se responsabilizan.\u00a0<\/span>\/\u00a0<span class=\"Typography_text-default__P3otY Typography_weight-normal__pqUbH Typography_text-xs__Hgkfb Typography_weight-normal__pqUbH\">Foto: Iv\u00e1n Medina \/ El Sol de Sinaloa<\/span><\/figcaption><\/figure>\n<p class=\"Typography_text-default__P3otY Typography_weight-normal__pqUbH Typography_text-default__P3otY Typography_weight-normal__pqUbH\">En el estado,\u00a0<b class=\"bold\">ni los ayuntamientos ni el gobierno estatal cuentan con brigadas sanitarias para descontaminar espacios tras hechos violentos<\/b>. Las\u00a0<b class=\"bold\">12 funerarias autorizadas por el estado<\/b>\u00a0para servir como dep\u00f3sitos del Servicio M\u00e9dico Forense\u00a0<b class=\"bold\">se limitan al manejo de cad\u00e1veres<\/b>, pero no a la limpieza del entorno.<\/p>\n<p class=\"Typography_text-default__P3otY Typography_weight-normal__pqUbH Typography_text-default__P3otY Typography_weight-normal__pqUbH\">Las\u00a0<b class=\"bold\">empresas privadas registradas en Sinaloa<\/b>, por su parte, se enfocan en servicios de limpieza dom\u00e9stica o comercial.\u00a0<b class=\"bold\">Ninguna contempla el tratamiento de fluidos corporales o escenarios traum\u00e1ticos.<\/b><\/p>\n<p class=\"Typography_text-default__P3otY Typography_weight-normal__pqUbH Typography_text-default__P3otY Typography_weight-normal__pqUbH\">Mientras tanto, en pa\u00edses como Estados Unidos,\u00a0<b class=\"bold\">varios estados ofrecen apoyo econ\u00f3mico para cubrir servicios especializados de limpieza post-crimen<\/b>, con montos que\u00a0<b class=\"bold\">superan los dos mil d\u00f3lares<\/b>. Adem\u00e1s, existen\u00a0<b class=\"bold\">protocolos de intervenci\u00f3n y seguimiento psicol\u00f3gico<\/b>\u00a0tanto para las v\u00edctimas indirectas como para los trabajadores.<\/p>\n<figure class=\"Picture_picture__jeuFM\"><img loading=\"lazy\" decoding=\"async\" class=\"Image_image__tzQM0 seedtag\" src=\"https:\/\/oem.com.mx\/elsoldesinaloa\/img\/24699617\/1752181452\/BASE_LANDSCAPE\/1200\/image.webp\" alt=\"Sangre9\" width=\"1200\" height=\"2133\" aria-description=\"Sangre9\" data-nimg=\"1\" \/><figcaption><span class=\"Typography_text-default__P3otY Typography_weight-normal__pqUbH Typography_text-xs__Hgkfb Typography_weight-normal__pqUbH\">El gobierno debe de garantizar la garant\u00eda de no repetici\u00f3n.\u00a0<\/span>\/\u00a0<span class=\"Typography_text-default__P3otY Typography_weight-normal__pqUbH Typography_text-xs__Hgkfb Typography_weight-normal__pqUbH\">Foto: Iv\u00e1n Medina \/ El Sol de Sinaloa<\/span><\/figcaption><\/figure>\n<p class=\"Typography_text-default__P3otY Typography_weight-normal__pqUbH Typography_text-default__P3otY Typography_weight-normal__pqUbH\">Para Robles,\u00a0<b class=\"bold\">el abandono estatal en esta etapa del proceso violento viola el derecho a la reparaci\u00f3n y la garant\u00eda de no repetici\u00f3n<\/b>. \u201cEl Estado debe garantizar los derechos humanos de las v\u00edctimas directas e indirectas.\u00a0<b class=\"bold\">No hacerse cargo de limpiar esos espacios es revictimizante<\/b>. Es decirnos como sociedad:\u00a0<b class=\"bold\">no valen ni siquiera para ser tratados con dignidad despu\u00e9s de la muerte.<\/b>\u201d<\/p>\n<p class=\"Typography_text-default__P3otY Typography_weight-normal__pqUbH Typography_text-default__P3otY Typography_weight-normal__pqUbH\">A\u00f1ade que\u00a0<b class=\"bold\">es necesario que las comunidades y las propias v\u00edctimas tengan voz sobre c\u00f3mo quieren que se construya la memoria<\/b>. \u201cHay quienes piden silencio, respeto, quienes colocan altares o quienes simplemente no quieren volver a hablar del tema. Pero lo que no puede seguir pasando es\u00a0<b class=\"bold\">esta indiferencia institucional, que ofende e indigna<\/b>.\u201d<\/p>\n<p>&nbsp;<\/p>\n<p>Con informaci\u00f3n de\u00a0El Sol de Sinaloa<\/p>\n","protected":false},"excerpt":{"rendered":"<p>Tras la intervenci\u00f3n oficial en hechos violentos, no existe ninguna instancia encargada de limpiar la escena. La ausencia de servicios forenses especializados deja a los propios vecinos la tarea de retirar restos biol\u00f3gicos, con consecuencias sanitarias y emocionales para las comunidades afectadas Dheyna Brito Cuando ocurre un hecho violento en Sinaloa, el protocolo de actuaci\u00f3n contempla el arribo de\u00a0elementos policiales, peritos y el Servicio M\u00e9dico Forense para el levantamiento del cuerpo. Sin embargo, una vez concluida la intervenci\u00f3n de las autoridades,\u00a0no hay ninguna instituci\u00f3n p\u00fablica responsable de limpiar el lugar.\u00a0Tampoco existen en el estado empresas privadas registradas que ofrezcan servicios [&hellip;]<\/p>\n","protected":false},"author":3,"featured_media":125337,"comment_status":"open","ping_status":"open","sticky":false,"template":"","format":"standard","meta":{"_jetpack_newsletter_access":"","_jetpack_dont_email_post_to_subs":false,"_jetpack_newsletter_tier_id":0,"_jetpack_memberships_contains_paywalled_content":false,"_jetpack_feature_clip_id":0,"_jetpack_memberships_contains_paid_content":false,"footnotes":"","jetpack_publicize_message":"","jetpack_publicize_feature_enabled":true,"jetpack_social_post_already_shared":true,"jetpack_social_options":{"image_generator_settings":{"template":"highway","default_image_id":0,"font":"","enabled":false},"version":2},"jetpack_post_was_ever_published":false},"categories":[90],"tags":[],"class_list":["post-125334","post","type-post","status-publish","format-standard","has-post-thumbnail","hentry","category-estatal","post--single"],"jetpack_publicize_connections":[],"jetpack_featured_media_url":"https:\/\/ovelanalista.com\/wp-content\/uploads\/2025\/07\/image-15.webp","jetpack_sharing_enabled":true,"_links":{"self":[{"href":"https:\/\/ovelanalista.com\/index.php?rest_route=\/wp\/v2\/posts\/125334","targetHints":{"allow":["GET"]}}],"collection":[{"href":"https:\/\/ovelanalista.com\/index.php?rest_route=\/wp\/v2\/posts"}],"about":[{"href":"https:\/\/ovelanalista.com\/index.php?rest_route=\/wp\/v2\/types\/post"}],"author":[{"embeddable":true,"href":"https:\/\/ovelanalista.com\/index.php?rest_route=\/wp\/v2\/users\/3"}],"replies":[{"embeddable":true,"href":"https:\/\/ovelanalista.com\/index.php?rest_route=%2Fwp%2Fv2%2Fcomments&post=125334"}],"version-history":[{"count":1,"href":"https:\/\/ovelanalista.com\/index.php?rest_route=\/wp\/v2\/posts\/125334\/revisions"}],"predecessor-version":[{"id":125340,"href":"https:\/\/ovelanalista.com\/index.php?rest_route=\/wp\/v2\/posts\/125334\/revisions\/125340"}],"wp:featuredmedia":[{"embeddable":true,"href":"https:\/\/ovelanalista.com\/index.php?rest_route=\/wp\/v2\/media\/125337"}],"wp:attachment":[{"href":"https:\/\/ovelanalista.com\/index.php?rest_route=%2Fwp%2Fv2%2Fmedia&parent=125334"}],"wp:term":[{"taxonomy":"category","embeddable":true,"href":"https:\/\/ovelanalista.com\/index.php?rest_route=%2Fwp%2Fv2%2Fcategories&post=125334"},{"taxonomy":"post_tag","embeddable":true,"href":"https:\/\/ovelanalista.com\/index.php?rest_route=%2Fwp%2Fv2%2Ftags&post=125334"}],"curies":[{"name":"wp","href":"https:\/\/api.w.org\/{rel}","templated":true}]}}