{"id":125339,"date":"2025-07-14T17:00:49","date_gmt":"2025-07-14T23:00:49","guid":{"rendered":"https:\/\/ovelanalista.com\/?p=125339"},"modified":"2025-07-14T11:07:13","modified_gmt":"2025-07-14T17:07:13","slug":"sinaloa-cada-vez-tiene-menos-gobierno","status":"publish","type":"post","link":"https:\/\/ovelanalista.com\/?p=125339","title":{"rendered":"Sinaloa cada vez tiene menos gobierno"},"content":{"rendered":"<p data-t=\"{&quot;n&quot;:&quot;blueLinks&quot;,&quot;t&quot;:13,&quot;a&quot;:&quot;click&quot;,&quot;b&quot;:76}\">Cuando un\u00a0<strong>gobierno estatal se vuelve inc\u00f3modo<\/strong>\u00a0para la federaci\u00f3n, solo hay dos caminos: desplazar del cargo al ejecutivo local o anular su poder econ\u00f3mico y pol\u00edtico.\u00a0<strong>En el caso de Sinaloa, la presidenta Sheinbaum tom\u00f3 la decisi\u00f3n<\/strong>\u00a0de utilizar esta segunda opci\u00f3n. Al poderos\u00edsimo gobernador, que gan\u00f3 ampliamente en las elecciones, la federaci\u00f3n le ha estado marginando de sus funciones constitucionales. Es decir, gradualmente le est\u00e1 quitando el poder.<\/p>\n<p data-t=\"{&quot;n&quot;:&quot;blueLinks&quot;,&quot;t&quot;:13,&quot;a&quot;:&quot;click&quot;,&quot;b&quot;:76}\">Cuando los problemas regionales no encuentran soluci\u00f3n, y cuando se gobierna con desgano, la federaci\u00f3n asume responsabilidades meta legales al<strong>\u00a0desplazar a la autoridad local para garantizar la estabilidad pol\u00edtica, la actividad econ\u00f3mica y la tranquilidad social.<\/strong>\u00a0Esto es lo que hoy ocurre. Frente a la inseguridad p\u00fablica, la destrucci\u00f3n de la econom\u00eda regional, y el deterioro en el bienestar de las familias, la federaci\u00f3n intenta actuar para evitar que las cosas se salgan de control.<\/p>\n<div class=\"intra-article-module\" data-t=\"{&quot;n&quot;:&quot;intraArticle&quot;,&quot;t&quot;:13}\">\n<div class=\"articlePageIntraArticleFullWidth ad-slot-placeholder left-image-intra-ad full-bleed-image-intra-ad\" data-ad-index=\"0\">\n<div class=\"intra-article-ad-full left-image-intra-ad full-bleed-image-intra-ad\">\n<div><\/div>\n<\/div>\n<\/div>\n<\/div>\n<p class=\"continue-read-break\" data-t=\"{&quot;n&quot;:&quot;blueLinks&quot;,&quot;t&quot;:13,&quot;a&quot;:&quot;click&quot;,&quot;b&quot;:76}\">Por eso,<strong>\u00a0Sinaloa cada vez tiene menos gobierno<\/strong>. Ante la falta de capacidad, y el desinter\u00e9s por tomar iniciativas, poco a poco la federaci\u00f3n asume funciones estatales. Este proceso ya tiene tiempo. Pero lo m\u00e1s reciente es la militarizaci\u00f3n de los cargos directivos en materia de seguridad p\u00fablica. La raz\u00f3n es evidente: en Sinaloa hay una crisis de inseguridad y el gobierno estatal est\u00e1 ausente ante el problema. Entonces, la federaci\u00f3n se hace cargo de esta funci\u00f3n.<\/p>\n<p data-t=\"{&quot;n&quot;:&quot;blueLinks&quot;,&quot;t&quot;:13,&quot;a&quot;:&quot;click&quot;,&quot;b&quot;:76}\">Con informaci\u00f3n de MSN<\/p>\n","protected":false},"excerpt":{"rendered":"<p>Cuando un\u00a0gobierno estatal se vuelve inc\u00f3modo\u00a0para la federaci\u00f3n, solo hay dos caminos: desplazar del cargo al ejecutivo local o anular su poder econ\u00f3mico y pol\u00edtico.\u00a0En el caso de Sinaloa, la presidenta Sheinbaum tom\u00f3 la decisi\u00f3n\u00a0de utilizar esta segunda opci\u00f3n. Al poderos\u00edsimo gobernador, que gan\u00f3 ampliamente en las elecciones, la federaci\u00f3n le ha estado marginando de sus funciones constitucionales. Es decir, gradualmente le est\u00e1 quitando el poder. Cuando los problemas regionales no encuentran soluci\u00f3n, y cuando se gobierna con desgano, la federaci\u00f3n asume responsabilidades meta legales al\u00a0desplazar a la autoridad local para garantizar la estabilidad pol\u00edtica, la actividad econ\u00f3mica y la [&hellip;]<\/p>\n","protected":false},"author":3,"featured_media":125347,"comment_status":"open","ping_status":"open","sticky":false,"template":"","format":"standard","meta":{"_jetpack_newsletter_access":"","_jetpack_dont_email_post_to_subs":false,"_jetpack_newsletter_tier_id":0,"_jetpack_memberships_contains_paywalled_content":false,"_jetpack_feature_clip_id":0,"_jetpack_memberships_contains_paid_content":false,"footnotes":"","jetpack_publicize_message":"","jetpack_publicize_feature_enabled":true,"jetpack_social_post_already_shared":true,"jetpack_social_options":{"image_generator_settings":{"template":"highway","default_image_id":0,"font":"","enabled":false},"version":2},"jetpack_post_was_ever_published":false},"categories":[90],"tags":[],"class_list":["post-125339","post","type-post","status-publish","format-standard","has-post-thumbnail","hentry","category-estatal","post--single"],"jetpack_publicize_connections":[],"jetpack_featured_media_url":"https:\/\/ovelanalista.com\/wp-content\/uploads\/2025\/07\/Captura-de-Pantalla-2025-07-14-a-las-10.05.14.png","jetpack_sharing_enabled":true,"_links":{"self":[{"href":"https:\/\/ovelanalista.com\/index.php?rest_route=\/wp\/v2\/posts\/125339","targetHints":{"allow":["GET"]}}],"collection":[{"href":"https:\/\/ovelanalista.com\/index.php?rest_route=\/wp\/v2\/posts"}],"about":[{"href":"https:\/\/ovelanalista.com\/index.php?rest_route=\/wp\/v2\/types\/post"}],"author":[{"embeddable":true,"href":"https:\/\/ovelanalista.com\/index.php?rest_route=\/wp\/v2\/users\/3"}],"replies":[{"embeddable":true,"href":"https:\/\/ovelanalista.com\/index.php?rest_route=%2Fwp%2Fv2%2Fcomments&post=125339"}],"version-history":[{"count":1,"href":"https:\/\/ovelanalista.com\/index.php?rest_route=\/wp\/v2\/posts\/125339\/revisions"}],"predecessor-version":[{"id":125350,"href":"https:\/\/ovelanalista.com\/index.php?rest_route=\/wp\/v2\/posts\/125339\/revisions\/125350"}],"wp:featuredmedia":[{"embeddable":true,"href":"https:\/\/ovelanalista.com\/index.php?rest_route=\/wp\/v2\/media\/125347"}],"wp:attachment":[{"href":"https:\/\/ovelanalista.com\/index.php?rest_route=%2Fwp%2Fv2%2Fmedia&parent=125339"}],"wp:term":[{"taxonomy":"category","embeddable":true,"href":"https:\/\/ovelanalista.com\/index.php?rest_route=%2Fwp%2Fv2%2Fcategories&post=125339"},{"taxonomy":"post_tag","embeddable":true,"href":"https:\/\/ovelanalista.com\/index.php?rest_route=%2Fwp%2Fv2%2Ftags&post=125339"}],"curies":[{"name":"wp","href":"https:\/\/api.w.org\/{rel}","templated":true}]}}