{"id":125352,"date":"2025-07-14T18:30:00","date_gmt":"2025-07-15T00:30:00","guid":{"rendered":"https:\/\/ovelanalista.com\/?p=125352"},"modified":"2025-07-14T11:14:04","modified_gmt":"2025-07-14T17:14:04","slug":"canicula-en-sinaloa-sera-moderada-este-ano-segun-meteorologo","status":"publish","type":"post","link":"https:\/\/ovelanalista.com\/?p=125352","title":{"rendered":"Can\u00edcula en Sinaloa ser\u00e1 moderada este a\u00f1o, seg\u00fan meteor\u00f3logo"},"content":{"rendered":"<p class=\"et_pb_title_meta_container\">por\u00a0<span class=\"author vcard\">Claudia Araujo<\/span><\/p>\n<p>El fen\u00f3meno de la can\u00edcula, conocido por el aumento de temperaturas y la disminuci\u00f3n temporal de lluvias durante el verano, tendr\u00e1 este a\u00f1o un impacto moderado en Sinaloa, inform\u00f3 el meteor\u00f3logo Ernesto Castro.<\/p>\n<p>Castro explic\u00f3 que la can\u00edcula se caracteriza por cielos mayormente despejados, un notable incremento en la temperatura del aire y una reducci\u00f3n en las precipitaciones. Sin embargo, en esta temporada, las condiciones en el estado podr\u00edan mantenerse menos extremas gracias a la influencia del monz\u00f3n mexicano.<\/p>\n<p>\u201cPara Sinaloa, los efectos de la can\u00edcula son hasta cierto punto moderados, ya que las lluvias que se est\u00e1n presentando en la zona serrana occidental han sido protagonistas\u201d.<\/p>\n<p>Este comportamiento est\u00e1 asociado al monz\u00f3n, un fen\u00f3meno clim\u00e1tico que favorece la presencia de lluvias en el noroeste del pa\u00eds durante los meses de verano. Gracias a esta actividad monz\u00f3nica, se espera que la intensidad de la can\u00edcula sea menor en comparaci\u00f3n con a\u00f1os anteriores.<\/p>\n<p>\u201cEste a\u00f1o hay una ligera pausa en la disminuci\u00f3n de lluvias, y eso nos permite tener un panorama menos extremo en cuanto a calor y sequ\u00eda\u201d.<\/p>\n<p>La can\u00edcula ocurre t\u00edpicamente entre julio y agosto y, aunque su duraci\u00f3n puede variar, se reconoce como un periodo donde disminuyen las lluvias de forma temporal, interrumpiendo el patr\u00f3n habitual de precipitaciones en plena temporada de verano.<\/p>\n<p>Las autoridades meteorol\u00f3gicas seguir\u00e1n monitoreando las condiciones clim\u00e1ticas en el estado para emitir recomendaciones oportunas ante cualquier cambio.<\/p>\n","protected":false},"excerpt":{"rendered":"<p>por\u00a0Claudia Araujo El fen\u00f3meno de la can\u00edcula, conocido por el aumento de temperaturas y la disminuci\u00f3n temporal de lluvias durante el verano, tendr\u00e1 este a\u00f1o un impacto moderado en Sinaloa, inform\u00f3 el meteor\u00f3logo Ernesto Castro. Castro explic\u00f3 que la can\u00edcula se caracteriza por cielos mayormente despejados, un notable incremento en la temperatura del aire y una reducci\u00f3n en las precipitaciones. Sin embargo, en esta temporada, las condiciones en el estado podr\u00edan mantenerse menos extremas gracias a la influencia del monz\u00f3n mexicano. \u201cPara Sinaloa, los efectos de la can\u00edcula son hasta cierto punto moderados, ya que las lluvias que se est\u00e1n [&hellip;]<\/p>\n","protected":false},"author":3,"featured_media":125355,"comment_status":"open","ping_status":"open","sticky":false,"template":"","format":"standard","meta":{"_jetpack_newsletter_access":"","_jetpack_dont_email_post_to_subs":false,"_jetpack_newsletter_tier_id":0,"_jetpack_memberships_contains_paywalled_content":false,"_jetpack_feature_clip_id":0,"_jetpack_memberships_contains_paid_content":false,"footnotes":"","jetpack_publicize_message":"","jetpack_publicize_feature_enabled":true,"jetpack_social_post_already_shared":true,"jetpack_social_options":{"image_generator_settings":{"template":"highway","default_image_id":0,"font":"","enabled":false},"version":2},"jetpack_post_was_ever_published":false},"categories":[90],"tags":[],"class_list":["post-125352","post","type-post","status-publish","format-standard","has-post-thumbnail","hentry","category-estatal","post--single"],"jetpack_publicize_connections":[],"jetpack_featured_media_url":"https:\/\/ovelanalista.com\/wp-content\/uploads\/2025\/07\/Captura-de-Pantalla-2025-07-14-a-las-10.10.08.png","jetpack_sharing_enabled":true,"_links":{"self":[{"href":"https:\/\/ovelanalista.com\/index.php?rest_route=\/wp\/v2\/posts\/125352","targetHints":{"allow":["GET"]}}],"collection":[{"href":"https:\/\/ovelanalista.com\/index.php?rest_route=\/wp\/v2\/posts"}],"about":[{"href":"https:\/\/ovelanalista.com\/index.php?rest_route=\/wp\/v2\/types\/post"}],"author":[{"embeddable":true,"href":"https:\/\/ovelanalista.com\/index.php?rest_route=\/wp\/v2\/users\/3"}],"replies":[{"embeddable":true,"href":"https:\/\/ovelanalista.com\/index.php?rest_route=%2Fwp%2Fv2%2Fcomments&post=125352"}],"version-history":[{"count":1,"href":"https:\/\/ovelanalista.com\/index.php?rest_route=\/wp\/v2\/posts\/125352\/revisions"}],"predecessor-version":[{"id":125360,"href":"https:\/\/ovelanalista.com\/index.php?rest_route=\/wp\/v2\/posts\/125352\/revisions\/125360"}],"wp:featuredmedia":[{"embeddable":true,"href":"https:\/\/ovelanalista.com\/index.php?rest_route=\/wp\/v2\/media\/125355"}],"wp:attachment":[{"href":"https:\/\/ovelanalista.com\/index.php?rest_route=%2Fwp%2Fv2%2Fmedia&parent=125352"}],"wp:term":[{"taxonomy":"category","embeddable":true,"href":"https:\/\/ovelanalista.com\/index.php?rest_route=%2Fwp%2Fv2%2Fcategories&post=125352"},{"taxonomy":"post_tag","embeddable":true,"href":"https:\/\/ovelanalista.com\/index.php?rest_route=%2Fwp%2Fv2%2Ftags&post=125352"}],"curies":[{"name":"wp","href":"https:\/\/api.w.org\/{rel}","templated":true}]}}