{"id":125353,"date":"2025-07-14T19:00:19","date_gmt":"2025-07-15T01:00:19","guid":{"rendered":"https:\/\/ovelanalista.com\/?p=125353"},"modified":"2025-07-14T11:13:31","modified_gmt":"2025-07-14T17:13:31","slug":"tomate-el-precio-oculto-del-fruto-mas-valioso-de-mexico-y-simbolo-de-sinaloa","status":"publish","type":"post","link":"https:\/\/ovelanalista.com\/?p=125353","title":{"rendered":"Tomate: el precio oculto del fruto m\u00e1s valioso de M\u00e9xico y s\u00edmbolo de Sinaloa"},"content":{"rendered":"<header class=\"post-header\">El tomate es mucho m\u00e1s que un ingrediente en la mesa de millones de mexicanos: es un s\u00edmbolo regional, un motor econ\u00f3mico y un reflejo de&#8230;<\/p>\n<h4>Mercado del tomate: fluctuaciones de precio y sus efectos para los productores de Sinaloa<\/h4>\n<p>En invierno, el precio del tomate sube por menor oferta; en verano cae dr\u00e1sticamente. Este ciclo deja a los agricultores con m\u00e1rgenes negativos. Te explicamos por qu\u00e9 ocurre y qu\u00e9 consecuencias tiene.<\/p>\n<p>&nbsp;<\/p>\n<div id=\"attachment_72052\" class=\"wp-caption alignnone\"><img loading=\"lazy\" decoding=\"async\" class=\"size-full wp-image-72052 entered lazyloaded\" src=\"https:\/\/revistaespejo.com\/wp-content\/uploads\/2025\/07\/precio-tomate-1.webp\" sizes=\"auto, (max-width: 1209px) 100vw, 1209px\" srcset=\"https:\/\/revistaespejo.com\/wp-content\/uploads\/2025\/07\/precio-tomate-1.webp 1209w, https:\/\/revistaespejo.com\/wp-content\/uploads\/2025\/07\/precio-tomate-1-300x200.webp 300w, https:\/\/revistaespejo.com\/wp-content\/uploads\/2025\/07\/precio-tomate-1-1024x683.webp 1024w, https:\/\/revistaespejo.com\/wp-content\/uploads\/2025\/07\/precio-tomate-1-768x512.webp 768w\" alt=\"El precio del tomate en M\u00e9xico sigue un patr\u00f3n estacional que beneficia a pocos y perjudica a muchos. Conoce las causas del ciclo, los efectos en los agricultores sinaloenses y la falta de apoyo oficial.\" width=\"1209\" height=\"806\" aria-describedby=\"caption-attachment-72052\" data-lazy-srcset=\"https:\/\/revistaespejo.com\/wp-content\/uploads\/2025\/07\/precio-tomate-1.webp 1209w, https:\/\/revistaespejo.com\/wp-content\/uploads\/2025\/07\/precio-tomate-1-300x200.webp 300w, https:\/\/revistaespejo.com\/wp-content\/uploads\/2025\/07\/precio-tomate-1-1024x683.webp 1024w, https:\/\/revistaespejo.com\/wp-content\/uploads\/2025\/07\/precio-tomate-1-768x512.webp 768w\" data-lazy-sizes=\"(max-width: 1209px) 100vw, 1209px\" data-lazy-src=\"https:\/\/revistaespejo.com\/wp-content\/uploads\/2025\/07\/precio-tomate-1.webp\" data-ll-status=\"loaded\" \/><\/p>\n<p id=\"caption-attachment-72052\" class=\"wp-caption-text\">El precio del tomate en Sinaloa var\u00eda dr\u00e1sticamente durante el a\u00f1o por factores clim\u00e1ticos y de mercado. Descubre c\u00f3mo afecta a los productores y qu\u00e9 estrategias usan para enfrentar las p\u00e9rdidas.<\/p>\n<\/div>\n<h4>Agricultores contra jornaleros: el conflicto que no deber\u00eda ser<\/h4>\n<p>Arturo migr\u00f3 de Guerrero a Sinaloa con la esperanza de mejorar su vida trabajando en los campos agr\u00edcolas. Pero, como cientos de miles de jornaleros en el pa\u00eds, pronto se enfrent\u00f3 a la precariedad, el olvido institucional y la falta de garant\u00edas m\u00ednimas.<\/p>\n<p>&nbsp;<\/p>\n<p><img loading=\"lazy\" decoding=\"async\" class=\"alignnone size-full wp-image-72126 entered lazyloaded\" src=\"https:\/\/revistaespejo.com\/wp-content\/uploads\/2025\/07\/jornaleros-sinaloa.png\" sizes=\"auto, (max-width: 1200px) 100vw, 1200px\" srcset=\"https:\/\/revistaespejo.com\/wp-content\/uploads\/2025\/07\/jornaleros-sinaloa.png 1200w, https:\/\/revistaespejo.com\/wp-content\/uploads\/2025\/07\/jornaleros-sinaloa-300x225.png 300w, https:\/\/revistaespejo.com\/wp-content\/uploads\/2025\/07\/jornaleros-sinaloa-1024x768.png 1024w, https:\/\/revistaespejo.com\/wp-content\/uploads\/2025\/07\/jornaleros-sinaloa-768x576.png 768w, https:\/\/revistaespejo.com\/wp-content\/uploads\/2025\/07\/jornaleros-sinaloa-600x450.png 600w\" alt=\"\" width=\"1200\" height=\"900\" data-lazy-srcset=\"https:\/\/revistaespejo.com\/wp-content\/uploads\/2025\/07\/jornaleros-sinaloa.png 1200w, https:\/\/revistaespejo.com\/wp-content\/uploads\/2025\/07\/jornaleros-sinaloa-300x225.png 300w, https:\/\/revistaespejo.com\/wp-content\/uploads\/2025\/07\/jornaleros-sinaloa-1024x768.png 1024w, https:\/\/revistaespejo.com\/wp-content\/uploads\/2025\/07\/jornaleros-sinaloa-768x576.png 768w, https:\/\/revistaespejo.com\/wp-content\/uploads\/2025\/07\/jornaleros-sinaloa-600x450.png 600w\" data-lazy-sizes=\"(max-width: 1200px) 100vw, 1200px\" data-lazy-src=\"https:\/\/revistaespejo.com\/wp-content\/uploads\/2025\/07\/jornaleros-sinaloa.png\" data-ll-status=\"loaded\" \/><\/p>\n<h4>Tomate a la baja: \u00bfNo hay m\u00e1s opciones?<\/h4>\n<p>EE.UU. amenaza con arancel al tomate mexicano; especialistas ven baja en precio y urgen innovar y dar valor agregado.<\/p>\n<p>&nbsp;<\/p>\n<p><img loading=\"lazy\" decoding=\"async\" class=\"alignnone size-full wp-image-72129 entered lazyloaded\" src=\"https:\/\/revistaespejo.com\/wp-content\/uploads\/2025\/07\/tomate-alternativa-3.png\" sizes=\"auto, (max-width: 1200px) 100vw, 1200px\" srcset=\"https:\/\/revistaespejo.com\/wp-content\/uploads\/2025\/07\/tomate-alternativa-3.png 1200w, https:\/\/revistaespejo.com\/wp-content\/uploads\/2025\/07\/tomate-alternativa-3-300x225.png 300w, https:\/\/revistaespejo.com\/wp-content\/uploads\/2025\/07\/tomate-alternativa-3-1024x768.png 1024w, https:\/\/revistaespejo.com\/wp-content\/uploads\/2025\/07\/tomate-alternativa-3-768x576.png 768w, https:\/\/revistaespejo.com\/wp-content\/uploads\/2025\/07\/tomate-alternativa-3-600x450.png 600w\" alt=\"\" width=\"1200\" height=\"900\" data-lazy-srcset=\"https:\/\/revistaespejo.com\/wp-content\/uploads\/2025\/07\/tomate-alternativa-3.png 1200w, https:\/\/revistaespejo.com\/wp-content\/uploads\/2025\/07\/tomate-alternativa-3-300x225.png 300w, https:\/\/revistaespejo.com\/wp-content\/uploads\/2025\/07\/tomate-alternativa-3-1024x768.png 1024w, https:\/\/revistaespejo.com\/wp-content\/uploads\/2025\/07\/tomate-alternativa-3-768x576.png 768w, https:\/\/revistaespejo.com\/wp-content\/uploads\/2025\/07\/tomate-alternativa-3-600x450.png 600w\" data-lazy-sizes=\"(max-width: 1200px) 100vw, 1200px\" data-lazy-src=\"https:\/\/revistaespejo.com\/wp-content\/uploads\/2025\/07\/tomate-alternativa-3.png\" data-ll-status=\"loaded\" \/><\/p>\n<h4>El tomate convirti\u00f3 a Sinaloa en potencia agr\u00edcola internacional<\/h4>\n<p>El tomate ha sido clave en el desarrollo agr\u00edcola de Sinaloa por m\u00e1s de un siglo, marcando su liderazgo exportador y una hist\u00f3rica rivalidad con Florida.<\/p>\n<p>&nbsp;<\/p>\n<div id=\"attachment_71399\" class=\"wp-caption alignnone\"><img loading=\"lazy\" decoding=\"async\" class=\"size-full wp-image-71399 entered lazyloaded\" src=\"https:\/\/revistaespejo.com\/wp-content\/uploads\/2025\/07\/tomate-historia.webp\" sizes=\"auto, (max-width: 1209px) 100vw, 1209px\" srcset=\"https:\/\/revistaespejo.com\/wp-content\/uploads\/2025\/07\/tomate-historia.webp 1209w, https:\/\/revistaespejo.com\/wp-content\/uploads\/2025\/07\/tomate-historia-300x200.webp 300w, https:\/\/revistaespejo.com\/wp-content\/uploads\/2025\/07\/tomate-historia-1024x683.webp 1024w, https:\/\/revistaespejo.com\/wp-content\/uploads\/2025\/07\/tomate-historia-768x512.webp 768w\" alt=\"tomate-historia\" width=\"1209\" height=\"806\" aria-describedby=\"caption-attachment-71399\" data-lazy-srcset=\"https:\/\/revistaespejo.com\/wp-content\/uploads\/2025\/07\/tomate-historia.webp 1209w, https:\/\/revistaespejo.com\/wp-content\/uploads\/2025\/07\/tomate-historia-300x200.webp 300w, https:\/\/revistaespejo.com\/wp-content\/uploads\/2025\/07\/tomate-historia-1024x683.webp 1024w, https:\/\/revistaespejo.com\/wp-content\/uploads\/2025\/07\/tomate-historia-768x512.webp 768w\" data-lazy-sizes=\"(max-width: 1209px) 100vw, 1209px\" data-lazy-src=\"https:\/\/revistaespejo.com\/wp-content\/uploads\/2025\/07\/tomate-historia.webp\" data-ll-status=\"loaded\" \/><\/p>\n<p id=\"caption-attachment-71399\" class=\"wp-caption-text\">Sinaloa tiene m\u00e1s de 100 a\u00f1os detacando como exportador de tomate hac\u00eda Estados Unidos.<\/p>\n<\/div>\n<h4>La corte del tomate: la otra migraci\u00f3n que sostiene el campo sinaloense<\/h4>\n<p>Sinaloa, l\u00edder en exportaci\u00f3n hort\u00edcola por sus est\u00e1ndares de calidad y tecnolog\u00eda, sostiene su lugar en el mercado internacional gracias a una fuerza laboral desechable e ignorada por las pol\u00edticas p\u00fablicas.<\/p>\n<p>&nbsp;<\/p>\n<p><img loading=\"lazy\" decoding=\"async\" class=\"alignnone size-full wp-image-72136 entered lazyloaded\" src=\"https:\/\/revistaespejo.com\/wp-content\/uploads\/2025\/07\/migracion-jornaleros-tomate.png\" sizes=\"auto, (max-width: 1200px) 100vw, 1200px\" srcset=\"https:\/\/revistaespejo.com\/wp-content\/uploads\/2025\/07\/migracion-jornaleros-tomate.png 1200w, https:\/\/revistaespejo.com\/wp-content\/uploads\/2025\/07\/migracion-jornaleros-tomate-300x225.png 300w, https:\/\/revistaespejo.com\/wp-content\/uploads\/2025\/07\/migracion-jornaleros-tomate-1024x768.png 1024w, https:\/\/revistaespejo.com\/wp-content\/uploads\/2025\/07\/migracion-jornaleros-tomate-768x576.png 768w, https:\/\/revistaespejo.com\/wp-content\/uploads\/2025\/07\/migracion-jornaleros-tomate-600x450.png 600w\" alt=\"\" width=\"1200\" height=\"900\" data-lazy-srcset=\"https:\/\/revistaespejo.com\/wp-content\/uploads\/2025\/07\/migracion-jornaleros-tomate.png 1200w, https:\/\/revistaespejo.com\/wp-content\/uploads\/2025\/07\/migracion-jornaleros-tomate-300x225.png 300w, https:\/\/revistaespejo.com\/wp-content\/uploads\/2025\/07\/migracion-jornaleros-tomate-1024x768.png 1024w, https:\/\/revistaespejo.com\/wp-content\/uploads\/2025\/07\/migracion-jornaleros-tomate-768x576.png 768w, https:\/\/revistaespejo.com\/wp-content\/uploads\/2025\/07\/migracion-jornaleros-tomate-600x450.png 600w\" data-lazy-sizes=\"(max-width: 1200px) 100vw, 1200px\" data-lazy-src=\"https:\/\/revistaespejo.com\/wp-content\/uploads\/2025\/07\/migracion-jornaleros-tomate.png\" data-ll-status=\"loaded\" \/><\/p>\n<\/header>\n<p>Con informaci\u00f3n de Espejo<\/p>\n","protected":false},"excerpt":{"rendered":"<p>El tomate es mucho m\u00e1s que un ingrediente en la mesa de millones de mexicanos: es un s\u00edmbolo regional, un motor econ\u00f3mico y un reflejo de&#8230; Mercado del tomate: fluctuaciones de precio y sus efectos para los productores de Sinaloa En invierno, el precio del tomate sube por menor oferta; en verano cae dr\u00e1sticamente. Este ciclo deja a los agricultores con m\u00e1rgenes negativos. Te explicamos por qu\u00e9 ocurre y qu\u00e9 consecuencias tiene. &nbsp; El precio del tomate en Sinaloa var\u00eda dr\u00e1sticamente durante el a\u00f1o por factores clim\u00e1ticos y de mercado. Descubre c\u00f3mo afecta a los productores y qu\u00e9 estrategias usan [&hellip;]<\/p>\n","protected":false},"author":3,"featured_media":125356,"comment_status":"open","ping_status":"open","sticky":false,"template":"","format":"standard","meta":{"_jetpack_newsletter_access":"","_jetpack_dont_email_post_to_subs":false,"_jetpack_newsletter_tier_id":0,"_jetpack_memberships_contains_paywalled_content":false,"_jetpack_feature_clip_id":0,"_jetpack_memberships_contains_paid_content":false,"footnotes":"","jetpack_publicize_message":"","jetpack_publicize_feature_enabled":true,"jetpack_social_post_already_shared":true,"jetpack_social_options":{"image_generator_settings":{"template":"highway","default_image_id":0,"font":"","enabled":false},"version":2},"jetpack_post_was_ever_published":false},"categories":[90],"tags":[],"class_list":["post-125353","post","type-post","status-publish","format-standard","has-post-thumbnail","hentry","category-estatal","post--single"],"jetpack_publicize_connections":[],"jetpack_featured_media_url":"https:\/\/ovelanalista.com\/wp-content\/uploads\/2025\/07\/Captura-de-Pantalla-2025-07-14-a-las-10.11.50.png","jetpack_sharing_enabled":true,"_links":{"self":[{"href":"https:\/\/ovelanalista.com\/index.php?rest_route=\/wp\/v2\/posts\/125353","targetHints":{"allow":["GET"]}}],"collection":[{"href":"https:\/\/ovelanalista.com\/index.php?rest_route=\/wp\/v2\/posts"}],"about":[{"href":"https:\/\/ovelanalista.com\/index.php?rest_route=\/wp\/v2\/types\/post"}],"author":[{"embeddable":true,"href":"https:\/\/ovelanalista.com\/index.php?rest_route=\/wp\/v2\/users\/3"}],"replies":[{"embeddable":true,"href":"https:\/\/ovelanalista.com\/index.php?rest_route=%2Fwp%2Fv2%2Fcomments&post=125353"}],"version-history":[{"count":1,"href":"https:\/\/ovelanalista.com\/index.php?rest_route=\/wp\/v2\/posts\/125353\/revisions"}],"predecessor-version":[{"id":125358,"href":"https:\/\/ovelanalista.com\/index.php?rest_route=\/wp\/v2\/posts\/125353\/revisions\/125358"}],"wp:featuredmedia":[{"embeddable":true,"href":"https:\/\/ovelanalista.com\/index.php?rest_route=\/wp\/v2\/media\/125356"}],"wp:attachment":[{"href":"https:\/\/ovelanalista.com\/index.php?rest_route=%2Fwp%2Fv2%2Fmedia&parent=125353"}],"wp:term":[{"taxonomy":"category","embeddable":true,"href":"https:\/\/ovelanalista.com\/index.php?rest_route=%2Fwp%2Fv2%2Fcategories&post=125353"},{"taxonomy":"post_tag","embeddable":true,"href":"https:\/\/ovelanalista.com\/index.php?rest_route=%2Fwp%2Fv2%2Ftags&post=125353"}],"curies":[{"name":"wp","href":"https:\/\/api.w.org\/{rel}","templated":true}]}}