{"id":125361,"date":"2025-07-14T20:30:07","date_gmt":"2025-07-15T02:30:07","guid":{"rendered":"https:\/\/ovelanalista.com\/?p=125361"},"modified":"2025-07-14T11:20:44","modified_gmt":"2025-07-14T17:20:44","slug":"matan-a-un-policia-cada-dia-en-mexico-en-2025-sinaloa-y-guanajuato-a-la-cabeza","status":"publish","type":"post","link":"https:\/\/ovelanalista.com\/?p=125361","title":{"rendered":"Matan a un polic\u00eda cada d\u00eda en M\u00e9xico en 2025; Sinaloa y Guanajuato, a la cabeza"},"content":{"rendered":"<p><span class=\"posted-by\">Iv\u00e1n Grifaldo\u00a0&#8211;\u00a0Omar Hern\u00e1ndez Jim\u00e9nez<\/span>\u00a0| Jes\u00fas Dorantes | Sergio Ort\u00edz | C\u00e9sar Cabrera<\/p>\n<p><iframe loading=\"lazy\" title=\"Matan a un polic\u00eda cada d\u00eda en M\u00e9xico en 2025; Sinaloa y Guanajuato, a la cabeza\" width=\"1200\" height=\"675\" src=\"https:\/\/www.youtube.com\/embed\/k3Y0IbQ0m-Y?feature=oembed\" frameborder=\"0\" allow=\"accelerometer; autoplay; clipboard-write; encrypted-media; gyroscope; picture-in-picture; web-share\" referrerpolicy=\"strict-origin-when-cross-origin\" allowfullscreen><\/iframe><\/p>\n<p>&nbsp;<\/p>\n<p>Los\u00a0<strong>asesinatos de elementos policiales en M\u00e9xico<\/strong>\u00a0muestran un aumento, con un total de\u00a0<strong>212 casos registrados hasta principios de julio de 2025<\/strong>. Esta cifra representa un promedio de\u00a0<strong>un polic\u00eda asesinado por d\u00eda<\/strong>\u00a0y un incremento del\u00a0<strong>37% respecto al mismo periodo de 2024<\/strong>, seg\u00fan informaci\u00f3n de la organizaci\u00f3n civil\u00a0<strong><a href=\"https:\/\/causaencomun.org.mx\/beta\/registro-de-policias-asesinados\/\" target=\"_blank\" rel=\"noreferrer noopener\">Causa en Com\u00fan<\/a><\/strong>.<\/p>\n<p>En entrevista con\u00a0<strong>Uno TV<\/strong>, el vocero de\u00a0<strong>Causa en Com\u00fan, Fernando Escobar Ayala,\u00a0<\/strong>destac\u00f3 el peso que tienen en las cifras las<strong>\u00a0condiciones que prevalecen a nivel local.<\/strong><\/p>\n<blockquote class=\"wp-block-quote is-layout-flow wp-block-quote-is-layout-flow\"><p>\u201cLa respuesta se obtiene mirando en el \u00e1mbito local. Algo que hemos aprendido despu\u00e9s de hacer este an\u00e1lisis durante ya varios a\u00f1os, es que las din\u00e1micas locales, es decir, lo que sucede y a lo que los polic\u00edas se enfrentan en los estados, es determinante para explicar las variaciones en el alza y la baja en el n\u00famero de pulsos asesinados\u201d.<\/p>\n<p><strong>Vocero de Causa en Com\u00fan, Fernando Escobar Ayala<\/strong><\/p><\/blockquote>\n<p>Seg\u00fan sus registros, en lo que va del sexenio de\u00a0<strong>Claudia Sheinbaum<\/strong>, del\u00a0<strong>1\u00b0 de octubre de 2024 al 3 de julio de 2025<\/strong>, se han documentado al menos\u00a0<strong>306 polic\u00edas asesinados<\/strong>.<\/p>\n<p><strong>Causa en Com\u00fan\u00a0<\/strong>da seguimiento puntual a estos hechos a trav\u00e9s de su\u00a0<strong>Registro de Polic\u00edas Asesinados<\/strong>, el cual se nutre de una base de datos propia y de\u00a0<strong>reportes de diversos medios de comunicaci\u00f3n<\/strong>. A continuaci\u00f3n, se presentan los principales hallazgos.<\/p>\n<h4 id=\"h-estados-con-mayor-incidencia-de-asesinatos-de-policias-en-2025\" class=\"wp-block-heading\">Estados con mayor incidencia de asesinatos de polic\u00edas en 2025<\/h4>\n<div class=\"code-block code-block-2\">\n<div class=\"truvidPos\">\n<div class=\"trv-player-container\">\n<div class=\"trv-floater-bg\"><\/div>\n<\/div>\n<\/div>\n<\/div>\n<p>Durante lo que va de 2025, ciertos estados han concentrado la mayor cantidad de asesinatos de polic\u00edas, reflejando puntos cr\u00edticos en la situaci\u00f3n de los agentes del orden. Los estados con m\u00e1s casos registrados hasta inicios de julio de 2025 son:<\/p>\n<ul class=\"wp-block-list\">\n<li><strong>Sinaloa<\/strong>: 29 polic\u00edas asesinados<\/li>\n<li><strong>Guanajuato<\/strong>: 25 polic\u00edas asesinados<\/li>\n<li><strong>Michoac\u00e1n<\/strong>: 22 polic\u00edas asesinados<\/li>\n<li><strong>Guerrero<\/strong>: 17 polic\u00edas asesinados<\/li>\n<li><strong>Veracruz<\/strong>: 15 polic\u00edas asesinados<\/li>\n<\/ul>\n<figure class=\"wp-block-image size-large\"><img loading=\"lazy\" decoding=\"async\" class=\"wp-image-1774803\" src=\"https:\/\/cdn.unotv.com\/images\/2025\/07\/large-policias-asesinados1-200235-1024x576.jpg\" sizes=\"auto, (max-width: 1024px) 100vw, 1024px\" srcset=\"https:\/\/cdn.unotv.com\/images\/2025\/07\/large-policias-asesinados1-200235-1024x576.webp 1024w, https:\/\/cdn.unotv.com\/images\/2025\/07\/large-policias-asesinados1-200235-300x169.webp 300w, https:\/\/cdn.unotv.com\/images\/2025\/07\/large-policias-asesinados1-200235-768x432.webp 768w, https:\/\/cdn.unotv.com\/images\/2025\/07\/large-policias-asesinados1-200235.jpg 1200w\" alt=\"\" width=\"1024\" height=\"576\" \/><\/figure>\n<p class=\"has-vivid-red-color has-text-color has-link-color wp-elements-4808b4010e3bab8018027fa213a74e1b\"><strong><em>Consulta el siguiente mapa para localizar geogr\u00e1ficamente los homicidios de polic\u00edas y acceder a informaci\u00f3n detallada sobre cada caso<\/em><\/strong>:<\/p>\n<p><iframe loading=\"lazy\" src=\"https:\/\/www.google.com\/maps\/d\/embed?mid=1eTMP2ZEE8-r7gPlf9-HZ7GGXqSPoNyc&amp;ehbc=2E312F\" width=\"640\" height=\"480\" data-gtm-yt-inspected-14=\"true\" data-mce-fragment=\"1\"><\/iframe><\/p>\n<h4 id=\"h-el-caso-de-sinaloa-y-su-impacto-en-el-registro-nacional\" class=\"wp-block-heading\">El caso de Sinaloa y su impacto en el registro nacional<\/h4>\n<p>De acuerdo con\u00a0<strong>Fernando Escobar Ayala<\/strong>, la atribuci\u00f3n del aumento, entre 2024 y 2025, se debe al conflicto criminal en Sinaloa, especialmente en Culiac\u00e1n, entre dos c\u00e9lulas delictivas:<strong>\u00a0\u201cLos Chapitos\u201d y \u201cLos Mayos\u201d<\/strong>, grupos que mantienen una pugna de poder en la entidad tras la\u00a0detenci\u00f3n de<strong>\u00a0Ismael, el \u201cMayo\u201d Zambada<\/strong>, en julio del a\u00f1o pasado.<\/p>\n<blockquote class=\"wp-block-quote is-layout-flow wp-block-quote-is-layout-flow\"><p>\u201cLa gran novedad que se ha venido registrando desde finales del a\u00f1o pasado es el escenario de conflicto abierto, agresivo y muy fuerte entre organizaciones criminales, particularmente en\u00a0<strong>Sinaloa<\/strong>, y m\u00e1s espec\u00edficamente en\u00a0<strong>Culiac\u00e1n<\/strong>. El aumento de polic\u00edas asesinados en esa entidad explica, en buena medida, el incremento del 37% a nivel nacional.\u201d<\/p>\n<p><strong>Vocero de Causa en Com\u00fan, Fernando Escobar Ayala<\/strong><\/p><\/blockquote>\n<h4 id=\"h-estados-sin-reporte-de-asesinatos-de-policias-en-2025\" class=\"wp-block-heading\">Estados sin reporte de asesinatos de polic\u00edas en 2025<\/h4>\n<p>M\u00e9xico cuenta con\u00a0<strong>32 entidades federativas<\/strong>, incluyendo la Ciudad de M\u00e9xico. Al analizar la base de datos de polic\u00edas asesinados hasta i<strong>nicios de julio de 2025<\/strong>, se observa que algunos estados no registran casos de polic\u00edas ca\u00eddos en este periodo.<\/p>\n<p>Los estados sin reporte de asesinatos de polic\u00edas este a\u00f1o son:<\/p>\n<ul class=\"wp-block-list\">\n<li><strong>Coahuila<\/strong><\/li>\n<li><strong>Durango<\/strong><\/li>\n<li><strong>Nayarit<\/strong><\/li>\n<li><strong>Quer\u00e9taro<\/strong><\/li>\n<li><strong>San Luis Potos\u00ed<\/strong><\/li>\n<li><strong>Tamaulipas<\/strong><\/li>\n<li><strong>Yucat\u00e1n<\/strong><\/li>\n<\/ul>\n<h4 id=\"h-municipios-con-mayor-incidencia-de-asesinatos-de-policias-en-2025\" class=\"wp-block-heading\">Municipios con mayor incidencia de asesinatos de polic\u00edas en 2025<\/h4>\n<p>De acuerdo con el\u00a0<strong>Registro de Polic\u00edas Asesinados de Causa en Com\u00fan<\/strong>, los municipios con m\u00e1s incidentes este 2025 son:<\/p>\n<ul class=\"wp-block-list\">\n<li><strong>Culiac\u00e1n, Sinaloa<\/strong>: al menos 20 polic\u00edas asesinados<\/li>\n<li><strong>Celaya, Guanajuato<\/strong>: al menos 7 polic\u00edas asesinados<\/li>\n<li><strong>Teocaltiche, Jalisco<\/strong>: al menos 7 polic\u00edas asesinados<\/li>\n<li><strong>Tijuana, Baja California<\/strong>: al menos 5 polic\u00edas asesinados<\/li>\n<li><strong>Apatzing\u00e1n, Michoac\u00e1n<\/strong>: al menos 5 polic\u00edas asesinados<\/li>\n<li><strong>Frontera Comalapa, Chiapas<\/strong>: al menos 5 polic\u00edas asesinados<\/li>\n<li><strong>Igualapa, Guerrero<\/strong>: al menos 5 polic\u00edas asesinados<\/li>\n<li><strong>Mazatl\u00e1n, Sinaloa<\/strong>: al menos 5 polic\u00edas asesinados<\/li>\n<\/ul>\n<p><strong>Culiac\u00e1n<\/strong>\u00a0es el municipio que m\u00e1s consistentemente aparece en el registro de v\u00edctimas, lo que se refleja en la\u00a0<strong>alta incidencia en Sinaloa<\/strong>, el estado con m\u00e1s polic\u00edas asesinados.\u00a0<strong>Guanajuato<\/strong>, otro estado cr\u00edtico, tambi\u00e9n presenta un municipio con alta recurrencia:\u00a0<strong>Celaya<\/strong>.<\/p>\n<figure class=\"wp-block-image size-large\"><img loading=\"lazy\" decoding=\"async\" class=\"wp-image-1774800\" src=\"https:\/\/cdn.unotv.com\/images\/2025\/07\/large-policias-asesinados4-195813-1024x576.jpg\" sizes=\"auto, (max-width: 1024px) 100vw, 1024px\" srcset=\"https:\/\/cdn.unotv.com\/images\/2025\/07\/large-policias-asesinados4-195813-1024x576.webp 1024w, https:\/\/cdn.unotv.com\/images\/2025\/07\/large-policias-asesinados4-195813-300x169.webp 300w, https:\/\/cdn.unotv.com\/images\/2025\/07\/large-policias-asesinados4-195813-768x432.webp 768w, https:\/\/cdn.unotv.com\/images\/2025\/07\/large-policias-asesinados4-195813.jpg 1200w\" alt=\"\" width=\"1024\" height=\"576\" \/><\/figure>\n<h4 id=\"h-dia-mas-letal-para-policias-en-2025\" class=\"wp-block-heading\">D\u00eda m\u00e1s letal para polic\u00edas en 2025<\/h4>\n<p>El\u00a0<strong>d\u00eda m\u00e1s letal para polic\u00edas<\/strong>\u00a0hasta inicios de julio de 2025 fue el\u00a0<strong>6 de febrero<\/strong>, con al menos\u00a0<strong>7 asesinatos<\/strong>\u00a0en distintas localidades:<\/p>\n<ul class=\"wp-block-list\">\n<li><strong>Quer\u00e9ndaro, Michoac\u00e1n<\/strong><\/li>\n<li><strong>Villahermosa, Tabasco<\/strong><\/li>\n<li><strong>Villagr\u00e1n, Guanajuato<\/strong><\/li>\n<li><strong>Chilpancingo, Guerrero<\/strong><\/li>\n<\/ul>\n<p>Otros d\u00edas con un n\u00famero elevado de registros son:<\/p>\n<ul class=\"wp-block-list\">\n<li><strong>29 de enero de 2025<\/strong>: 5 asesinatos<\/li>\n<li><strong>27 de febrero de 2025:<\/strong>\u00a06 asesinatos<\/li>\n<li><strong>16 de marzo de 2025<\/strong>: 5 asesinatos<\/li>\n<li><strong>19 de marzo de 2025<\/strong>: 6 asesinatos<\/li>\n<li><strong>3 de junio de 2025<\/strong>: 6 asesinatos<\/li>\n<li><strong>27 de junio de 2025<\/strong>: 5 asesinatos<\/li>\n<li><strong>3 de julio de 2025<\/strong>: 5 asesinatos<\/li>\n<\/ul>\n<figure class=\"wp-block-image size-large\"><img loading=\"lazy\" decoding=\"async\" class=\"wp-image-1774802\" src=\"https:\/\/cdn.unotv.com\/images\/2025\/07\/sin-titulo-195929-1024x576.jpg\" sizes=\"auto, (max-width: 1024px) 100vw, 1024px\" srcset=\"https:\/\/cdn.unotv.com\/images\/2025\/07\/sin-titulo-195929-1024x576.webp 1024w, https:\/\/cdn.unotv.com\/images\/2025\/07\/sin-titulo-195929-300x169.webp 300w, https:\/\/cdn.unotv.com\/images\/2025\/07\/sin-titulo-195929-768x432.webp 768w, https:\/\/cdn.unotv.com\/images\/2025\/07\/sin-titulo-195929.jpg 1200w\" alt=\"\" width=\"1024\" height=\"576\" \/><\/figure>\n<h4 id=\"h-datos-historicos-y-tendencia-en-los-asesinatos-de-policias\" class=\"wp-block-heading\">Datos hist\u00f3ricos y tendencia en los asesinatos de polic\u00edas<\/h4>\n<p>El registro hist\u00f3rico de polic\u00edas asesinados en M\u00e9xico, recabado desde 2018 por Causa en Com\u00edn, proporciona una perspectiva sobre la evoluci\u00f3n de esta problem\u00e1tica:<\/p>\n<ul class=\"wp-block-list\">\n<li><strong>2018<\/strong>: 452 asesinatos (promedio de 1.24 por d\u00eda)\n<ul class=\"wp-block-list\">\n<li>Estados con m\u00e1s casos: Guanajuato (66), Edomex (47), Guerrero (44), Chihuahua (31), Puebla (30)<\/li>\n<\/ul>\n<\/li>\n<li><strong>2019<\/strong>: 446 asesinatos (1.16 por d\u00eda)\n<ul class=\"wp-block-list\">\n<li>Guanajuato (73), Michoac\u00e1n (41), Chihuahua (32), Jalisco (29), Guerrero (26)<\/li>\n<\/ul>\n<\/li>\n<li><strong>2020<\/strong>: 524 asesinatos (1.42 por d\u00eda, pico m\u00e1ximo)\n<ul class=\"wp-block-list\">\n<li>Guanajuato (84), Edomex (39), Veracruz (39), Guerrero (37), Chihuahua (35)<\/li>\n<\/ul>\n<\/li>\n<li><strong>2021<\/strong>: 401 asesinatos (1.08 por d\u00eda)\n<ul class=\"wp-block-list\">\n<li>Guanajuato (54), Edomex (47), Zacatecas (36), Veracruz (30), Chihuahua (27)<\/li>\n<\/ul>\n<\/li>\n<li><strong>2022<\/strong>: 403 asesinatos (1.08 por d\u00eda)\n<ul class=\"wp-block-list\">\n<li>Zacatecas (60), Guanajuato (50), Michoac\u00e1n (24), Guerrero (24), Veracruz (24)<\/li>\n<\/ul>\n<\/li>\n<li><strong>2023<\/strong>: 412 asesinatos (1.13 por d\u00eda, +2% respecto a 2022)\n<ul class=\"wp-block-list\">\n<li>Guanajuato (60), Guerrero (40), Zacatecas (32), Michoac\u00e1n (28), Jalisco (24)<\/li>\n<\/ul>\n<\/li>\n<\/ul>\n<p>En este contexto, el\u00a0<strong>vocero de<\/strong>\u00a0<strong>Causa en Com\u00fan<\/strong>\u00a0explic\u00f3 una posible causa del cambio en la tendencia hist\u00f3rica y advierte que el aumento del 37% en los homicidios de polic\u00edas en 2025, respecto al a\u00f1o anterior, podr\u00eda marcar el inicio de una reversi\u00f3n en la baja sostenida que se hab\u00eda observado.<\/p>\n<blockquote class=\"wp-block-quote is-layout-flow wp-block-quote-is-layout-flow\"><p>\u201cClaramente, empezamos una nueva etapa de reducci\u00f3n en el a\u00f1o pasado, ya cada vez m\u00e1s lejos de esos valores tan elevados que se registraron en 2020. Esta tendencia a la baja se confirma con el a\u00f1o pasado, pero hay indicios que apuntan a que esta tendencia tal vez pueda comenzar a revertirse\u201d.<\/p>\n<p><strong>Vocero de Causa en Com\u00fan, Fernando Escobar Ayala<\/strong><\/p><\/blockquote>\n<h4 id=\"h-analisis-de-tendencia-de-2018-a-2025\" class=\"wp-block-heading\">An\u00e1lisis de tendencia: de 2018 a 2025<\/h4>\n<p>La revisi\u00f3n de los datos anuales desde 2018 hasta 2023 identifica un\u00a0<strong>pico de violencia en 2020<\/strong>, con\u00a0<strong>524 asesinatos<\/strong>. Luego hubo una\u00a0<strong>disminuci\u00f3n en 2021 y 2022<\/strong>, seguida por un\u00a0<strong>ligero aumento en 2023<\/strong>.<\/p>\n<p>La cifra de\u00a0<strong>212 polic\u00edas asesinados hasta el inicio de julio de 2025<\/strong>, que representa un aumento del\u00a0<strong>37% respecto al mismo periodo de 2024<\/strong>, sugiere que\u00a0<strong>2025 podr\u00eda cerrar con un incremento significativo<\/strong>\u00a0si la tendencia contin\u00faa.<\/p>\n<figure class=\"wp-block-table\">\n<table class=\"has-fixed-layout\">\n<tbody>\n<tr>\n<td class=\"has-text-align-center\" data-align=\"center\"><strong>A\u00f1o<\/strong><\/td>\n<td class=\"has-text-align-center\" data-align=\"center\"><strong>N\u00famero de polic\u00edas asesinados<\/strong><\/td>\n<\/tr>\n<tr>\n<td class=\"has-text-align-center\" data-align=\"center\">2018<\/td>\n<td class=\"has-text-align-center\" data-align=\"center\">452<\/td>\n<\/tr>\n<tr>\n<td class=\"has-text-align-center\" data-align=\"center\">2019<\/td>\n<td class=\"has-text-align-center\" data-align=\"center\">446<\/td>\n<\/tr>\n<tr>\n<td class=\"has-text-align-center\" data-align=\"center\">2020<\/td>\n<td class=\"has-text-align-center\" data-align=\"center\">524<\/td>\n<\/tr>\n<tr>\n<td class=\"has-text-align-center\" data-align=\"center\">2021<\/td>\n<td class=\"has-text-align-center\" data-align=\"center\">401<\/td>\n<\/tr>\n<tr>\n<td class=\"has-text-align-center\" data-align=\"center\">2022<\/td>\n<td class=\"has-text-align-center\" data-align=\"center\">403<\/td>\n<\/tr>\n<tr>\n<td class=\"has-text-align-center\" data-align=\"center\">2023<\/td>\n<td class=\"has-text-align-center\" data-align=\"center\">412<\/td>\n<\/tr>\n<tr>\n<td class=\"has-text-align-center\" data-align=\"center\">2024<\/td>\n<td class=\"has-text-align-center\" data-align=\"center\">No se especifica un total para todo el a\u00f1o 2024. Sin embargo, se menciona que del 1\u00b0 de octubre de 2024 al 9 de mayo de 2025, se registraron al menos 254 polic\u00edas asesinados, y del 1\u00b0 de octubre de 2024 al 3 de julio de 2025, la cifra es de, al menos, 306.<\/td>\n<\/tr>\n<tr>\n<td class=\"has-text-align-center\" data-align=\"center\">2025<\/td>\n<td class=\"has-text-align-center\" data-align=\"center\">212, a inicios del mes de julio<\/td>\n<\/tr>\n<\/tbody>\n<\/table>\n<\/figure>\n<h4 id=\"h-perfil-de-las-victimas-estatus-genero-y-datos-de-identidad\" class=\"wp-block-heading\">Perfil de las v\u00edctimas: estatus, g\u00e9nero y datos de identidad<\/h4>\n<p>El an\u00e1lisis de los polic\u00edas asesinados en 2025 muestra que la\u00a0<strong>mayor\u00eda de las v\u00edctimas son hombres<\/strong>. Se han identificado al menos\u00a0<strong>16 mujeres polic\u00edas asesinadas<\/strong>\u00a0hasta el momento en 2025.<\/p>\n<blockquote class=\"wp-block-quote is-layout-flow wp-block-quote-is-layout-flow\"><p>\u201cHablando en el sexenio: el 92% de los p\u00fablicos asignados son hombres y el 8% son mujeres. La realidad es que no hay patr\u00f3n diferenciado en los ataques por g\u00e9nero. Es un tema que, al final, tiene que ver con la implementaci\u00f3n de la perspectiva de g\u00e9nero. Son criterios a veces para determinar que las mujeres polic\u00edas no se encarguen de labores operativas\u201d.<\/p>\n<p><strong>Vocero de Causa en Com\u00fan, Fernando Escobar Ayala<\/strong><\/p><\/blockquote>\n<p>En cuanto al\u00a0<strong>estatus<\/strong>\u00a0de los polic\u00edas al momento del asesinato, la informaci\u00f3n se clasifica en varias categor\u00edas:\u00a0<strong>activo<\/strong>,\u00a0<strong>franco<\/strong>,\u00a0<strong>expolic\u00eda<\/strong>\u00a0y\u00a0<strong>sin datos<\/strong>.<\/p>\n<p>Entre las v\u00edctimas registradas hasta el momento, el estatus m\u00e1s com\u00fan es el de\u00a0<strong>polic\u00eda activo<\/strong>, es decir, agentes que se encontraban en servicio cuando ocurri\u00f3 el ataque. Le siguen aquellos que estaban fuera de servicio (<strong>franco<\/strong>) y, en menor proporci\u00f3n, los\u00a0<strong>expolic\u00edas\u00a0<\/strong>o casos en los que no se especifica el estatus.<\/p>\n<p>Una gran cantidad de polic\u00edas asesinados forma parte de las filas\u00a0<strong>municipales<\/strong>, lo que sugiere mayor vulnerabilidad respecto a otras\u00a0<strong>corporaciones<\/strong>:<\/p>\n<blockquote class=\"wp-block-quote is-layout-flow wp-block-quote-is-layout-flow\"><p>\u201cPor el porcentaje, con los datos que tenemos 2025, es una tendencia que se repite, tambi\u00e9n, en los a\u00f1os pasados, pero hay menos en este a\u00f1o, el 67% de los polic\u00edas asesinados correspond\u00eda al \u00e1mbito municipal\u201d.<\/p>\n<p><strong>Vocero de Causa en Com\u00fan, Fernando Escobar Ayala<\/strong><\/p><\/blockquote>\n<figure class=\"wp-block-image size-large\"><img loading=\"lazy\" decoding=\"async\" class=\"wp-image-1774801\" src=\"https:\/\/cdn.unotv.com\/images\/2025\/07\/sin-titulo-195858-1024x576.jpg\" sizes=\"auto, (max-width: 1024px) 100vw, 1024px\" srcset=\"https:\/\/cdn.unotv.com\/images\/2025\/07\/sin-titulo-195858-1024x576.webp 1024w, https:\/\/cdn.unotv.com\/images\/2025\/07\/sin-titulo-195858-300x169.webp 300w, https:\/\/cdn.unotv.com\/images\/2025\/07\/sin-titulo-195858-768x432.webp 768w, https:\/\/cdn.unotv.com\/images\/2025\/07\/sin-titulo-195858.jpg 1200w\" alt=\"\" width=\"1024\" height=\"576\" \/><\/figure>\n<p>La base de datos tambi\u00e9n incluye\u00a0<strong>detalles de identidad<\/strong>, como\u00a0<strong>nombre<\/strong>,\u00a0<strong>edad<\/strong>,\u00a0<strong>municipio<\/strong>,\u00a0<strong>corporaci\u00f3n<\/strong>\u00a0y\u00a0<strong>tipo de polic\u00eda<\/strong>\u00a0(Municipal, Estatal, Ministerial, Federal, Guardia Nacional o Auxiliar\/Comunitario).<\/p>\n<p>Por ejemplo:<\/p>\n<ul class=\"wp-block-list\">\n<li><strong>Francisco Javier Velazco<\/strong>, de Sonora, polic\u00eda Municipal y con estatus activo, fue asesinado el 3 de enero de 2025<\/li>\n<li><strong>Luis \u00c1ngel Villasa\u00f1a Reyes,<\/strong>\u00a0de Nuevo Le\u00f3n, de 33 a\u00f1os y expolic\u00eda Municipal, fue asesinado el 5 de enero de 2024.<\/li>\n<\/ul>\n<h4 id=\"h-abandono-institucional-y-militarizacion-afecta-a-policias-causa-comun\" class=\"wp-block-heading\">Abandono institucional y militarizaci\u00f3n afecta a polic\u00edas: Causa Com\u00fan<\/h4>\n<p>El vocero de\u00a0<strong>Causa en Com\u00fan<\/strong>\u00a0se\u00f1al\u00f3 que el aumento de la violencia contra polic\u00edas tambi\u00e9n debe entenderse a partir del\u00a0<strong>debilitamiento estructural que han sufrido las corporaciones de seguridad<\/strong>, particularmente en el \u00e1mbito municipal, como resultado del abandono institucional, presupuestal y pol\u00edtico. Adem\u00e1s, advierte que este deterioro se relaciona directamente con el proceso de militarizaci\u00f3n de la seguridad p\u00fablica:<\/p>\n<blockquote class=\"wp-block-quote is-layout-flow wp-block-quote-is-layout-flow\"><p>\u201cY eso es que las corporaciones policiales, sobre todo en el \u00faltimo sexenio, han experimentado un debilitamiento en el \u00e1mbito institucional, presupuestal y pol\u00edtico. Es decir, no es casualidad que la mayor parte de los polic\u00edas pertenezcan al \u00e1mbito municipal, siendo este nivel de la cadena el que m\u00e1s se ha visto afectado por todos estos abandonos. Esto se enlaza con otro proceso que conocemos como la militarizaci\u00f3n de la seguridad p\u00fablica.\u201d<\/p>\n<p><strong>Vocero de Causa en Com\u00fan, Fernando Escobar Ayala<\/strong><\/p><\/blockquote>\n<h4 id=\"h-violencia-en-guanajuato-y-michoacan-vinculada-a-crimen-y-bloqueos\" class=\"wp-block-heading\">Violencia en Guanajuato y Michoac\u00e1n, vinculada a crimen y bloqueos<\/h4>\n<p><strong>Fernando Escobar<\/strong>\u00a0consider\u00f3 que la alta incidencia de homicidios de polic\u00edas en estados como\u00a0<strong>Guanajuato y Michoac\u00e1n\u00a0<\/strong>responde a factores locales espec\u00edficos, entre ellos la presencia persistente del\u00a0<strong>crimen organizado y los conflictos en carreteras<\/strong>, donde se concentra buena parte de los hechos violentos recientes.<\/p>\n<blockquote class=\"wp-block-quote is-layout-flow wp-block-quote-is-layout-flow\"><p>\u201cEn Michoac\u00e1n, ha llamado la atenci\u00f3n el aumento ligado a los conflictos carreteros. No es casualidad: muchas de las v\u00edctimas reportadas recientemente han muerto en ese tipo de eventos violentos.\u201d<\/p>\n<p><strong>Vocero de Causa en Com\u00fan, Fernando Escobar Ayala<\/strong><\/p><\/blockquote>\n<h4 id=\"h-queretaro-ejemplo-de-inversion-en-policias\" class=\"wp-block-heading\">Quer\u00e9taro, ejemplo de inversi\u00f3n en polic\u00edas<\/h4>\n<p>En contraste con estados marcados por la violencia, como\u00a0<strong>Guanajuato<\/strong>, Fernando Escobar destac\u00f3 el caso de\u00a0<strong>Quer\u00e9taro\u00a0<\/strong>como un ejemplo positivo, donde la inversi\u00f3n sostenida en el fortalecimiento policial \u2014especialmente a nivel municipal\u2014 ha contribuido a mantener\u00a0<strong>bajos los niveles<\/strong>\u00a0de agresiones contra elementos de seguridad.<\/p>\n<blockquote class=\"wp-block-quote is-layout-flow wp-block-quote-is-layout-flow\"><p>\u201cQuer\u00e9taro, sobre todo en contraste con Guanajuato, siempre se ha percibido como una especie de oasis. Un factor clave es la fuerte inversi\u00f3n que han hecho tanto el Gobierno estatal como los municipios en el desarrollo y fortalecimiento de sus polic\u00edas.\u201d<\/p>\n<p><strong>Vocero de Causa en Com\u00fan, Fernando Escobar Ayala<\/strong><\/p><\/blockquote>\n<h4 id=\"h-causa-en-comun-alista-indice-de-transparencia-sobre-el-desarrollo-policial\" class=\"wp-block-heading\">Causa en Com\u00fan alista \u00cdndice de Transparencia sobre el Desarrollo Policial<\/h4>\n<p>Fernando Escobar adelant\u00f3 que\u00a0<strong>Causa en Com\u00fan<\/strong>\u00a0est\u00e1 por publicar una nueva edici\u00f3n del\u00a0<strong>\u00cdndice de Transparencia sobre el Desarrollo Policial<\/strong>, una herramienta que eval\u00faa si las entidades federativas cumplen con los requisitos legales en materia de fortalecimiento y profesionalizaci\u00f3n de sus cuerpos de seguridad.<\/p>\n<blockquote class=\"wp-block-quote is-layout-flow wp-block-quote-is-layout-flow\"><p>\u201cPr\u00f3ximamente, vamos a publicar el \u00cdndice de Transparencia sobre el Desarrollo Policial. A partir de la informaci\u00f3n que reportan las entidades, evaluamos si cumplen con los requisitos legales en la materia. Confiamos en tenerlo listo a principios de agosto\u201d.<\/p>\n<p><strong>Vocero de Causa en Com\u00fan, Fernando Escobar Ayala<\/strong><\/p><\/blockquote>\n<h4 id=\"h-buenas-practicas-policiales-segun-causa-en-comun\" class=\"wp-block-heading\">Buenas pr\u00e1cticas policiales, seg\u00fan Causa en Com\u00fan<\/h4>\n<p>Adem\u00e1s de se\u00f1alar los factores de riesgo,\u00a0<strong>Causa en Com\u00fan<\/strong>\u00a0ha identificado ciertas buenas pr\u00e1cticas que pueden incidir directamente en la protecci\u00f3n de los polic\u00edas y en la reducci\u00f3n de hechos violentos. Entre ellas, destacan tanto la provisi\u00f3n de equipo bal\u00edstico como el desarrollo de\u00a0<strong>protocolos internos y evaluaciones dentro de las propias corporaciones:<\/strong><\/p>\n<blockquote class=\"wp-block-quote is-layout-flow wp-block-quote-is-layout-flow\"><p>\u201cRespecto a las buenas pr\u00e1cticas que hemos identificado, algo importante que incide directamente en la protecci\u00f3n de los polic\u00edas \u2014y por tanto en la reducci\u00f3n de estos incidentes\u2014 es la provisi\u00f3n de equipo bal\u00edstico: chalecos antibalas, placas y veh\u00edculos blindados. Tambi\u00e9n influye si las corporaciones cuentan con protocolos de uso de la fuerza o evaluaciones internas hechas por los propios polic\u00edas.\u201d<\/p>\n<p><strong>Vocero de Causa en Com\u00fan, Fernando Escobar Ayala<\/strong><\/p><\/blockquote>\n<h4 id=\"h-voces-de-la-autoridad-en-los-estados-mas-afectados-ante-hechos-recientes\" class=\"wp-block-heading\">Voces de la autoridad en los estados m\u00e1s afectados ante hechos recientes<\/h4>\n<p><strong>Uno TV<\/strong>\u00a0recab\u00f3 testimonios de autoridades y v\u00edctimas en algunos de los estados m\u00e1s golpeados por esta violencia. Se presentan a continuaci\u00f3n:<\/p>\n<p class=\"has-vivid-red-color has-text-color has-link-color wp-elements-ef0de9c2d747fcddfbff3bdd52bcd4c1\"><strong><em>Sinaloa:<\/em><\/strong><\/p>\n<p>La ola de violencia contra polic\u00edas en\u00a0<strong>Sinaloa<\/strong>\u00a0contin\u00faa. Es el estado en el que m\u00e1s asesinatos de polic\u00edas han ocurrido en 2025. El enfrentamiento frontal entre \u201c<strong>Los Chapitos\u201d y \u201cLos Mayos\u201d<\/strong>\u00a0ha dejado m\u00faltiples agresiones letales contra elementos municipales, estatales y de investigaci\u00f3n, especialmente en\u00a0<strong>Culiac\u00e1n y Navolato<\/strong>.<\/p>\n<p>El secretario general de Gobierno,\u00a0<strong>Feliciano Castro Mel\u00e9ndrez<\/strong>, lament\u00f3 el reciente asesinato de un efectivos policial y se\u00f1al\u00f3 que el tema ser\u00e1 discutido en la pr\u00f3xima Mesa de Seguridad:<\/p>\n<blockquote class=\"wp-block-quote is-layout-flow wp-block-quote-is-layout-flow\"><p><strong>\u201cUna muerte m\u00e1s que lamentamos, sin duda. Esto lastima a la sociedad y al Gobierno\u2026 y nos obliga a reforzar la estrategia para regresar la paz en Sinaloa.\u201d<\/strong><\/p><\/blockquote>\n<p class=\"has-vivid-red-color has-text-color has-link-color wp-elements-88060f60ef71667173f826a249a7dfd3\"><strong><em>Guanajuato:<\/em><\/strong><\/p>\n<p><strong>Guanajuato<\/strong>\u00a0es el segundo estado con m\u00e1s polic\u00edas asesinados en 2025, s\u00f3lo detr\u00e1s de\u00a0<strong>Sinaloa<\/strong>. Los municipios m\u00e1s afectados son\u00a0<strong>Apaseo el Alto, Cortazar, Yuriria, Ac\u00e1mbaro y P\u00e9njamo<\/strong>, seg\u00fan\u00a0<strong>Causa en Com\u00fan<\/strong>.<\/p>\n<p>El secretario de Seguridad estatal,\u00a0<strong>Juan Mauro Gonz\u00e1lez<\/strong>, afirm\u00f3:<\/p>\n<blockquote class=\"wp-block-quote is-layout-flow wp-block-quote-is-layout-flow\"><p><strong>\u201cEst\u00e1n yendo tras los delincuentes\u2026 no s\u00f3lo a balazos, sino con investigaciones.\u201d<\/strong><\/p><\/blockquote>\n<p><strong>Roberto<\/strong>, hijo de un polic\u00eda asesinado en\u00a0<strong>Celaya<\/strong>, relat\u00f3:<\/p>\n<blockquote class=\"wp-block-quote is-layout-flow wp-block-quote-is-layout-flow\"><p><strong>\u201cA mi pap\u00e1 lo mataron de cuatro balazos\u2026 nos prometieron apoyo, pero nunca pas\u00f3 nada.\u201d<\/strong><\/p><\/blockquote>\n<p class=\"has-vivid-red-color has-text-color has-link-color wp-elements-0c9c0c6e1868c3e4143fbb2d333a571c\"><strong><em>Michoac\u00e1n:<\/em><\/strong><\/p>\n<p>Tal como lo documenta\u00a0<strong>Causa en Com\u00fan<\/strong>,\u00a0<strong>Michoac\u00e1n\u00a0<\/strong>enfrenta un incremento alarmante en agresiones contra cuerpos policiacos. Se trata del tercer estado con mayor registro de polic\u00edas asesinados.<\/p>\n<p>Uno de los focos m\u00e1s violentos de la entidad es\u00a0<strong>Zamora<\/strong>. Al respecto, el\u00a0<strong>gobernador Alfredo Ram\u00edrez Bedolla<\/strong>\u00a0afirma que se atiende el tema, pero llama a no caer en rumores o informaci\u00f3n falsa.<\/p>\n<p>Las autoridades locales informan que trabajan en la depuraci\u00f3n de los cuerpos de seguridad en la entidad. El comisionado de la Polic\u00eda de Morelia,\u00a0<strong>Pablo Alarc\u00f3n<\/strong>, se\u00f1al\u00f3:<\/p>\n<blockquote class=\"wp-block-quote is-layout-flow wp-block-quote-is-layout-flow\"><p><strong>\u201cNo hay cabida para la corrupci\u00f3n. Cerca de cien agentes han sido dados de baja por irregularidades en estos cuatro a\u00f1os\u201d.<\/strong><\/p><\/blockquote>\n<p class=\"has-vivid-red-color has-text-color has-link-color wp-elements-73f7f84218180f8cae581e8797e4e6a6\"><strong><em>Guerrero:<\/em><\/strong><\/p>\n<p>La violencia contra polic\u00edas en\u00a0<strong>Guerrero<\/strong>, cuarto estado con m\u00e1s registros, se ha intensificado en municipios como\u00a0<strong>Acapulco<\/strong>, donde varios agentes han sido asesinados en las \u00faltimas semanas.<\/p>\n<p>Uno de los casos m\u00e1s graves ocurri\u00f3 en\u00a0<strong>Igualapa<\/strong>, donde una patrulla fue emboscada, dejando cuatro polic\u00edas muertos, incluido el subdirector. Tras el ataque, casi toda la corporaci\u00f3n desert\u00f3 por temor, y\u00a0<strong>la Polic\u00eda Estatal y el Ej\u00e9rcito<\/strong>\u00a0asumieron el control de la seguridad.<\/p>\n<p>En\u00a0<strong>Acapulco<\/strong>, dos agentes municipales fueron asesinados el mismo d\u00eda, esta semana.\u00a0Uno de ellos era\u00a0<strong>Ronald Paz<\/strong>, tambi\u00e9n creador de contenido en redes,\u00a0quien hab\u00eda transmitido en vivo minutos antes de ser ejecutado en la v\u00eda p\u00fablica.<\/p>\n<p>El secretario de Seguridad de Chilpancingo,\u00a0<strong>Eduardo Arturo Bailleres Mendoza<\/strong>, lament\u00f3 los hechos y asegur\u00f3:<\/p>\n<blockquote class=\"wp-block-quote is-layout-flow wp-block-quote-is-layout-flow\"><p><strong>\u201cLamentamos mucho estas p\u00e9rdidas. Muy pronto ver\u00e1n una respuesta en\u00e9rgica y oportuna para dar con los responsables de este artero crimen.\u201d<\/strong><\/p><\/blockquote>\n<p>Con informaci\u00f3n de UNOTV.COM<\/p>\n","protected":false},"excerpt":{"rendered":"<p>Iv\u00e1n Grifaldo\u00a0&#8211;\u00a0Omar Hern\u00e1ndez Jim\u00e9nez\u00a0| Jes\u00fas Dorantes | Sergio Ort\u00edz | C\u00e9sar Cabrera &nbsp; Los\u00a0asesinatos de elementos policiales en M\u00e9xico\u00a0muestran un aumento, con un total de\u00a0212 casos registrados hasta principios de julio de 2025. Esta cifra representa un promedio de\u00a0un polic\u00eda asesinado por d\u00eda\u00a0y un incremento del\u00a037% respecto al mismo periodo de 2024, seg\u00fan informaci\u00f3n de la organizaci\u00f3n civil\u00a0Causa en Com\u00fan. En entrevista con\u00a0Uno TV, el vocero de\u00a0Causa en Com\u00fan, Fernando Escobar Ayala,\u00a0destac\u00f3 el peso que tienen en las cifras las\u00a0condiciones que prevalecen a nivel local. \u201cLa respuesta se obtiene mirando en el \u00e1mbito local. Algo que hemos aprendido despu\u00e9s de [&hellip;]<\/p>\n","protected":false},"author":3,"featured_media":108859,"comment_status":"open","ping_status":"open","sticky":false,"template":"","format":"standard","meta":{"_jetpack_newsletter_access":"","_jetpack_dont_email_post_to_subs":false,"_jetpack_newsletter_tier_id":0,"_jetpack_memberships_contains_paywalled_content":false,"_jetpack_feature_clip_id":0,"_jetpack_memberships_contains_paid_content":false,"footnotes":"","jetpack_publicize_message":"","jetpack_publicize_feature_enabled":true,"jetpack_social_post_already_shared":true,"jetpack_social_options":{"image_generator_settings":{"template":"highway","default_image_id":0,"font":"","enabled":false},"version":2},"jetpack_post_was_ever_published":false},"categories":[75],"tags":[],"class_list":["post-125361","post","type-post","status-publish","format-standard","has-post-thumbnail","hentry","category-nacional","post--single"],"jetpack_publicize_connections":[],"jetpack_featured_media_url":"https:\/\/ovelanalista.com\/wp-content\/uploads\/2024\/11\/policiaca-tematica-policia-patrulla.jpeg","jetpack_sharing_enabled":true,"_links":{"self":[{"href":"https:\/\/ovelanalista.com\/index.php?rest_route=\/wp\/v2\/posts\/125361","targetHints":{"allow":["GET"]}}],"collection":[{"href":"https:\/\/ovelanalista.com\/index.php?rest_route=\/wp\/v2\/posts"}],"about":[{"href":"https:\/\/ovelanalista.com\/index.php?rest_route=\/wp\/v2\/types\/post"}],"author":[{"embeddable":true,"href":"https:\/\/ovelanalista.com\/index.php?rest_route=\/wp\/v2\/users\/3"}],"replies":[{"embeddable":true,"href":"https:\/\/ovelanalista.com\/index.php?rest_route=%2Fwp%2Fv2%2Fcomments&post=125361"}],"version-history":[{"count":1,"href":"https:\/\/ovelanalista.com\/index.php?rest_route=\/wp\/v2\/posts\/125361\/revisions"}],"predecessor-version":[{"id":125365,"href":"https:\/\/ovelanalista.com\/index.php?rest_route=\/wp\/v2\/posts\/125361\/revisions\/125365"}],"wp:featuredmedia":[{"embeddable":true,"href":"https:\/\/ovelanalista.com\/index.php?rest_route=\/wp\/v2\/media\/108859"}],"wp:attachment":[{"href":"https:\/\/ovelanalista.com\/index.php?rest_route=%2Fwp%2Fv2%2Fmedia&parent=125361"}],"wp:term":[{"taxonomy":"category","embeddable":true,"href":"https:\/\/ovelanalista.com\/index.php?rest_route=%2Fwp%2Fv2%2Fcategories&post=125361"},{"taxonomy":"post_tag","embeddable":true,"href":"https:\/\/ovelanalista.com\/index.php?rest_route=%2Fwp%2Fv2%2Ftags&post=125361"}],"curies":[{"name":"wp","href":"https:\/\/api.w.org\/{rel}","templated":true}]}}