{"id":125363,"date":"2025-07-14T20:00:13","date_gmt":"2025-07-15T02:00:13","guid":{"rendered":"https:\/\/ovelanalista.com\/?p=125363"},"modified":"2025-07-14T11:23:58","modified_gmt":"2025-07-14T17:23:58","slug":"ovidio-guzman-tiene-seis-meses-para-matar-al-cartel-de-sinaloa-y-demostrar-su-valor-a-eeuu-advierte-oscar-balderas","status":"publish","type":"post","link":"https:\/\/ovelanalista.com\/?p=125363","title":{"rendered":"Ovidio Guzm\u00e1n tiene seis meses para \u201cmatar al C\u00e1rtel de Sinaloa\u201d y demostrar su valor a EEUU, advierte \u00d3scar Balderas"},"content":{"rendered":"<p>El hijo del Chapo se declar\u00f3 culpable ante una corte de Chicago para evitar un juicio p\u00fablico; ahora deber\u00e1 colaborar con las autoridades<\/p>\n<p>Por <span class=\"author-name\">Anayeli Tapia Sandoval<\/span><\/p>\n<div class=\"visual__image image-initial-width\">Tras declararse culpable ante una corte de Chicago, el hijo del Chapo busca reducir su condena colaborando con la justicia de EEUU. (Anayeli Tapia\/Infobae)<\/div>\n<p class=\"paragraph\" data-mrf-recirculation=\"Links inline\"><b>Ovidio Guzm\u00e1n L\u00f3pez<\/b>, alias\u00a0<i>El Rat\u00f3n<\/i>, hijo de Joaqu\u00edn\u00a0<i>El Chapo<\/i>\u00a0Guzm\u00e1n e identificado como uno de los l\u00edderes del\u00a0<b>C\u00e1rtel de Sinaloa<\/b>, se declar\u00f3 culpable de\u00a0<b>cuatro delitos graves<\/b>\u00a0ante una corte federal de Chicago el pasado 11 de julio. Con este acuerdo, el tambi\u00e9n integrante del grupo conocido como\u00a0<i><b>Los Chapitos<\/b><\/i>\u00a0evita un juicio con jurado, pero queda obligado a\u00a0<b>cooperar con la justicia estadounidense<\/b> bajo estrictas condiciones.<\/p>\n<p class=\"paragraph\" data-mrf-recirculation=\"Links inline\">El periodista \u00d3scar Balderas explic\u00f3 en entrevista con\u00a0<i>MVS Noticias<\/i>\u00a0que esta declaraci\u00f3n de culpabilidad\u00a0<b>marca el inicio de una fase cr\u00edtica<\/b>: Ovidio tiene<b>\u00a0seis meses\u00a0<\/b>para demostrar que su colaboraci\u00f3n representa un valor real para los fiscales, el lapso de tiempo estipulado para que la jueza Sharon J. Coleman\u00a0<b>dicte sentencia al capo.<\/b><\/p>\n<p class=\"paragraph\" data-mrf-recirculation=\"Links inline\">De no ser as\u00ed, advierte el experto en temas de seguridad y narcotr\u00e1fico,\u00a0<i>El Rat\u00f3n\u00a0<\/i><b>perder\u00eda los beneficios\u00a0<\/b>asociados a su condici\u00f3n de testigo cooperante y podr\u00eda enfrentar el\u00a0<b>resto de los cargos<\/b> que pesan en su contra, incluida la cadena perpetua.<\/p>\n<div class=\"visual__image\"><picture><source srcset=\"https:\/\/www.infobae.com\/resizer\/v2\/4GEOMOND7BGSNGSYIU2HI4FTPA.jpg?auth=c867fa35db68c6b5989936dc1c0fcf9fbe1f9d82c6e5fb89921a602138429529&amp;smart=true&amp;width=992&amp;height=558&amp;quality=85\" media=\"(min-width: 1000px)\" \/><source srcset=\"https:\/\/www.infobae.com\/resizer\/v2\/4GEOMOND7BGSNGSYIU2HI4FTPA.jpg?auth=c867fa35db68c6b5989936dc1c0fcf9fbe1f9d82c6e5fb89921a602138429529&amp;smart=true&amp;width=768&amp;height=432&amp;quality=85\" media=\"(min-width: 768px)\" \/><source srcset=\"https:\/\/www.infobae.com\/resizer\/v2\/4GEOMOND7BGSNGSYIU2HI4FTPA.jpg?auth=c867fa35db68c6b5989936dc1c0fcf9fbe1f9d82c6e5fb89921a602138429529&amp;smart=true&amp;width=577&amp;height=325&amp;quality=85\" media=\"(min-width: 580px)\" \/><source srcset=\"https:\/\/www.infobae.com\/resizer\/v2\/4GEOMOND7BGSNGSYIU2HI4FTPA.jpg?auth=c867fa35db68c6b5989936dc1c0fcf9fbe1f9d82c6e5fb89921a602138429529&amp;smart=true&amp;width=420&amp;height=236&amp;quality=85\" media=\"(min-width: 350px)\" \/><source srcset=\"https:\/\/www.infobae.com\/resizer\/v2\/4GEOMOND7BGSNGSYIU2HI4FTPA.jpg?auth=c867fa35db68c6b5989936dc1c0fcf9fbe1f9d82c6e5fb89921a602138429529&amp;smart=true&amp;width=350&amp;height=197&amp;quality=85\" media=\"(min-width: 80px)\" \/><img loading=\"lazy\" decoding=\"async\" class=\"global-image\" src=\"https:\/\/www.infobae.com\/resizer\/v2\/4GEOMOND7BGSNGSYIU2HI4FTPA.jpg?auth=c867fa35db68c6b5989936dc1c0fcf9fbe1f9d82c6e5fb89921a602138429529&amp;smart=true&amp;width=350&amp;height=197&amp;quality=85\" alt=\"Extradici\u00f3n de Ovidio Guzm\u00e1n. (Foto:\" width=\"1920\" height=\"1080\" \/><\/picture>Extradici\u00f3n de Ovidio Guzm\u00e1n. (Foto: X Derek Maltz)<\/div>\n<p class=\"paragraph\" data-mrf-recirculation=\"Links inline\">\u201cOvidio se declara culpable para evitar un juicio p\u00fablico y a partir de hoy corren seis meses aproximadamente en los cuales Ovidio tendr\u00e1 que demostrar a las autoridades de Estados Unidos que efectivamente \u00e9l es un testigo colaborador valioso\u201d, explic\u00f3 Balderas.<\/p>\n<div class=\"headline-wrapper\">\n<h2 class=\"header headline-class-h2\">El acuerdo: delitos, cargos y condiciones<\/h2>\n<\/div>\n<p class=\"paragraph\" data-mrf-recirculation=\"Links inline\">La fiscal\u00eda estadounidense detall\u00f3 el pasado viernes que Ovidio Guzm\u00e1n L\u00f3pez, de 35 a\u00f1os, se declar\u00f3 culpable de\u00a0<b>conspirar para traficar coca\u00edna, hero\u00edna, metanfetamina y fentanilo<\/b>, as\u00ed como de\u00a0<b>participar en una empresa criminal continua<\/b>. El Departamento de Justicia afirm\u00f3 que el acusado admiti\u00f3 haber coordinado cargamentos de cientos de kilogramos de droga desde M\u00e9xico hacia la frontera con Estados Unidos utilizando\u00a0<b>veh\u00edculos, trenes, t\u00faneles y aviones.<\/b><\/p>\n<p class=\"paragraph\" data-mrf-recirculation=\"Links inline\">En la audiencia, Ovidio tambi\u00e9n acept\u00f3 que \u00e9l y sus socios\u00a0<b>recurrieron a la violencia<\/b>\u00a0contra civiles, fuerzas del orden y narcotraficantes rivales. Adem\u00e1s, reconoci\u00f3 haber<b>\u00a0lavado las ganancias del narcotr\u00e1fico\u00a0<\/b>mediante transferencias bancarias, comercio de bienes y criptomonedas.<\/p>\n<p class=\"paragraph\" data-mrf-recirculation=\"Links inline\">La admisi\u00f3n de culpabilidad permite a Guzm\u00e1n L\u00f3pez negociar una\u00a0<b>condena m\u00e1s baja que la impuesta a su padre<\/b>,\u00a0<i>El Chapo,\u00a0<\/i>quien purga cadena perpetua desde 2019 en una prisi\u00f3n de m\u00e1xima seguridad. La fiscal\u00eda considera esta colaboraci\u00f3n \u201cotro paso importante para responsabilizar al C\u00e1rtel de Sinaloa y a sus l\u00edderes por su papel en la epidemia de fentanilo\u201d, se\u00f1al\u00f3 el fiscal federal Jay Clayton.<\/p>\n<div class=\"visual__image\"><picture><source srcset=\"https:\/\/www.infobae.com\/resizer\/v2\/3CYZNPZO5JGOFDF6EL4RRMF2CM.jpg?auth=9183a51f80d51cb5a65059e9fa3bc1abc192bf66f07e9093788e7329e49ff916&amp;smart=true&amp;width=992&amp;height=558&amp;quality=85\" media=\"(min-width: 1000px)\" \/><source srcset=\"https:\/\/www.infobae.com\/resizer\/v2\/3CYZNPZO5JGOFDF6EL4RRMF2CM.jpg?auth=9183a51f80d51cb5a65059e9fa3bc1abc192bf66f07e9093788e7329e49ff916&amp;smart=true&amp;width=768&amp;height=432&amp;quality=85\" media=\"(min-width: 768px)\" \/><source srcset=\"https:\/\/www.infobae.com\/resizer\/v2\/3CYZNPZO5JGOFDF6EL4RRMF2CM.jpg?auth=9183a51f80d51cb5a65059e9fa3bc1abc192bf66f07e9093788e7329e49ff916&amp;smart=true&amp;width=577&amp;height=325&amp;quality=85\" media=\"(min-width: 580px)\" \/><source srcset=\"https:\/\/www.infobae.com\/resizer\/v2\/3CYZNPZO5JGOFDF6EL4RRMF2CM.jpg?auth=9183a51f80d51cb5a65059e9fa3bc1abc192bf66f07e9093788e7329e49ff916&amp;smart=true&amp;width=420&amp;height=236&amp;quality=85\" media=\"(min-width: 350px)\" \/><source srcset=\"https:\/\/www.infobae.com\/resizer\/v2\/3CYZNPZO5JGOFDF6EL4RRMF2CM.jpg?auth=9183a51f80d51cb5a65059e9fa3bc1abc192bf66f07e9093788e7329e49ff916&amp;smart=true&amp;width=350&amp;height=197&amp;quality=85\" media=\"(min-width: 80px)\" \/><img loading=\"lazy\" decoding=\"async\" class=\"global-image\" src=\"https:\/\/www.infobae.com\/resizer\/v2\/3CYZNPZO5JGOFDF6EL4RRMF2CM.jpg?auth=9183a51f80d51cb5a65059e9fa3bc1abc192bf66f07e9093788e7329e49ff916&amp;smart=true&amp;width=350&amp;height=197&amp;quality=85\" alt=\"La colaboraci\u00f3n de Ovidio Guzm\u00e1n\" width=\"1920\" height=\"1080\" \/><\/picture>La colaboraci\u00f3n de Ovidio Guzm\u00e1n con la justicia de Estados Unidos afectar\u00e1 a sus hermanos, los Guzm\u00e1n Salazar. (Anayeli Tapia\/Infobae)<\/div>\n<p class=\"paragraph\" data-mrf-recirculation=\"Links inline\">La negociaci\u00f3n tambi\u00e9n busca\u00a0<b>resguardar a su c\u00edrculo familiar m\u00e1s cercano.\u00a0<\/b>Los 17 familiares de los hermanos Guzm\u00e1n L\u00f3pez que hace unas semanas ingresaron a territorio estadounidense podr\u00edan recibir\u00a0<b>nuevas identidades, residencia y apoyo econ\u00f3mico<\/b>, en el marco de programas de protecci\u00f3n a testigos.<\/p>\n<p class=\"paragraph\" data-mrf-recirculation=\"Links inline\">\u201cEl beneficio que buscar\u00eda para su familia es que se les d\u00e9 una nueva identidad, que se les borre el apellido Guzm\u00e1n o L\u00f3pez y puedan estar en Estados Unidos bajo una identidad secreta\u201d.<\/p>\n<p class=\"paragraph\" data-mrf-recirculation=\"Links inline\">Por su parte, Ovidio intentar\u00eda asegurar una sentencia que le permita\u00a0<b>salir en libertad a los 45 o 50 a\u00f1os,<\/b>\u00a0con una estancia en prisi\u00f3n con acceso a visitas familiares, actividades al aire libre y condiciones m\u00e1s flexibles en una c\u00e1rcel de mediana seguridad.<\/p>\n<div class=\"headline-wrapper\">\n<h4 class=\"header headline-class-h2\">Seis meses para \u201cmatar al c\u00e1rtel\u201d<\/h4>\n<\/div>\n<p class=\"paragraph\" data-mrf-recirculation=\"Links inline\">De acuerdo con Balderas, el reto para Guzm\u00e1n L\u00f3pez va m\u00e1s all\u00e1 de las declaraciones firmadas. Durante los pr\u00f3ximos seis meses, el acusado deber\u00e1 probar que puede proporcionar informaci\u00f3n sustancial sobre la\u00a0<b>operaci\u00f3n interna del C\u00e1rtel de Sinaloa<\/b>:\u00a0<b>rutas de trasiego, socios clave, funcionarios coludidos, bienes ocultos, redes de lavado y empresas fachada.<\/b><\/p>\n<p class=\"paragraph\" data-mrf-recirculation=\"Links inline\">\u201cOvidio a la hora de demostrar que es un buen informante tiene que dar a conocer rutas de drogas, socios del c\u00e1rtel, apoyos pol\u00edticos, propiedades, negocios fachada\u2026 Es decir, todo lo que un c\u00e1rtel necesita para sobrevivir\u201d, dijo el periodista.<\/p>\n<div class=\"visual__image\"><picture><source srcset=\"https:\/\/www.infobae.com\/resizer\/v2\/U7RH6TAK4VFODKGKKISO466V2E.png?auth=2e40788d2364b541803ca6f4976a76586ef1e634381dca1f77e02d488651d49e&amp;smart=true&amp;width=992&amp;height=690&amp;quality=85\" media=\"(min-width: 1000px)\" \/><source srcset=\"https:\/\/www.infobae.com\/resizer\/v2\/U7RH6TAK4VFODKGKKISO466V2E.png?auth=2e40788d2364b541803ca6f4976a76586ef1e634381dca1f77e02d488651d49e&amp;smart=true&amp;width=768&amp;height=534&amp;quality=85\" media=\"(min-width: 768px)\" \/><source srcset=\"https:\/\/www.infobae.com\/resizer\/v2\/U7RH6TAK4VFODKGKKISO466V2E.png?auth=2e40788d2364b541803ca6f4976a76586ef1e634381dca1f77e02d488651d49e&amp;smart=true&amp;width=577&amp;height=401&amp;quality=85\" media=\"(min-width: 580px)\" \/><source srcset=\"https:\/\/www.infobae.com\/resizer\/v2\/U7RH6TAK4VFODKGKKISO466V2E.png?auth=2e40788d2364b541803ca6f4976a76586ef1e634381dca1f77e02d488651d49e&amp;smart=true&amp;width=420&amp;height=292&amp;quality=85\" media=\"(min-width: 350px)\" \/><source srcset=\"https:\/\/www.infobae.com\/resizer\/v2\/U7RH6TAK4VFODKGKKISO466V2E.png?auth=2e40788d2364b541803ca6f4976a76586ef1e634381dca1f77e02d488651d49e&amp;smart=true&amp;width=350&amp;height=243&amp;quality=85\" media=\"(min-width: 80px)\" \/><img loading=\"lazy\" decoding=\"async\" class=\"global-image\" src=\"https:\/\/www.infobae.com\/resizer\/v2\/U7RH6TAK4VFODKGKKISO466V2E.png?auth=2e40788d2364b541803ca6f4976a76586ef1e634381dca1f77e02d488651d49e&amp;smart=true&amp;width=350&amp;height=243&amp;quality=85\" alt=\"\u00d3scar Balderas asegura que Ovidio\" width=\"2300\" height=\"1600\" \/><\/picture>\u00d3scar Balderas asegura que Ovidio deber\u00e1 matar al c\u00e1rtel que hered\u00f3 de su padre, El Chapo Guzm\u00e1n. EFE<\/div>\n<p class=\"paragraph\" data-mrf-recirculation=\"Links inline\">La\u00a0<b>paradoja<\/b>, seg\u00fan Balderas, es que para salvarse a s\u00ed mismo y proteger a su familia, Ovidio debe entregar todo lo que sabe sobre la organizaci\u00f3n que hered\u00f3 de su pap\u00e1:<\/p>\n<p class=\"paragraph\" data-mrf-recirculation=\"Links inline\">\u201cLa gran paradoja es que Ovidio, para salvarse, tiene que matar al C\u00e1rtel de Sinaloa, tiene que matar la creaci\u00f3n del padre, lo cual me parece hasta po\u00e9tico porque es la \u00fanica salida que tiene\u201d, subray\u00f3.<\/p>\n<p class=\"paragraph\" data-mrf-recirculation=\"Links inline\">Para Balderas, la ca\u00edda de Ovidio puede leerse como un punto de inflexi\u00f3n dentro de un proceso prolongado de\u00a0<b>desgaste del C\u00e1rtel de Sinaloa, iniciado con la tercera captura del\u00a0<\/b><i><b>Chapo<\/b><\/i><b>\u00a0en 2016 y acentuado con su extradici\u00f3n en 2017.\u00a0<\/b>El intento fallido por detener a Ovidio en 2019, conocido como el\u00a0<i><b>Culiacanazo<\/b><\/i>, y su recaptura en enero de 2023, marcaron el debilitamiento paulatino de su influencia armada y log\u00edstica.<\/p>\n<p class=\"paragraph\" data-mrf-recirculation=\"Links inline\">\u201cSi el C\u00e1rtel de Sinaloa fuera un cuerpo, un organismo, ha ido entrando en una fase de enfermedad cada vez m\u00e1s grave\u201d, se\u00f1al\u00f3 el periodista.<\/p>\n<div class=\"undefined ad-wrapper\">\n<div class=\"dfpAd \">\n<div id=\"infobae\/mexico\/nota\/undefined\" class=\"infobae\/mexico\/nota\/undefined arcad\"><\/div>\n<\/div>\n<\/div>\n<p class=\"paragraph\" data-mrf-recirculation=\"Links inline\">La admisi\u00f3n de culpabilidad de uno de los principales l\u00edderes operativos representa, por tanto, una grieta interna profunda. Y aunque<b>\u00a0Iv\u00e1n Archivaldo y Jes\u00fas Alfredo Guzm\u00e1n Salazar<\/b>\u00a0\u2014tambi\u00e9n se\u00f1alados por el gobierno estadounidense\u2014 permanecen pr\u00f3fugos, el hecho de que su medio hermano se convierta en informante complica la cohesi\u00f3n del grupo y expone su vulnerabilidad operativa.<\/p>\n<p data-mrf-recirculation=\"Links inline\">\n<p data-mrf-recirculation=\"Links inline\">Con informaci\u00f3n de infobae<\/p>\n","protected":false},"excerpt":{"rendered":"<p>El hijo del Chapo se declar\u00f3 culpable ante una corte de Chicago para evitar un juicio p\u00fablico; ahora deber\u00e1 colaborar con las autoridades Por Anayeli Tapia Sandoval Tras declararse culpable ante una corte de Chicago, el hijo del Chapo busca reducir su condena colaborando con la justicia de EEUU. (Anayeli Tapia\/Infobae) Ovidio Guzm\u00e1n L\u00f3pez, alias\u00a0El Rat\u00f3n, hijo de Joaqu\u00edn\u00a0El Chapo\u00a0Guzm\u00e1n e identificado como uno de los l\u00edderes del\u00a0C\u00e1rtel de Sinaloa, se declar\u00f3 culpable de\u00a0cuatro delitos graves\u00a0ante una corte federal de Chicago el pasado 11 de julio. Con este acuerdo, el tambi\u00e9n integrante del grupo conocido como\u00a0Los Chapitos\u00a0evita un juicio con [&hellip;]<\/p>\n","protected":false},"author":3,"featured_media":125366,"comment_status":"open","ping_status":"open","sticky":false,"template":"","format":"standard","meta":{"_jetpack_newsletter_access":"","_jetpack_dont_email_post_to_subs":false,"_jetpack_newsletter_tier_id":0,"_jetpack_memberships_contains_paywalled_content":false,"_jetpack_feature_clip_id":0,"_jetpack_memberships_contains_paid_content":false,"footnotes":"","jetpack_publicize_message":"","jetpack_publicize_feature_enabled":true,"jetpack_social_post_already_shared":true,"jetpack_social_options":{"image_generator_settings":{"template":"highway","default_image_id":0,"font":"","enabled":false},"version":2},"jetpack_post_was_ever_published":false},"categories":[75],"tags":[],"class_list":["post-125363","post","type-post","status-publish","format-standard","has-post-thumbnail","hentry","category-nacional","post--single"],"jetpack_publicize_connections":[],"jetpack_featured_media_url":"https:\/\/ovelanalista.com\/wp-content\/uploads\/2025\/07\/Captura-de-Pantalla-2025-07-14-a-las-10.22.53.png","jetpack_sharing_enabled":true,"_links":{"self":[{"href":"https:\/\/ovelanalista.com\/index.php?rest_route=\/wp\/v2\/posts\/125363","targetHints":{"allow":["GET"]}}],"collection":[{"href":"https:\/\/ovelanalista.com\/index.php?rest_route=\/wp\/v2\/posts"}],"about":[{"href":"https:\/\/ovelanalista.com\/index.php?rest_route=\/wp\/v2\/types\/post"}],"author":[{"embeddable":true,"href":"https:\/\/ovelanalista.com\/index.php?rest_route=\/wp\/v2\/users\/3"}],"replies":[{"embeddable":true,"href":"https:\/\/ovelanalista.com\/index.php?rest_route=%2Fwp%2Fv2%2Fcomments&post=125363"}],"version-history":[{"count":2,"href":"https:\/\/ovelanalista.com\/index.php?rest_route=\/wp\/v2\/posts\/125363\/revisions"}],"predecessor-version":[{"id":125369,"href":"https:\/\/ovelanalista.com\/index.php?rest_route=\/wp\/v2\/posts\/125363\/revisions\/125369"}],"wp:featuredmedia":[{"embeddable":true,"href":"https:\/\/ovelanalista.com\/index.php?rest_route=\/wp\/v2\/media\/125366"}],"wp:attachment":[{"href":"https:\/\/ovelanalista.com\/index.php?rest_route=%2Fwp%2Fv2%2Fmedia&parent=125363"}],"wp:term":[{"taxonomy":"category","embeddable":true,"href":"https:\/\/ovelanalista.com\/index.php?rest_route=%2Fwp%2Fv2%2Fcategories&post=125363"},{"taxonomy":"post_tag","embeddable":true,"href":"https:\/\/ovelanalista.com\/index.php?rest_route=%2Fwp%2Fv2%2Ftags&post=125363"}],"curies":[{"name":"wp","href":"https:\/\/api.w.org\/{rel}","templated":true}]}}