{"id":125370,"date":"2025-07-15T10:04:33","date_gmt":"2025-07-15T16:04:33","guid":{"rendered":"https:\/\/ovelanalista.com\/?p=125370"},"modified":"2025-07-15T10:05:49","modified_gmt":"2025-07-15T16:05:49","slug":"tlaloc-nos-favorece-se-reduce-la-sequia","status":"publish","type":"post","link":"https:\/\/ovelanalista.com\/?p=125370","title":{"rendered":"Tl\u00e1loc nos favorece. Se reduce la sequ\u00eda"},"content":{"rendered":"<div><strong>Alguien Tiene Que Decirlo<\/strong><\/div>\n<div><\/div>\n<div><\/div>\n<div><\/div>\n<div><strong>Samuel Sarmiento\u00a0<\/strong><\/div>\n<div><\/div>\n<div><\/div>\n<div>Seg\u00fan el Banco Mundial, invertir en agua es invertir en el crecimiento econ\u00f3mico, en la generaci\u00f3n de empleos de calidad y en la reducci\u00f3n de la pobreza. El agua no s\u00f3lo ha posible la vida tal y como la conocemos, sino que, adem\u00e1s, nos permite cultivar alimentos, mejora los ecosistemas e impulsa las econom\u00edas.<\/div>\n<div><\/div>\n<div>Sin embargo, a nivel mundial, los retos son grandes: m\u00e1s de 2,200 millones de personas que no disponen de agua potable gestionada de manera segura (28% de la poblaci\u00f3n) y 3,500 millones de personas carec\u00edan de saneamiento (44%). Por lo tanto, para alcanzar la cobertura universal, que es la meta de los Objetivos de Desarrollo Sostenible 2030 de la Organizaci\u00f3n de las Naciones Unidas (ONU), tendr\u00eda que invertirse 6 veces m\u00e1s recursos en agua potable y 5 veces m\u00e1s en saneamiento.<\/div>\n<div><\/div>\n<div>En M\u00e9xico, el 76% del agua se destina a las actividades agropecuarias, el 9% a la industria y 15% al abastecimiento p\u00fablico, pero en Sinaloa, el uso del agua en el campo sube al 94% y se estima que entre el 40% y el 50% del agua se desperdicia en su camino, desde la presa hasta llegar a las parcelas de los productores, por problemas de conducci\u00f3n, filtraci\u00f3n y evaporaci\u00f3n.<\/div>\n<div><\/div>\n<div>En este sentido, para Sinaloa, un estado primario, cuya vocaci\u00f3n es producir alimentos para los 130 millones de mexicanos, y donde el 11% de nuestra econom\u00eda y el 14% de los empleos los genera el campo, la falta de agua y los efectos de la sequ\u00eda tienen un gran impacto en la vida cotidiana de los 3.2 millones de habitantes.<\/div>\n<div><\/div>\n<div>Por lo anterior, es importante destacar que el inicio de la temporada de ciclones tropicales 2025 ha reducido significativamente los problemas de sequ\u00eda. Por ejemplo, a finales de mayo de 2025, a nivel nacional, el 40% del territorio ten\u00eda sequ\u00eda y eso afectaba a 388 municipios, mientras que, para finales de junio, la sequ\u00eda baj\u00f3 al 21.8% del territorio y eso implicaba 173 municipios, es decir, en 1 mes se redujeron a la mitad los problemas de sequ\u00eda.<\/div>\n<div><\/div>\n<div>En el caso de Sinaloa, en mayo de 2025, el 22% de la poblaci\u00f3n enfrentaba sequ\u00eda extrema y el 73% sequ\u00eda excepcional, eso quiere decir que el 95% de los sinaloenses nos ubic\u00e1bamos en los 2 niveles m\u00e1s graves de la sequ\u00eda, seg\u00fan Conagua.<\/div>\n<div><\/div>\n<div>Actualmente, el 8% de los sinaloenses viven en condiciones anormalmente secas, el 24% en sequ\u00eda moderada, 36% en sequ\u00eda severa y 32% en sequ\u00eda extrema, pero ning\u00fan sinaloense vive en sequ\u00eda excepcional, comparado con mayo cuando era el 73% de la poblaci\u00f3n.<\/div>\n<div><\/div>\n<div>Particularmente, los municipios que m\u00e1s han mejorado son: El Fuerte, que ten\u00eda sequ\u00eda excepcional y hoy enfrenta sequ\u00eda extrema; Choix, que pas\u00f3 de sequ\u00eda excepcional a sequ\u00eda severa; Ahome, Juan Jos\u00e9 R\u00edos y Sinaloa, que pasaron de sequ\u00eda excepcional a sequ\u00eda extrema; Culiac\u00e1n y ElDorado, que pasaron de sequ\u00eda excepcional a sequ\u00eda severa; Cosal\u00e1 y Elota que pasaron de sequ\u00eda excepcional a anormalmente seco; y San Ignacio y Mazatl\u00e1n que pasaron de sequ\u00eda excepcional a sequ\u00eda moderada.<\/div>\n<div><\/div>\n<div>Adem\u00e1s, hoy las presas disponen de 1,834 millones de metros c\u00fabicos de agua, lo que representa el 11.7% de su capacidad, comparado con el 6.3% de finales de mes de mayo de 2025.<\/div>\n<div><\/div>\n<div>Cabe se\u00f1alar que para un ciclo de oto\u00f1o-invierno normal se necesitan alrededor de 8,000 millones de metros c\u00fabicos de agua, as\u00ed que el camino sigue siendo largo, pero estamos empezando con el pie derecho.<\/div>\n<div><\/div>\n<div>Por eso, le pregunto estimado lector: en su vida diaria, en su trabajo o negocio, \u00bfc\u00f3mo le ha afectado la sequ\u00eda?<\/div>\n","protected":false},"excerpt":{"rendered":"<p>Alguien Tiene Que Decirlo Samuel Sarmiento\u00a0 Seg\u00fan el Banco Mundial, invertir en agua es invertir en el crecimiento econ\u00f3mico, en la generaci\u00f3n de empleos de calidad y en la reducci\u00f3n de la pobreza. El agua no s\u00f3lo ha posible la vida tal y como la conocemos, sino que, adem\u00e1s, nos permite cultivar alimentos, mejora los ecosistemas e impulsa las econom\u00edas. Sin embargo, a nivel mundial, los retos son grandes: m\u00e1s de 2,200 millones de personas que no disponen de agua potable gestionada de manera segura (28% de la poblaci\u00f3n) y 3,500 millones de personas carec\u00edan de saneamiento (44%). Por lo [&hellip;]<\/p>\n","protected":false},"author":3,"featured_media":92501,"comment_status":"open","ping_status":"open","sticky":false,"template":"","format":"standard","meta":{"_jetpack_newsletter_access":"","_jetpack_dont_email_post_to_subs":false,"_jetpack_newsletter_tier_id":0,"_jetpack_memberships_contains_paywalled_content":false,"_jetpack_feature_clip_id":0,"_jetpack_memberships_contains_paid_content":false,"footnotes":"","jetpack_publicize_message":"","jetpack_publicize_feature_enabled":true,"jetpack_social_post_already_shared":true,"jetpack_social_options":{"image_generator_settings":{"template":"highway","default_image_id":0,"font":"","enabled":false},"version":2},"jetpack_post_was_ever_published":false},"categories":[104],"tags":[],"class_list":["post-125370","post","type-post","status-publish","format-standard","has-post-thumbnail","hentry","category-columnistas-estatales","post--single"],"jetpack_publicize_connections":[],"jetpack_featured_media_url":"https:\/\/ovelanalista.com\/wp-content\/uploads\/2024\/03\/1SAMUEL-SARMIENTO-300x150-1.png","jetpack_sharing_enabled":true,"_links":{"self":[{"href":"https:\/\/ovelanalista.com\/index.php?rest_route=\/wp\/v2\/posts\/125370","targetHints":{"allow":["GET"]}}],"collection":[{"href":"https:\/\/ovelanalista.com\/index.php?rest_route=\/wp\/v2\/posts"}],"about":[{"href":"https:\/\/ovelanalista.com\/index.php?rest_route=\/wp\/v2\/types\/post"}],"author":[{"embeddable":true,"href":"https:\/\/ovelanalista.com\/index.php?rest_route=\/wp\/v2\/users\/3"}],"replies":[{"embeddable":true,"href":"https:\/\/ovelanalista.com\/index.php?rest_route=%2Fwp%2Fv2%2Fcomments&post=125370"}],"version-history":[{"count":1,"href":"https:\/\/ovelanalista.com\/index.php?rest_route=\/wp\/v2\/posts\/125370\/revisions"}],"predecessor-version":[{"id":125374,"href":"https:\/\/ovelanalista.com\/index.php?rest_route=\/wp\/v2\/posts\/125370\/revisions\/125374"}],"wp:featuredmedia":[{"embeddable":true,"href":"https:\/\/ovelanalista.com\/index.php?rest_route=\/wp\/v2\/media\/92501"}],"wp:attachment":[{"href":"https:\/\/ovelanalista.com\/index.php?rest_route=%2Fwp%2Fv2%2Fmedia&parent=125370"}],"wp:term":[{"taxonomy":"category","embeddable":true,"href":"https:\/\/ovelanalista.com\/index.php?rest_route=%2Fwp%2Fv2%2Fcategories&post=125370"},{"taxonomy":"post_tag","embeddable":true,"href":"https:\/\/ovelanalista.com\/index.php?rest_route=%2Fwp%2Fv2%2Ftags&post=125370"}],"curies":[{"name":"wp","href":"https:\/\/api.w.org\/{rel}","templated":true}]}}