{"id":125380,"date":"2025-07-15T10:25:50","date_gmt":"2025-07-15T16:25:50","guid":{"rendered":"https:\/\/ovelanalista.com\/?p=125380"},"modified":"2025-07-15T10:19:38","modified_gmt":"2025-07-15T16:19:38","slug":"pelearan-diez-rounds-en-chicago","status":"publish","type":"post","link":"https:\/\/ovelanalista.com\/?p=125380","title":{"rendered":"Pelear\u00e1n diez rounds \u00bfen Chicago?"},"content":{"rendered":"<p><strong>La Espinita<\/strong><\/p>\n<p><strong>Andy S. K. Brown*<\/strong><\/p>\n<ul>\n<li><strong>Pelear\u00e1n diez rounds \u00bfen Chicago?<\/strong><\/li>\n<li><strong>CFE hace realidad la tesis de Claudia<\/strong><\/li>\n<li><strong>Sheinbaum y la prueba del estadio<\/strong><\/li>\n<\/ul>\n<p>&nbsp;<\/p>\n<p>Usted ya tiene el privilegio de sentarse en el ringside para observar un encuentro box\u00edstico de pron\u00f3stico reservado.<\/p>\n<p>Tal y como la presidente formal anunci\u00f3 ayer, \u00a1en esta esquina\u2026 el abogado estadounidense Jeffrey Lichtman! Y \u00a1en la otra\u2026 la retadora Claudia Sheinbaum!<\/p>\n<p>Ambos van por el preciado cintur\u00f3n en la categor\u00eda Difamaci\u00f3n.<\/p>\n<p>El encuentro, que deber\u00eda celebrarse en la capital de Illinois va a desarrollarse en CDMX, con \u00e1rbitros parciales a la retadora y, le aseguro ser\u00e1 en tiempo r\u00e9cord.<\/p>\n<p>Aqu\u00ed, Sheinbaum tiene asegurado el triunfo por decisi\u00f3n un\u00e1nime, ya que en Chicago un litigio por difamaci\u00f3n generalmente puede tardar entre uno y varios a\u00f1os en resolverse, dependiendo de la complejidad del caso y si llega a juicio. Los casos m\u00e1s sencillos pueden resolverse en aproximadamente un a\u00f1o, mientras que los m\u00e1s complejos pueden llevar varios a\u00f1os.<\/p>\n<p>Y eso no obstante que en la esquina de la retadora est\u00e1 su manejadora Ernestina Godoy, quien ha dado repetidas muestras de su chamboner\u00eda en la Fiscal\u00eda de CDMX, antes, tanto como ahora en la Consejer\u00eda Jur\u00eddica del Gobierno Federal.<\/p>\n<p>En las gradas, ocupadas por quienes pagar\u00e1n menos por ver la retadora tiene muchas porras, confiados en que ella ganar\u00e1 por KO.<\/p>\n<p>Pero \u00bfpor qu\u00e9 la retadora le sac\u00f3 a demandar en Chicago, con un tribunal imparcial?<\/p>\n<p>\u00bfY si el hasta ahora campe\u00f3n Lichtman contrademanda all\u00e1?<\/p>\n<p>\u00a1Qu\u00e9 necesidad!<\/p>\n<p>Y \u00a1qu\u00e9 necedad de arrastrar la investidura por aqu\u00ed y quiz\u00e1 hasta por all\u00e1!<\/p>\n<p>* * *<\/p>\n<p>Seguro usted tiene fresca en la memoria aquella sentencia presidencial con la que aconsejaba no encender las luces \u00a1para ahorrar en el consumo de electricidad!<br \/>\nGran descubrimiento cient\u00edfico que la se\u00f1ora Sheinbaum deber\u00eda patentar.<\/p>\n<p>Y prestos a ponerla en pr\u00e1ctica, funcionarios de la CFE y del Centro Nacional de Control de Energ\u00eda piden a los industriales de Nuevo Le\u00f3n \u2013y seguramente de otras entidades\u2013 que reduzcan su consumo en las llamadas \u201choras pico\u201d de demanda. De las 18:00 a las 21:00 horas. Si no lo hacen les cortan la luz.<\/p>\n<p>Usted tambi\u00e9n puede cooperar a reducir el alto consumo que se presenta a esas horas. Apague las luces, como indic\u00f3 do\u00f1a Claudia. Desconecte el refrigerador.<\/p>\n<p>No encienda el televisor.<\/p>\n<p>\u00a1Sea patriota! Sea solidario con un r\u00e9gimen que impide la inversi\u00f3n privada en electricidad, que tiene a la CFE s\u00faper endeudada y sin capacidad de incrementar sus capacidades de generaci\u00f3n y transmisi\u00f3n del fluido el\u00e9ctrico, porque pese a que a usted le incrementa constantemente las tarifas \u00a1tampoco tiene dinero!<\/p>\n<p>&nbsp;<\/p>\n<p><img loading=\"lazy\" decoding=\"async\" class=\"aligncenter size-full wp-image-513026\" src=\"https:\/\/indicepolitico.com\/wp-content\/uploads\/2025\/07\/claudia-jeffrey.jpg\" sizes=\"auto, (max-width: 537px) 100vw, 537px\" srcset=\"https:\/\/indicepolitico.com\/wp-content\/uploads\/2025\/07\/claudia-jeffrey.jpg 537w, https:\/\/indicepolitico.com\/wp-content\/uploads\/2025\/07\/claudia-jeffrey-300x168.jpg 300w\" alt=\"\" width=\"537\" height=\"301\" data-pin-no-hover=\"true\" \/><\/p>\n<p>* * *<\/p>\n<p>La verdadera popularidad de los jefes de Estado no se mide por encuestas, tal y como lo confirm\u00f3 el domingo el estadounidense Orange Trump.<\/p>\n<p>La prueba definitiva para medirla es la del estadio.<\/p>\n<p>Aqu\u00ed lo han sufrido varios expresidentes. El primero, que se recuerde, fue Gustavo D\u00edaz Ordaz, quien recibi\u00f3 una sonora rechifla en el momento de la declaratoria de apertura de los XIX Juegos Ol\u00edmpicos, en 1968.<\/p>\n<p>Otra fue la ensordecedora silbatina obsequiada por el respetable a Miguel de la Madrid Hurtado, en la inauguraci\u00f3n del Mundial de Futbol \u201cM\u00e9xico 86\u201d.<\/p>\n<p>AMLO no escap\u00f3 del repudio p\u00fablico, casi al inicio de su tr\u00e1gico primer sexenio, en la inauguraci\u00f3n del estadio de beisbol de los Diablos Rojos. La rechifla fue monumental.<\/p>\n<p>El domingo le toc\u00f3 al mandatario estadounidense en un estadio cercano a Manhattan al bajar a premiar al brit\u00e1nico Chelsea, que se coron\u00f3 como campe\u00f3n en la final del Mundial de Clubes.<\/p>\n<p>\u00bfPasar\u00eda ahora esa prueba la se\u00f1ora Sheinbaum?<\/p>\n<p>\u00bfLo conseguir\u00e1 dentro de poco menos de un a\u00f1o cuando inaugure el pr\u00f3ximo Mundial de Futbol\u2026 en caso de que Estados Unidos y Canad\u00e1 no le arrebaten la ceremonia por la situaci\u00f3n que padecemos aqu\u00ed?<\/p>\n<p>@AndySKBrown1<\/p>\n<p><em>* Pseud\u00f3nimo bajo el que se redactan informaciones aportadas por los colaboradores y lectores del portal \u00cdndice Pol\u00edtico.<\/em><\/p>\n","protected":false},"excerpt":{"rendered":"<p>La Espinita Andy S. K. Brown* Pelear\u00e1n diez rounds \u00bfen Chicago? CFE hace realidad la tesis de Claudia Sheinbaum y la prueba del estadio &nbsp; Usted ya tiene el privilegio de sentarse en el ringside para observar un encuentro box\u00edstico de pron\u00f3stico reservado. Tal y como la presidente formal anunci\u00f3 ayer, \u00a1en esta esquina\u2026 el abogado estadounidense Jeffrey Lichtman! Y \u00a1en la otra\u2026 la retadora Claudia Sheinbaum! Ambos van por el preciado cintur\u00f3n en la categor\u00eda Difamaci\u00f3n. El encuentro, que deber\u00eda celebrarse en la capital de Illinois va a desarrollarse en CDMX, con \u00e1rbitros parciales a la retadora y, le [&hellip;]<\/p>\n","protected":false},"author":3,"featured_media":89493,"comment_status":"open","ping_status":"open","sticky":false,"template":"","format":"standard","meta":{"_jetpack_newsletter_access":"","_jetpack_dont_email_post_to_subs":false,"_jetpack_newsletter_tier_id":0,"_jetpack_memberships_contains_paywalled_content":false,"_jetpack_feature_clip_id":0,"_jetpack_memberships_contains_paid_content":false,"footnotes":"","jetpack_publicize_message":"","jetpack_publicize_feature_enabled":true,"jetpack_social_post_already_shared":true,"jetpack_social_options":{"image_generator_settings":{"template":"highway","default_image_id":0,"font":"","enabled":false},"version":2},"jetpack_post_was_ever_published":false},"categories":[79],"tags":[],"class_list":["post-125380","post","type-post","status-publish","format-standard","has-post-thumbnail","hentry","category-columnistas-nacionales","post--single"],"jetpack_publicize_connections":[],"jetpack_featured_media_url":"https:\/\/ovelanalista.com\/wp-content\/uploads\/2024\/01\/Andy-S.-K.-Brown.jpeg","jetpack_sharing_enabled":true,"_links":{"self":[{"href":"https:\/\/ovelanalista.com\/index.php?rest_route=\/wp\/v2\/posts\/125380","targetHints":{"allow":["GET"]}}],"collection":[{"href":"https:\/\/ovelanalista.com\/index.php?rest_route=\/wp\/v2\/posts"}],"about":[{"href":"https:\/\/ovelanalista.com\/index.php?rest_route=\/wp\/v2\/types\/post"}],"author":[{"embeddable":true,"href":"https:\/\/ovelanalista.com\/index.php?rest_route=\/wp\/v2\/users\/3"}],"replies":[{"embeddable":true,"href":"https:\/\/ovelanalista.com\/index.php?rest_route=%2Fwp%2Fv2%2Fcomments&post=125380"}],"version-history":[{"count":1,"href":"https:\/\/ovelanalista.com\/index.php?rest_route=\/wp\/v2\/posts\/125380\/revisions"}],"predecessor-version":[{"id":125383,"href":"https:\/\/ovelanalista.com\/index.php?rest_route=\/wp\/v2\/posts\/125380\/revisions\/125383"}],"wp:featuredmedia":[{"embeddable":true,"href":"https:\/\/ovelanalista.com\/index.php?rest_route=\/wp\/v2\/media\/89493"}],"wp:attachment":[{"href":"https:\/\/ovelanalista.com\/index.php?rest_route=%2Fwp%2Fv2%2Fmedia&parent=125380"}],"wp:term":[{"taxonomy":"category","embeddable":true,"href":"https:\/\/ovelanalista.com\/index.php?rest_route=%2Fwp%2Fv2%2Fcategories&post=125380"},{"taxonomy":"post_tag","embeddable":true,"href":"https:\/\/ovelanalista.com\/index.php?rest_route=%2Fwp%2Fv2%2Ftags&post=125380"}],"curies":[{"name":"wp","href":"https:\/\/api.w.org\/{rel}","templated":true}]}}