{"id":125388,"date":"2025-07-15T10:45:16","date_gmt":"2025-07-15T16:45:16","guid":{"rendered":"https:\/\/ovelanalista.com\/?p=125388"},"modified":"2025-07-15T10:23:52","modified_gmt":"2025-07-15T16:23:52","slug":"sheinbaum-a-cerrar-filas-con-las-corcholatas","status":"publish","type":"post","link":"https:\/\/ovelanalista.com\/?p=125388","title":{"rendered":"Sheinbaum, a cerrar filas con las corcholatas"},"content":{"rendered":"<p><strong>Aqu\u00ed en el Congreso<\/strong><\/p>\n<p><strong>Por Jos\u00e9 Antonio Ch\u00e1vez<\/strong><\/p>\n<p>&nbsp;<\/p>\n<p>La crisis que Estados Unidos meti\u00f3 a la Presidenta Claudia Sheinbaum, ha provocado la necesidad de cerrar filas con los l\u00edderes del Congreso de la Uni\u00f3n, Ad\u00e1n Augusto L\u00f3pez y Ricardo Monreal.<\/p>\n<p>No es una tarea f\u00e1cil para la Presidenta porque recurrir al cobijo de los legisladores que fueron, sin duda sus adversarios o, incluso, enemigos en la b\u00fasqueda de conseguir la candidatura Presidencial, es ceder terreno.<\/p>\n<p>Requiere de ellos para poder afianzar las reformas constitucionales, si bien es la Presidenta de M\u00e9xico, las relaciones no son muy buenas que digamos con Ad\u00e1n y Monreal.<\/p>\n<p>La prueba est\u00e1 en la reforma al nepotismo que se present\u00f3 para aprobarla con funciones al 2027 y se la rechazaron para llevarla hasta el 2030, una desobediencia que no se ve\u00eda en ning\u00fan sexenio.<\/p>\n<p>Ad\u00e1n Augusto como coordinador de los senadores, est\u00e1 al 100 por ciento bajo los ordenamientos que se marquen en el Rancho La Chingada, propiedad del ex Presidente Andr\u00e9s Manuel L\u00f3pez Obrador, en Palenque, Chiapas.<\/p>\n<p>Contrario a Ricardo Monreal que, como coordinador de la bancada de Morena en San L\u00e1zaro, su vagancia pol\u00edtica le permite tender lazos con Palacio Nacional sin lastimar a su amigo L\u00f3pez Obrador.<\/p>\n<p>Monreal esta entre los mejores pol\u00edticos del pa\u00eds, su altura de miras le permite mantener buenas relaciones con la oposici\u00f3n, cede terreno y busca acuerdos, dialoga y escucha. Teje fino n la pol\u00edtica para llegar a arreglos.<\/p>\n<p>Claudia Sheinbaum necesita de la vagancia de Monreal, por eso cerrar filas es la prioridad para enfrentar la escalada de acusaciones contra su gobierno y el saliente de L\u00f3pez Obrador, de narco-gobierno Donald Trump no los baja y eso les duele.<\/p>\n<p>Sheinbaum sabe que las reformas que le aprobaron de No Reelecci\u00f3n, fue una estrategia que llevaba dedicatoria para todos sus adversarios, a como d\u00e9 lugar quer\u00eda impedir que se reeligieran en la C\u00e1mara de Diputados que preside el morenista, Sergio Guti\u00e9rrez.<\/p>\n<p>Por l\u00f3gica Monreal deber\u00eda de seguir en la siguiente legislatura, porque en el 2027 Morena no tiene seguro que podr\u00e1 retener la mayor\u00eda calificada y, entonces, estar\u00e1 obligada a tejer fino y ceder espacios a la oposici\u00f3n para alcanzar los dos tercios que se necesitar\u00e1n para la Constitucionales. Eso lo sabe hacer m\u00e1s que bien el de Zacatecas.<\/p>\n<p>Puede adelantar que esta crisis oblig\u00f3 comenzar los encuentros en Palacio Nacional, que ser\u00e1n, sin duda muy frecuentes, con los liderazgos de senadores y diputados, obviamente ya no habr\u00e1 chilaquiles, pero si una enorme preocupaci\u00f3n que atender.<\/p>\n<p><strong>EL ERROR DE LA PRESIDENTA, ALINEAR CANDIDATAS AL 2027<\/strong><\/p>\n<p>Tambi\u00e9n en el plano pol\u00edtico de su partido, Claudia Shinbaum solt\u00f3 que quien aspire a ser candidata o candidato a gubernaturas, no podr\u00e1 ser presidente del Senado, que inicia el 1 de septiembre y es justo un escal\u00f3n significativo. Naturalmente que el tall\u00f3n que dio, fue sin duda para Ad\u00e1n Augusto que perfilaba a la senadora por Chihuahua, Andrea Ch\u00e1vez para suceder a Gerardo Fern\u00e1ndez Noro\u00f1a. Los tiempos est\u00e1n fr\u00edamente calculados.<\/p>\n<p>Entonces, Ad\u00e1n Augusto sabe que desde Palacio Nacional quieren tirar l\u00ednea al Poder Legislativo, cuando por autonom\u00eda, pero sobre todo por guardar las formas, Sheinbaum deber\u00eda abstenerse.<\/p>\n<p>Con esa medida, lejos de avanzar parece que ech\u00f3 m\u00e1s le\u00f1a al fuego, aunque ahora Don Ad\u00e1n tendr\u00e1 que cambiar las reglas del juego y buscar candidatas a modo para ese cargo, eso s\u00ed, siempre y cuando se oficialice a trav\u00e9s del partido Morena, y firmado con oficio y todo por la presidenta Luisa Mar\u00eda Alcalde y el secretario general, Andy L\u00f3pez Beltr\u00e1n. Antes de eso, el plan seguir\u00e1, con y sin el permiso Presidencial.<\/p>\n<p>Jachavez77@yahoo.com<\/p>\n","protected":false},"excerpt":{"rendered":"<p>Aqu\u00ed en el Congreso Por Jos\u00e9 Antonio Ch\u00e1vez &nbsp; La crisis que Estados Unidos meti\u00f3 a la Presidenta Claudia Sheinbaum, ha provocado la necesidad de cerrar filas con los l\u00edderes del Congreso de la Uni\u00f3n, Ad\u00e1n Augusto L\u00f3pez y Ricardo Monreal. No es una tarea f\u00e1cil para la Presidenta porque recurrir al cobijo de los legisladores que fueron, sin duda sus adversarios o, incluso, enemigos en la b\u00fasqueda de conseguir la candidatura Presidencial, es ceder terreno. Requiere de ellos para poder afianzar las reformas constitucionales, si bien es la Presidenta de M\u00e9xico, las relaciones no son muy buenas que digamos [&hellip;]<\/p>\n","protected":false},"author":3,"featured_media":89737,"comment_status":"open","ping_status":"open","sticky":false,"template":"","format":"standard","meta":{"_jetpack_newsletter_access":"","_jetpack_dont_email_post_to_subs":false,"_jetpack_newsletter_tier_id":0,"_jetpack_memberships_contains_paywalled_content":false,"_jetpack_feature_clip_id":0,"_jetpack_memberships_contains_paid_content":false,"footnotes":"","jetpack_publicize_message":"","jetpack_publicize_feature_enabled":true,"jetpack_social_post_already_shared":true,"jetpack_social_options":{"image_generator_settings":{"template":"highway","default_image_id":0,"font":"","enabled":false},"version":2},"jetpack_post_was_ever_published":false},"categories":[79],"tags":[],"class_list":["post-125388","post","type-post","status-publish","format-standard","has-post-thumbnail","hentry","category-columnistas-nacionales","post--single"],"jetpack_publicize_connections":[],"jetpack_featured_media_url":"https:\/\/ovelanalista.com\/wp-content\/uploads\/2024\/02\/jose_antonio_chavez.jpeg","jetpack_sharing_enabled":true,"_links":{"self":[{"href":"https:\/\/ovelanalista.com\/index.php?rest_route=\/wp\/v2\/posts\/125388","targetHints":{"allow":["GET"]}}],"collection":[{"href":"https:\/\/ovelanalista.com\/index.php?rest_route=\/wp\/v2\/posts"}],"about":[{"href":"https:\/\/ovelanalista.com\/index.php?rest_route=\/wp\/v2\/types\/post"}],"author":[{"embeddable":true,"href":"https:\/\/ovelanalista.com\/index.php?rest_route=\/wp\/v2\/users\/3"}],"replies":[{"embeddable":true,"href":"https:\/\/ovelanalista.com\/index.php?rest_route=%2Fwp%2Fv2%2Fcomments&post=125388"}],"version-history":[{"count":1,"href":"https:\/\/ovelanalista.com\/index.php?rest_route=\/wp\/v2\/posts\/125388\/revisions"}],"predecessor-version":[{"id":125391,"href":"https:\/\/ovelanalista.com\/index.php?rest_route=\/wp\/v2\/posts\/125388\/revisions\/125391"}],"wp:featuredmedia":[{"embeddable":true,"href":"https:\/\/ovelanalista.com\/index.php?rest_route=\/wp\/v2\/media\/89737"}],"wp:attachment":[{"href":"https:\/\/ovelanalista.com\/index.php?rest_route=%2Fwp%2Fv2%2Fmedia&parent=125388"}],"wp:term":[{"taxonomy":"category","embeddable":true,"href":"https:\/\/ovelanalista.com\/index.php?rest_route=%2Fwp%2Fv2%2Fcategories&post=125388"},{"taxonomy":"post_tag","embeddable":true,"href":"https:\/\/ovelanalista.com\/index.php?rest_route=%2Fwp%2Fv2%2Ftags&post=125388"}],"curies":[{"name":"wp","href":"https:\/\/api.w.org\/{rel}","templated":true}]}}