{"id":125408,"date":"2025-07-15T13:00:05","date_gmt":"2025-07-15T19:00:05","guid":{"rendered":"https:\/\/ovelanalista.com\/?p=125408"},"modified":"2025-07-15T10:34:31","modified_gmt":"2025-07-15T16:34:31","slug":"estamos-en-desacuerdo-seguiremos-peleando-sheinbaum-rechaza-arancel-al-jitomate-mexicano-en-ee-uu","status":"publish","type":"post","link":"https:\/\/ovelanalista.com\/?p=125408","title":{"rendered":"\u201cEstamos en desacuerdo, seguiremos peleando\u201d: Sheinbaum rechaza arancel al jitomate mexicano en EE.UU."},"content":{"rendered":"<p>La presidenta Sheinbaum dej\u00f3 en claro que el jitomate mexicano seguir\u00e1 export\u00e1ndose a Estados Unidos pese al arancel.<\/p>\n<div class=\"entry-grid__content-area entry-main-text\">\n<header class=\"entry-header mb-4\">\n<div class=\"entry-info entry-info-header mb-0 mb-lg-2\">\n<div class=\"entry-excerpt px-0 pb-3\">\n<p>&nbsp;<\/p>\n<div class=\"article-item__date mb-auto align-self-center pb-2\">julio 15, 2025<\/div>\n<\/div>\n<\/div>\n<\/header>\n<\/div>\n<div class=\"entry-grid__content-area2 entry-main-text\">\n<div class=\"row\">\n<div class=\"col-12 col-lg-8\">\n<div class=\"article-content\">\n<p class=\"p1\">La presidenta de M\u00e9xico,\u00a0<a href=\"https:\/\/x.com\/Claudiashein\" target=\"_blank\" rel=\"noreferrer noopener\"><span class=\"s1\"><b>Claudia<\/b><\/span><\/a><b>\u00a0Sheinbaum Pardo<\/b>, manifest\u00f3 su\u00a0<strong>desacuerdo<\/strong>\u00a0en la decisi\u00f3n de\u00a0<strong>Estados Unidos<\/strong>\u00a0de imponer un\u00a0<strong>arancel<\/strong>\u00a0del 17 por ciento al\u00a0<strong>jitomate mexicano<\/strong>.<\/p>\n<\/div>\n<\/div>\n<\/div>\n<\/div>\n<p><iframe loading=\"lazy\" title=\"#Ma\u00f1aneraDelPueblo desde Palacio Nacional. Martes 15 de julio 2025\" width=\"1200\" height=\"675\" src=\"https:\/\/www.youtube.com\/embed\/0cRr01SdBPc?feature=oembed\" frameborder=\"0\" allow=\"accelerometer; autoplay; clipboard-write; encrypted-media; gyroscope; picture-in-picture; web-share\" referrerpolicy=\"strict-origin-when-cross-origin\" allowfullscreen><\/iframe><\/p>\n<p>En la conferencia matutina de Palacio Nacional, Sheinbaum Pardo recalc\u00f3 que dicho insumo \u201cno tiene sustituto\u201d y que seguir\u00e1 export\u00e1ndose a la Uni\u00f3n Americana a pesar del gravamen.<\/p>\n<p>\u201cPrimero, no estamos de acuerdo con esta medida que toma el Departamento de Comercio de los EE.UU. Es un acuerdo que existe, que ya se aprob\u00f3 retirar, que lo retiraron y lo volvieron a tener que incorporar por los impactos que tienen en la econom\u00eda y en los consumidores de EE.UU.\u201d, refiri\u00f3.<\/p>\n<blockquote><p>El jitomate mexicano va a seguir export\u00e1ndose a\u00fan con el arancel porque no tiene un sustituto.\u00a0La mayor producci\u00f3n all\u00e1 est\u00e1 en Florida y son sus productores que han estado buscando que se ponga arancel al jitomate mexicano\u201d, puntualiz\u00f3.<\/p><\/blockquote>\n<p>La mandataria mexicana detall\u00f3 que en pr\u00f3ximos d\u00edas se anunciar\u00e1n una serie de acciones para proteger al jitomate mexicano que se exporta a EE.UU. dentro del marco del Plan M\u00e9xico.<\/p>\n<p>\u201cN\u00famero tres, espero que la pr\u00f3xima semana podamos anunciar una serie de acciones que vamos a desarrollar con todas las acciones y productores de jitomate. No quisiera adelantar pero son en el marco del Plan M\u00e9xico y vamos a dar distintas opciones a los productores de jitomate en nuestro pa\u00eds y a seguir peleando en los Estados Unidos\u201d, agreg\u00f3.<\/p>\n<div id=\"ros-inread-multiple-xxdfqw\" class=\"ad-container dfp-ad-unit ad-inread ad-slot\" data-ad-type=\"inreadbox\" data-slot=\"inread-multiple\" data-ad-loaded=\"1\" data-ad-setup=\"{&quot;postID&quot;:1725468,&quot;canRefresh&quot;:false,&quot;infinitescroll&quot;:false}\" data-google-query-id=\"CJLToLGlv44DFb_fGAIdfK84QQ\"><\/div>\n<div data-ad-type=\"inreadbox\" data-slot=\"inread-multiple\" data-ad-loaded=\"1\" data-ad-setup=\"{&quot;postID&quot;:1725468,&quot;canRefresh&quot;:false,&quot;infinitescroll&quot;:false}\" data-google-query-id=\"CJLToLGlv44DFb_fGAIdfK84QQ\">\n<p>El secretario de Econom\u00eda,\u00a0<a href=\"https:\/\/lopezdoriga.com\/economia-y-finanzas\/ebrard-confirma-pago-arancel-eeuu-jitomate\/\" target=\"_blank\" rel=\"noopener\"><strong>Marcelo Ebrard<\/strong><\/a>, se\u00f1al\u00f3 que a partir del lunes 14 de julio se deber\u00e1 pagar a Estados Unidos un arancel del 17 por ciento por la exportaci\u00f3n del jitomate, despu\u00e9s de que Washington se retir\u00f3 oficialmente del conocido\u00a0<strong>Acuerdo de Suspensi\u00f3n de Tomate<\/strong>\u00a0(TSA).<\/p>\n<p>\u201cTendremos que batallar para que se llegue a otro acuerdo\u201d dijo el funcionario mexicano en una entrevista para Radio F\u00f3rmula, donde precis\u00f3 que el pa\u00eds est\u00e1 negociando con las autoridades de EE.UU. para revertir este y otros grav\u00e1menes.<\/p>\n<p>El Departamento de Comercio estadounidense inform\u00f3 de la retirada de EE.UU. del TSA en un comunicado donde precis\u00f3 que pasa a imponer dicho arancel del 17.09 por ciento, que califica de medida antidumping tras considerar que los tomates mexicanos se han vendido en EE.UU. a precios \u201cinjustos\u201d.<\/p>\n<p>\u201cM\u00e9xico sigue siendo uno de nuestros mayores aliados, pero durante demasiado tiempo nuestros agricultores se han visto oprimidos por pr\u00e1cticas comerciales desleales que rebajan los precios de productos como el tomate. Eso termina hoy\u201d, declar\u00f3 el secretario de Comercio de EE.UU.,\u00a0<strong>Howard Lutnick<\/strong>.<\/p>\n<p>Con informaci\u00f3n de L\u00f3pez-D\u00f3riga Digital<\/p>\n<div id=\"ros-inread-multiple-fakto8\" class=\"ad-container dfp-ad-unit ad-inread ad-slot\" data-ad-type=\"inreadbox\" data-slot=\"inread-multiple\" data-ad-loaded=\"1\" data-ad-setup=\"{&quot;postID&quot;:1725468,&quot;canRefresh&quot;:false,&quot;infinitescroll&quot;:false}\" data-google-query-id=\"CK_h37mlv44DFeTiGAIdRTgbxg\"><\/div>\n<\/div>\n","protected":false},"excerpt":{"rendered":"<p>La presidenta Sheinbaum dej\u00f3 en claro que el jitomate mexicano seguir\u00e1 export\u00e1ndose a Estados Unidos pese al arancel. &nbsp; julio 15, 2025 La presidenta de M\u00e9xico,\u00a0Claudia\u00a0Sheinbaum Pardo, manifest\u00f3 su\u00a0desacuerdo\u00a0en la decisi\u00f3n de\u00a0Estados Unidos\u00a0de imponer un\u00a0arancel\u00a0del 17 por ciento al\u00a0jitomate mexicano. En la conferencia matutina de Palacio Nacional, Sheinbaum Pardo recalc\u00f3 que dicho insumo \u201cno tiene sustituto\u201d y que seguir\u00e1 export\u00e1ndose a la Uni\u00f3n Americana a pesar del gravamen. \u201cPrimero, no estamos de acuerdo con esta medida que toma el Departamento de Comercio de los EE.UU. Es un acuerdo que existe, que ya se aprob\u00f3 retirar, que lo retiraron y lo [&hellip;]<\/p>\n","protected":false},"author":3,"featured_media":125412,"comment_status":"open","ping_status":"open","sticky":false,"template":"","format":"standard","meta":{"_jetpack_newsletter_access":"","_jetpack_dont_email_post_to_subs":false,"_jetpack_newsletter_tier_id":0,"_jetpack_memberships_contains_paywalled_content":false,"_jetpack_feature_clip_id":0,"_jetpack_memberships_contains_paid_content":false,"footnotes":"","jetpack_publicize_message":"","jetpack_publicize_feature_enabled":true,"jetpack_social_post_already_shared":true,"jetpack_social_options":{"image_generator_settings":{"template":"highway","default_image_id":0,"font":"","enabled":false},"version":2},"jetpack_post_was_ever_published":false},"categories":[75],"tags":[],"class_list":["post-125408","post","type-post","status-publish","format-standard","has-post-thumbnail","hentry","category-nacional","post--single"],"jetpack_publicize_connections":[],"jetpack_featured_media_url":"https:\/\/ovelanalista.com\/wp-content\/uploads\/2025\/07\/jitomate-tomate.webp","jetpack_sharing_enabled":true,"_links":{"self":[{"href":"https:\/\/ovelanalista.com\/index.php?rest_route=\/wp\/v2\/posts\/125408","targetHints":{"allow":["GET"]}}],"collection":[{"href":"https:\/\/ovelanalista.com\/index.php?rest_route=\/wp\/v2\/posts"}],"about":[{"href":"https:\/\/ovelanalista.com\/index.php?rest_route=\/wp\/v2\/types\/post"}],"author":[{"embeddable":true,"href":"https:\/\/ovelanalista.com\/index.php?rest_route=\/wp\/v2\/users\/3"}],"replies":[{"embeddable":true,"href":"https:\/\/ovelanalista.com\/index.php?rest_route=%2Fwp%2Fv2%2Fcomments&post=125408"}],"version-history":[{"count":1,"href":"https:\/\/ovelanalista.com\/index.php?rest_route=\/wp\/v2\/posts\/125408\/revisions"}],"predecessor-version":[{"id":125413,"href":"https:\/\/ovelanalista.com\/index.php?rest_route=\/wp\/v2\/posts\/125408\/revisions\/125413"}],"wp:featuredmedia":[{"embeddable":true,"href":"https:\/\/ovelanalista.com\/index.php?rest_route=\/wp\/v2\/media\/125412"}],"wp:attachment":[{"href":"https:\/\/ovelanalista.com\/index.php?rest_route=%2Fwp%2Fv2%2Fmedia&parent=125408"}],"wp:term":[{"taxonomy":"category","embeddable":true,"href":"https:\/\/ovelanalista.com\/index.php?rest_route=%2Fwp%2Fv2%2Fcategories&post=125408"},{"taxonomy":"post_tag","embeddable":true,"href":"https:\/\/ovelanalista.com\/index.php?rest_route=%2Fwp%2Fv2%2Ftags&post=125408"}],"curies":[{"name":"wp","href":"https:\/\/api.w.org\/{rel}","templated":true}]}}