{"id":125417,"date":"2025-07-15T12:53:55","date_gmt":"2025-07-15T18:53:55","guid":{"rendered":"https:\/\/ovelanalista.com\/?p=125417"},"modified":"2025-07-15T12:53:55","modified_gmt":"2025-07-15T18:53:55","slug":"gabinete-de-seguridad-viajara-a-sinaloa-el-viernes-18-de-julio-adelanta-sheinbaum","status":"publish","type":"post","link":"https:\/\/ovelanalista.com\/?p=125417","title":{"rendered":"Gabinete de Seguridad viajar\u00e1 a Sinaloa el viernes 18 de julio, adelanta Sheinbaum"},"content":{"rendered":"<div class=\"copete\">\n<p>En la conferencia de prensa matutina, se\u00f1al\u00f3 que est\u00e1n trabajando en coordinaci\u00f3n los tres niveles de gobierno.<\/p>\n<p><strong><a href=\"https:\/\/heraldodemexico.com.mx\/autor\/.html\"><span class=\"autor\">Noem\u00ed Guti\u00e9rrez y Fernanda Garc\u00eda<\/span><\/a><\/strong><\/p>\n<p>El\u00a0<strong>Gabinete de Seguridad Federal<\/strong>\u00a0tendr\u00e1 una reuni\u00f3n este viernes en\u00a0<strong>Sinaloa\u00a0<\/strong>para informar c\u00f3mo se est\u00e1 reforzando la seguridad, inform\u00f3 la presidenta\u00a0<a href=\"https:\/\/heraldodemexico.com.mx\/nacional\/2025\/7\/15\/jitomate-se-exportara-pese-al-arancel-se-alistan-acciones-senala-sheinbaum-715054.html\" target=\"_blank\" rel=\"noopener\"><strong>Claudia Sheinbaum Pardo<\/strong><\/a>. En la conferencia de\u00a0<strong>prensa matutina<\/strong>, se\u00f1al\u00f3 que est\u00e1n trabajando en coordinaci\u00f3n los tres niveles de gobierno. A pregunta expresa, se\u00f1al\u00f3 que tambi\u00e9n se dar\u00e1\u00a0<strong>protecci\u00f3n a los periodistas<\/strong>.<\/p>\n<blockquote><p>\u201cEl Gabinete de Seguridad va el viernes al estado de Sinaloa, ah\u00ed van a poder informarles lo que se ha realizado en los \u00faltimos meses, c\u00f3mo se est\u00e1 reforzando la seguridad en Sinaloa.<\/p><\/blockquote>\n<div data-google-query-id=\"CL30nZrEv44DFfHxGAIddiMdVw\">\u201cHay presencia de la Guardia Nacional, de Secretar\u00eda Marina, de la Secretar\u00eda de la Defensa a trav\u00e9s de fuerzas especiales del Ej\u00e9rcito mexicano, hay coordinaci\u00f3n con la Polic\u00eda Estatal y en algunos casos tambi\u00e9n con la Polic\u00eda Municipal y tambi\u00e9n est\u00e1 todo el apoyo del nuevo Sistema Nacional de Inteligencia e Investigaci\u00f3n y el apoyo de la Secretar\u00eda de Seguridad y Protecci\u00f3n Ciudadana\u201d, afirm\u00f3.<\/div>\n<\/div>\n<div data-google-query-id=\"CL30nZrEv44DFfHxGAIddiMdVw\"><\/div>\n<div data-google-query-id=\"CL30nZrEv44DFfHxGAIddiMdVw\">\n<p>La\u00a0<a href=\"https:\/\/heraldodemexico.com.mx\/nacional\/2025\/7\/15\/demanda-contra-lichtman-abogado-de-ovidio-guzman-ya-se-presento-confirma-sheinbaum-715050.html\" target=\"_blank\" rel=\"noopener\">presidenta Sheinbaum Pardo<\/a>\u00a0dijo el\u00a0<strong>Gabinete de Seguridad<\/strong>\u00a0informar\u00e1 este viernes de los operativos que han realizado, qu\u00e9 avances hay y qu\u00e9 sigue para seguir protegiendo a las y los sinaloenses.<\/p>\n<p>Tambi\u00e9n se le cuestion\u00f3 sobre un tiroteo en donde quedaron atrapados un grupo de periodistas y si hay reforzamiento para garantizar la labor period\u00edstica.<\/p>\n<blockquote><p>&#8220;Todo periodista que requiera apoyo para su protecci\u00f3n lo recibe por parte de la Secretar\u00eda de Gobernaci\u00f3n y del Mecanismo de Protecci\u00f3n de Periodistas&#8221;, acot\u00f3.<\/p><\/blockquote>\n<h2>Hacienda da seguimiento a bancos se\u00f1alados por lavado de dinero: Sheinbaum<\/h2>\n<p>La\u00a0<strong>Secretar\u00eda de Hacienda y Cr\u00e9dito P\u00fablico<\/strong>\u00a0est\u00e1 dando un seguimiento puntual con investigaci\u00f3n a los bancos que fueron se\u00f1alados por lavado de dinero, asegur\u00f3 la presidenta\u00a0<strong>Claudia Sheinbaum Pardo.<\/strong><\/p>\n<p>A pregunta expresa, la\u00a0<strong>mandataria federal<\/strong>\u00a0detall\u00f3 que los involucrados no cuentan con una carpeta de investigaci\u00f3n en la Fiscal\u00eda General de la Rep\u00fablica, sino que se les aplic\u00f3 una sanci\u00f3n derivada del\u00a0<strong>Departamento del Tesoro<\/strong>.<\/p>\n<blockquote><p>\u201cEs importante decir que la Secretar\u00eda de Hacienda est\u00e1 d\u00e1ndole un seguimiento puntual al caso de los dos bancos y la casa de bolsa. Tienen reuniones permanentes que garanticen, primero y es lo m\u00e1s importante, a los ahorradores, los fideicomisos, que uno de los bancos tiene varios fideicomisos. Entonces est\u00e1 d\u00e1ndole seguimiento, est\u00e1 en total comunicaci\u00f3n con los interventores\u201d, detall\u00f3.<\/p><\/blockquote>\n<p>En ese sentido, la\u00a0<strong>jefa del Ejecutivo<\/strong>\u00a0indic\u00f3 que el\u00a0<strong>Banco de M\u00e9xico<\/strong>\u00a0est\u00e1 ayudando en este proceso de investigaci\u00f3n, as\u00ed como la Comisi\u00f3n Nacional Bancaria y de Valores.<\/p>\n<blockquote><p>\u201cTambi\u00e9n hay mucha comunicaci\u00f3n con la Asociaci\u00f3n de Bancos de M\u00e9xico. Bueno, donde est\u00e1n agrupados todos los bancos de nuestro pa\u00eds. Entonces hay much\u00edsima comunicaci\u00f3n y hay un seguimiento\u201d, dijo.<\/p><\/blockquote>\n<\/div>\n<p>Con informaci\u00f3n de El Heraldo<\/p>\n","protected":false},"excerpt":{"rendered":"<p>En la conferencia de prensa matutina, se\u00f1al\u00f3 que est\u00e1n trabajando en coordinaci\u00f3n los tres niveles de gobierno. Noem\u00ed Guti\u00e9rrez y Fernanda Garc\u00eda El\u00a0Gabinete de Seguridad Federal\u00a0tendr\u00e1 una reuni\u00f3n este viernes en\u00a0Sinaloa\u00a0para informar c\u00f3mo se est\u00e1 reforzando la seguridad, inform\u00f3 la presidenta\u00a0Claudia Sheinbaum Pardo. En la conferencia de\u00a0prensa matutina, se\u00f1al\u00f3 que est\u00e1n trabajando en coordinaci\u00f3n los tres niveles de gobierno. A pregunta expresa, se\u00f1al\u00f3 que tambi\u00e9n se dar\u00e1\u00a0protecci\u00f3n a los periodistas. \u201cEl Gabinete de Seguridad va el viernes al estado de Sinaloa, ah\u00ed van a poder informarles lo que se ha realizado en los \u00faltimos meses, c\u00f3mo se est\u00e1 reforzando la [&hellip;]<\/p>\n","protected":false},"author":3,"featured_media":125420,"comment_status":"open","ping_status":"open","sticky":false,"template":"","format":"standard","meta":{"_jetpack_newsletter_access":"","_jetpack_dont_email_post_to_subs":false,"_jetpack_newsletter_tier_id":0,"_jetpack_memberships_contains_paywalled_content":false,"_jetpack_feature_clip_id":0,"_jetpack_memberships_contains_paid_content":false,"footnotes":"","jetpack_publicize_message":"","jetpack_publicize_feature_enabled":true,"jetpack_social_post_already_shared":true,"jetpack_social_options":{"image_generator_settings":{"template":"highway","default_image_id":0,"font":"","enabled":false},"version":2},"jetpack_post_was_ever_published":false},"categories":[90,75],"tags":[],"class_list":["post-125417","post","type-post","status-publish","format-standard","has-post-thumbnail","hentry","category-estatal","category-nacional","post--single"],"jetpack_publicize_connections":[],"jetpack_featured_media_url":"https:\/\/ovelanalista.com\/wp-content\/uploads\/2025\/07\/Sheinbaum.jpg","jetpack_sharing_enabled":true,"_links":{"self":[{"href":"https:\/\/ovelanalista.com\/index.php?rest_route=\/wp\/v2\/posts\/125417","targetHints":{"allow":["GET"]}}],"collection":[{"href":"https:\/\/ovelanalista.com\/index.php?rest_route=\/wp\/v2\/posts"}],"about":[{"href":"https:\/\/ovelanalista.com\/index.php?rest_route=\/wp\/v2\/types\/post"}],"author":[{"embeddable":true,"href":"https:\/\/ovelanalista.com\/index.php?rest_route=\/wp\/v2\/users\/3"}],"replies":[{"embeddable":true,"href":"https:\/\/ovelanalista.com\/index.php?rest_route=%2Fwp%2Fv2%2Fcomments&post=125417"}],"version-history":[{"count":1,"href":"https:\/\/ovelanalista.com\/index.php?rest_route=\/wp\/v2\/posts\/125417\/revisions"}],"predecessor-version":[{"id":125421,"href":"https:\/\/ovelanalista.com\/index.php?rest_route=\/wp\/v2\/posts\/125417\/revisions\/125421"}],"wp:featuredmedia":[{"embeddable":true,"href":"https:\/\/ovelanalista.com\/index.php?rest_route=\/wp\/v2\/media\/125420"}],"wp:attachment":[{"href":"https:\/\/ovelanalista.com\/index.php?rest_route=%2Fwp%2Fv2%2Fmedia&parent=125417"}],"wp:term":[{"taxonomy":"category","embeddable":true,"href":"https:\/\/ovelanalista.com\/index.php?rest_route=%2Fwp%2Fv2%2Fcategories&post=125417"},{"taxonomy":"post_tag","embeddable":true,"href":"https:\/\/ovelanalista.com\/index.php?rest_route=%2Fwp%2Fv2%2Ftags&post=125417"}],"curies":[{"name":"wp","href":"https:\/\/api.w.org\/{rel}","templated":true}]}}