{"id":125424,"date":"2025-07-15T14:31:21","date_gmt":"2025-07-15T20:31:21","guid":{"rendered":"https:\/\/ovelanalista.com\/?p=125424"},"modified":"2025-07-15T14:31:21","modified_gmt":"2025-07-15T20:31:21","slug":"mexicanos-primero-sinaloa-presenta-balance-educativo-en-sinaloa-2024-2025","status":"publish","type":"post","link":"https:\/\/ovelanalista.com\/?p=125424","title":{"rendered":"Mexicanos Primero Sinaloa presenta balance educativo en Sinaloa 2024-2025"},"content":{"rendered":"<p>Bernardo Hurtado<\/p>\n<p>Culiac\u00e1n, Sinaloa-. Considerando la contingencia en seguridad as\u00ed como los efectos de la pandemia del COVID-19, existe evidencia suficiente de los efectos negativos de no asistir a clases de manera presencial, inform\u00f3 Nuria Alejandra Gonz\u00e1lez Elizalde, directora general de Mexicanos Unidos por Sinaloa.<\/p>\n<p>En el marco de la presentaci\u00f3n del balance de cierre del ciclo escolar 2024-2025 de la asociaci\u00f3n civil, coment\u00f3 que la ausencia de clases presenciales conlleva efectos negativos en el proceso de aprendizaje y tambi\u00e9n afectaciones socioemocionales.<\/p>\n<p>\u00abQue eso est\u00e1 documentado, est\u00e1 evidenciado. M\u00e1s all\u00e1 de la causa, si fue por pandemia, si fue por violencia, si fue porque no hubo luz el\u00e9ctrica en las escuelas, por las razones que hayan afectado la posibilidad de que los ni\u00f1os est\u00e9n y aprendan y participen en la escuela tiene efectos negativos\u00bb.<\/p>\n<p>Lo que se propone desde la asociaci\u00f3n, destac\u00f3, es una estrategia integral, sostenida y de largo alcance para la recuperaci\u00f3n de aprendizajes, no solo en lectura, escritura, comprensi\u00f3n y operaciones de matem\u00e1ticas sino tambi\u00e9n en el aspecto socioemocional.<\/p>\n<p>Ante manifestaciones y expresiones p\u00fablicas de la comunidad educativa en general, considerando la infraestructura, respondi\u00f3 que se propone adem\u00e1s un diagn\u00f3stico que permita con objetivos medibles calcular la inversi\u00f3n y continuidad.<\/p>\n<p>\u00abSe ha hecho, lo venimos reconociendo, ha habido algunas mejoras en el tema de infraestructura, pero no va a ser suficiente sino se hace con sustento en un diagn\u00f3stico y si no se hace de manera conjunta, de manera continua, ordenada, y que trascienda esta administraci\u00f3n\u00bb.<\/p>\n<p>El balance del cierre del ciclo escolar 2024-2025, inform\u00f3, es el resultado del seguimiento puntual a los acontecimientos, decisiones y condiciones que marcaron el ciclo escolar, buscando identificar avances y evidenciar retos que vulneran el derecho a la educaci\u00f3n.<\/p>\n<p>Este derecho, destac\u00f3, solo puede garantizarse si hay vigilancia, evidencia y exigencia, siendo una forma de ejercer ciudadan\u00eda el dar seguimiento al quehacer p\u00fablico.<\/p>\n<p>Respecto a las propuestas, coment\u00f3 que est\u00e1 el institucionalizar un \u00e1rea estatal para evaluar aprendizajes; desarrollar un sistema de informaci\u00f3n para conocer logros y \u00e1reas de oportunidad en el mismo; fortalecer la formaci\u00f3n y el acompa\u00f1amiento a personal educativo con autonom\u00eda; implementar un plan integral para recuperaci\u00f3n de aprendizajes; presentar una ruta clara para garantizar condiciones m\u00ednimas de infraestructura, y garantizar un presupuesto educativo progresivo y equitativo.<\/p>\n<p>Con informaci\u00f3n de Viva la Noticia<\/p>\n","protected":false},"excerpt":{"rendered":"<p>Bernardo Hurtado Culiac\u00e1n, Sinaloa-. Considerando la contingencia en seguridad as\u00ed como los efectos de la pandemia del COVID-19, existe evidencia suficiente de los efectos negativos de no asistir a clases de manera presencial, inform\u00f3 Nuria Alejandra Gonz\u00e1lez Elizalde, directora general de Mexicanos Unidos por Sinaloa. En el marco de la presentaci\u00f3n del balance de cierre del ciclo escolar 2024-2025 de la asociaci\u00f3n civil, coment\u00f3 que la ausencia de clases presenciales conlleva efectos negativos en el proceso de aprendizaje y tambi\u00e9n afectaciones socioemocionales. \u00abQue eso est\u00e1 documentado, est\u00e1 evidenciado. M\u00e1s all\u00e1 de la causa, si fue por pandemia, si fue por [&hellip;]<\/p>\n","protected":false},"author":3,"featured_media":125431,"comment_status":"open","ping_status":"open","sticky":false,"template":"","format":"standard","meta":{"_jetpack_newsletter_access":"","_jetpack_dont_email_post_to_subs":false,"_jetpack_newsletter_tier_id":0,"_jetpack_memberships_contains_paywalled_content":false,"_jetpack_feature_clip_id":0,"_jetpack_memberships_contains_paid_content":false,"footnotes":"","jetpack_publicize_message":"","jetpack_publicize_feature_enabled":true,"jetpack_social_post_already_shared":true,"jetpack_social_options":{"image_generator_settings":{"template":"highway","default_image_id":0,"font":"","enabled":false},"version":2},"jetpack_post_was_ever_published":false},"categories":[90],"tags":[],"class_list":["post-125424","post","type-post","status-publish","format-standard","has-post-thumbnail","hentry","category-estatal","post--single"],"jetpack_publicize_connections":[],"jetpack_featured_media_url":"https:\/\/ovelanalista.com\/wp-content\/uploads\/2025\/07\/Captura-de-Pantalla-2025-07-15-a-las-13.30.22.png","jetpack_sharing_enabled":true,"_links":{"self":[{"href":"https:\/\/ovelanalista.com\/index.php?rest_route=\/wp\/v2\/posts\/125424","targetHints":{"allow":["GET"]}}],"collection":[{"href":"https:\/\/ovelanalista.com\/index.php?rest_route=\/wp\/v2\/posts"}],"about":[{"href":"https:\/\/ovelanalista.com\/index.php?rest_route=\/wp\/v2\/types\/post"}],"author":[{"embeddable":true,"href":"https:\/\/ovelanalista.com\/index.php?rest_route=\/wp\/v2\/users\/3"}],"replies":[{"embeddable":true,"href":"https:\/\/ovelanalista.com\/index.php?rest_route=%2Fwp%2Fv2%2Fcomments&post=125424"}],"version-history":[{"count":1,"href":"https:\/\/ovelanalista.com\/index.php?rest_route=\/wp\/v2\/posts\/125424\/revisions"}],"predecessor-version":[{"id":125432,"href":"https:\/\/ovelanalista.com\/index.php?rest_route=\/wp\/v2\/posts\/125424\/revisions\/125432"}],"wp:featuredmedia":[{"embeddable":true,"href":"https:\/\/ovelanalista.com\/index.php?rest_route=\/wp\/v2\/media\/125431"}],"wp:attachment":[{"href":"https:\/\/ovelanalista.com\/index.php?rest_route=%2Fwp%2Fv2%2Fmedia&parent=125424"}],"wp:term":[{"taxonomy":"category","embeddable":true,"href":"https:\/\/ovelanalista.com\/index.php?rest_route=%2Fwp%2Fv2%2Fcategories&post=125424"},{"taxonomy":"post_tag","embeddable":true,"href":"https:\/\/ovelanalista.com\/index.php?rest_route=%2Fwp%2Fv2%2Ftags&post=125424"}],"curies":[{"name":"wp","href":"https:\/\/api.w.org\/{rel}","templated":true}]}}