{"id":125425,"date":"2025-07-15T13:16:08","date_gmt":"2025-07-15T19:16:08","guid":{"rendered":"https:\/\/ovelanalista.com\/?p=125425"},"modified":"2025-07-15T13:16:08","modified_gmt":"2025-07-15T19:16:08","slug":"gobierno-de-ahome-mantiene-operaciones-normales-durante-vacaciones-de-verano","status":"publish","type":"post","link":"https:\/\/ovelanalista.com\/?p=125425","title":{"rendered":"Gobierno de Ahome mantiene operaciones normales durante vacaciones de verano."},"content":{"rendered":"<div><\/div>\n<div><\/div>\n<div><\/div>\n<div><\/div>\n<div>Los Mochis.,.- A pesar del inicio del periodo vacacional escolar, el Gobierno Municipal de Ahome contin\u00faa la operatividad con normalidad, por lo que la ciudadan\u00eda puede acudir sin contratiempos a realizar cualquier tr\u00e1mite o gesti\u00f3n en oficinas del Ayuntamiento. As\u00ed lo dio a conocer el Alcalde Antonio Men\u00e9ndez De Llano Berm\u00fadez, al asegurar que los servicios p\u00fablicos no se detienen y que cada dependencia est\u00e1 debidamente organizada para no descuidar sus funciones.<\/div>\n<div><\/div>\n<div><\/div>\n<div><\/div>\n<div>\u201cEl periodo vacacional como tal no existe m\u00e1s que como una costumbre, porque todas y todos los trabajadores tienen un n\u00famero de d\u00edas al a\u00f1o seg\u00fan la Ley Federal del Trabajo, y muchos optan por tomarlos durante estas fechas, pero eso no implica un cierre de actividades\u201d, puntualiz\u00f3 el Alcalde.<\/div>\n<div><\/div>\n<div><\/div>\n<div><\/div>\n<div>Explic\u00f3 que si bien algunas personas aprovechan esta temporada para tomar sus vacaciones, siempre se garantiza la operaci\u00f3n mediante guardias y organizaci\u00f3n interna en cada \u00e1rea: \u201cSi en una oficina trabajan diez personas, y tres o cuatro decidieron tomar vacaciones en estos d\u00edas, los dem\u00e1s se quedan operando para no afectar la atenci\u00f3n, eso es parte de nuestra responsabilidad\u201d.<\/div>\n<div><\/div>\n<div><\/div>\n<div><\/div>\n<div>Finalmente, Antonio Men\u00e9ndez reiter\u00f3 que cualquier permiso se otorga conforme a derecho y con el compromiso de no desatender las \u00e1reas. \u201cLa instrucci\u00f3n es clara, todo sigue fluyendo exactamente igual, porque los servicios p\u00fablicos y las funciones administrativas no se pueden detener\u201d.<\/div>\n","protected":false},"excerpt":{"rendered":"<p>Los Mochis.,.- A pesar del inicio del periodo vacacional escolar, el Gobierno Municipal de Ahome contin\u00faa la operatividad con normalidad, por lo que la ciudadan\u00eda puede acudir sin contratiempos a realizar cualquier tr\u00e1mite o gesti\u00f3n en oficinas del Ayuntamiento. As\u00ed lo dio a conocer el Alcalde Antonio Men\u00e9ndez De Llano Berm\u00fadez, al asegurar que los servicios p\u00fablicos no se detienen y que cada dependencia est\u00e1 debidamente organizada para no descuidar sus funciones. \u201cEl periodo vacacional como tal no existe m\u00e1s que como una costumbre, porque todas y todos los trabajadores tienen un n\u00famero de d\u00edas al a\u00f1o seg\u00fan la Ley [&hellip;]<\/p>\n","protected":false},"author":3,"featured_media":125428,"comment_status":"open","ping_status":"open","sticky":false,"template":"","format":"standard","meta":{"_jetpack_newsletter_access":"","_jetpack_dont_email_post_to_subs":false,"_jetpack_newsletter_tier_id":0,"_jetpack_memberships_contains_paywalled_content":false,"_jetpack_feature_clip_id":0,"_jetpack_memberships_contains_paid_content":false,"footnotes":"","jetpack_publicize_message":"","jetpack_publicize_feature_enabled":true,"jetpack_social_post_already_shared":true,"jetpack_social_options":{"image_generator_settings":{"template":"highway","default_image_id":0,"font":"","enabled":false},"version":2},"jetpack_post_was_ever_published":false},"categories":[85],"tags":[],"class_list":["post-125425","post","type-post","status-publish","format-standard","has-post-thumbnail","hentry","category-sinaloa-norte","post--single"],"jetpack_publicize_connections":[],"jetpack_featured_media_url":"https:\/\/ovelanalista.com\/wp-content\/uploads\/2025\/07\/WhatsApp-Image-2025-07-15-at-12.06.46-PM.jpeg","jetpack_sharing_enabled":true,"_links":{"self":[{"href":"https:\/\/ovelanalista.com\/index.php?rest_route=\/wp\/v2\/posts\/125425","targetHints":{"allow":["GET"]}}],"collection":[{"href":"https:\/\/ovelanalista.com\/index.php?rest_route=\/wp\/v2\/posts"}],"about":[{"href":"https:\/\/ovelanalista.com\/index.php?rest_route=\/wp\/v2\/types\/post"}],"author":[{"embeddable":true,"href":"https:\/\/ovelanalista.com\/index.php?rest_route=\/wp\/v2\/users\/3"}],"replies":[{"embeddable":true,"href":"https:\/\/ovelanalista.com\/index.php?rest_route=%2Fwp%2Fv2%2Fcomments&post=125425"}],"version-history":[{"count":1,"href":"https:\/\/ovelanalista.com\/index.php?rest_route=\/wp\/v2\/posts\/125425\/revisions"}],"predecessor-version":[{"id":125429,"href":"https:\/\/ovelanalista.com\/index.php?rest_route=\/wp\/v2\/posts\/125425\/revisions\/125429"}],"wp:featuredmedia":[{"embeddable":true,"href":"https:\/\/ovelanalista.com\/index.php?rest_route=\/wp\/v2\/media\/125428"}],"wp:attachment":[{"href":"https:\/\/ovelanalista.com\/index.php?rest_route=%2Fwp%2Fv2%2Fmedia&parent=125425"}],"wp:term":[{"taxonomy":"category","embeddable":true,"href":"https:\/\/ovelanalista.com\/index.php?rest_route=%2Fwp%2Fv2%2Fcategories&post=125425"},{"taxonomy":"post_tag","embeddable":true,"href":"https:\/\/ovelanalista.com\/index.php?rest_route=%2Fwp%2Fv2%2Ftags&post=125425"}],"curies":[{"name":"wp","href":"https:\/\/api.w.org\/{rel}","templated":true}]}}