{"id":125441,"date":"2025-07-15T16:30:31","date_gmt":"2025-07-15T22:30:31","guid":{"rendered":"https:\/\/ovelanalista.com\/?p=125441"},"modified":"2025-07-15T14:47:25","modified_gmt":"2025-07-15T20:47:25","slug":"ovidio-guzman-esta-medicado-y-muy-delgado-que-enfermedad-tiene-el-exlider-del-cartel-de-sinaloa","status":"publish","type":"post","link":"https:\/\/ovelanalista.com\/?p=125441","title":{"rendered":"Ovidio Guzm\u00e1n est\u00e1 medicado y muy delgado: \u00bfQu\u00e9 enfermedad tiene el exl\u00edder del C\u00e1rtel de Sinaloa?"},"content":{"rendered":"<div class=\"c-stack b-right-rail__full-width-1\" data-style-direction=\"vertical\" data-style-justification=\"start\" data-style-alignment=\"unset\" data-style-inline=\"false\" data-style-wrap=\"nowrap\">\n<h2 class=\"c-heading b-subheadline\">Ovidio Guzm\u00e1n admiti\u00f3, ante la corte, que padece un cuadro de depresi\u00f3n que requiere el uso de medicamentos.<\/h2>\n<div class=\"default__StyledDiv-sc-cj38t1-0 clbmyO share-bar\"><\/div>\n<\/div>\n<div class=\"c-grid b-right-rail__rail-container\">\n<div class=\"c-stack b-right-rail__main-interior-item\" data-style-direction=\"vertical\" data-style-justification=\"start\" data-style-alignment=\"unset\" data-style-inline=\"false\" data-style-wrap=\"nowrap\">\n<div class=\"b-lead-art\">\n<figure class=\"c-media-item\">\n<div class=\"b-lead-art__image-wrapper\"><picture><source srcset=\"https:\/\/www.elfinanciero.com.mx\/resizer\/v2\/DRZHCA3WXNFHDG67UQANIMCIR4.jpeg?smart=true&amp;auth=39e985f393e2d05ee19d27e643535177d734b48bcb6b5d6be1eb4976b88a5b77&amp;width=1200&amp;height=675&amp;quality=85 1200w\" type=\"image\/webp\" media=\"(min-width: 1024px)\" \/><source srcset=\"https:\/\/www.elfinanciero.com.mx\/resizer\/v2\/DRZHCA3WXNFHDG67UQANIMCIR4.jpeg?smart=true&amp;auth=39e985f393e2d05ee19d27e643535177d734b48bcb6b5d6be1eb4976b88a5b77&amp;width=850&amp;height=478&amp;quality=85 850w\" type=\"image\/webp\" media=\"(min-width: 768px)\" \/><source srcset=\"https:\/\/www.elfinanciero.com.mx\/resizer\/v2\/DRZHCA3WXNFHDG67UQANIMCIR4.jpeg?smart=true&amp;auth=39e985f393e2d05ee19d27e643535177d734b48bcb6b5d6be1eb4976b88a5b77&amp;width=700&amp;height=393&amp;quality=85 700w\" type=\"image\/webp\" media=\"(min-width: 580px)\" \/><source srcset=\"https:\/\/www.elfinanciero.com.mx\/resizer\/v2\/DRZHCA3WXNFHDG67UQANIMCIR4.jpeg?smart=true&amp;auth=39e985f393e2d05ee19d27e643535177d734b48bcb6b5d6be1eb4976b88a5b77&amp;width=600&amp;height=337&amp;quality=85 600w\" type=\"image\/webp\" media=\"(min-width: 350px)\" \/><\/picture><\/div>\n<div>\n<p class=\"c-paragraph\"><a title=\"https:\/\/www.elfinanciero.com.mx\/nacional\/2025\/07\/11\/ovidio-guzman-pacta-con-estados-unidos-estas-son-las-claves-del-acuerdo-de-culpabilidad\/\" href=\"https:\/\/www.elfinanciero.com.mx\/nacional\/2025\/07\/11\/ovidio-guzman-pacta-con-estados-unidos-estas-son-las-claves-del-acuerdo-de-culpabilidad\/\" target=\"_self\" rel=\"noopener\">Ovidio Guzm\u00e1n<\/a>\u00a0sorprendi\u00f3 a los periodistas, durante su audiencia en Chicago, no solo por declararse culpable de cuatro<b>\u00a0cargos relacionados con el narcotr\u00e1fico<\/b>, sino por el deterioro f\u00edsico que mostraba, as\u00ed como por la enfermedad que padece.<\/p>\n<p class=\"c-paragraph\">Tambi\u00e9n conocido como\u00a0<a title=\"https:\/\/www.elfinanciero.com.mx\/nacional\/2025\/07\/09\/ovidio-guzman-la-historia-del-apodo-el-raton\/\" href=\"https:\/\/www.elfinanciero.com.mx\/nacional\/2025\/07\/09\/ovidio-guzman-la-historia-del-apodo-el-raton\/\" target=\"_self\" rel=\"noopener\">\u2018El Rat\u00f3n\u2019<\/a>, Guzm\u00e1n, de 35 a\u00f1os, apareci\u00f3 el pasado 11 de julio vestido con un mono naranja, barba, lentes y excesivamente delgado, lo que llam\u00f3 la atenci\u00f3n de los presentes.<\/p>\n<div id=\"arcad-feature-f0ffmTzFzpuU8mf-268d4755fc318\" class=\"c-stack b-ads-block\" data-style-direction=\"vertical\" data-style-justification=\"start\" data-style-alignment=\"center\" data-style-inline=\"false\" data-style-wrap=\"nowrap\">\n<div class=\"ad_1x1\" data-testid=\"ad-block-unit-wrapper\">\n<div id=\"arcad_f0ffmTzFzpuU8mf-268d4755fc318\" data-google-query-id=\"CPSljeHcv44DFZ76GAId_0AXSA\">\n<div id=\"google_ads_iframe_\/77835600\/ElFinanciero__internas\/inread_oop_0__container__\"><\/div>\n<\/div>\n<\/div>\n<\/div>\n<p class=\"c-paragraph\">\u201cParec\u00eda que el overol naranja que le ponen a los internos, como si le quedara grande, pero yo creo que no es eso, sino que\u00a0<b>en verdad est\u00e1 muy delgado<\/b>, encorvado, cabizbajo\u201d, asegur\u00f3 el periodista Arturo \u00c1ngel en entrevista radiof\u00f3nica.<\/p>\n<p class=\"c-paragraph\">Pese a que Ovidio parec\u00eda \u201cenfermo\u201d, el exl\u00edder del\u00a0<a title=\"https:\/\/www.elfinanciero.com.mx\/deportes\/2025\/07\/03\/por-que-vinculan-a-julio-cesar-chavez-jr-con-el-cartel-de-sinaloa\/\" href=\"https:\/\/www.elfinanciero.com.mx\/deportes\/2025\/07\/03\/por-que-vinculan-a-julio-cesar-chavez-jr-con-el-cartel-de-sinaloa\/\" target=\"_self\" rel=\"noopener\">C\u00e1rtel de Sinaloa<\/a>\u00a0confirm\u00f3 que<b>\u00a0est\u00e1 en buena condici\u00f3n f\u00edsica<\/b>, confirm\u00f3 el periodista.<\/p>\n<h2 class=\"b-article-body__h2\">\u00bfQu\u00e9 enfermedad tiene Ovidio Guzm\u00e1n L\u00f3pez?<\/h2>\n<p class=\"c-paragraph\">Previo a declararse culpable, durante un interrogatorio,\u00a0<a title=\"https:\/\/www.elfinanciero.com.mx\/espectaculos\/2025\/07\/11\/el-dia-que-ovidio-guzman-mando-a-asesinar-a-un-cantante-segun-la-dea\/\" href=\"https:\/\/www.elfinanciero.com.mx\/espectaculos\/2025\/07\/11\/el-dia-que-ovidio-guzman-mando-a-asesinar-a-un-cantante-segun-la-dea\/\" target=\"_self\" rel=\"noopener\">Ovidio Guzm\u00e1n<\/a>\u00a0admiti\u00f3 ante la jueza<b>\u00a0Sharon Coleman<\/b>\u00a0que padece de un cuadro de depresi\u00f3n, el cual fue diagnosticado en octubre pasado.<\/p>\n<p class=\"c-paragraph\">Guzm\u00e1n L\u00f3pez detall\u00f3 que est\u00e1 tomando medicaci\u00f3n, as\u00ed como atenci\u00f3n psiqui\u00e1trica y dej\u00f3 claro que nadie le hab\u00eda forzado para declararse culpable.<\/p>\n<p class=\"c-paragraph\">\u201cCreo que eso explica, en buena medida, este\u00a0<b>semblante muy taciturno.\u00a0<\/b>Insisto, no se parece al Ovidio de las im\u00e1genes que tenemos abundando en las redes&#8221;, remarc\u00f3 Arturo \u00c1ngel.<\/p>\n<p class=\"c-paragraph\">El periodista tambi\u00e9n remarc\u00f3 que Ovidio apareci\u00f3 en la corte esposado de los pies y rodeado de seis alguaciles federales.<\/p>\n<article class=\"container-fluid inline-promo border border_solid border_top color_black_1\">\n<div class=\"inline-promo-wrapper inline-promo-image\"><a class=\"image-link position_relative float_right\" title=\"\u00bfEU podr\u00eda intervenir tel\u00e9fonos de pol\u00edticos mexicanos se\u00f1alados por Ovidio Guzm\u00e1n?\" href=\"https:\/\/www.elfinanciero.com.mx\/nacional\/2025\/07\/14\/eu-podria-intervenir-telefonos-de-politicos-mexicanos-senalados-por-ovidio-guzman\/\"><picture><source srcset=\"https:\/\/www.elfinanciero.com.mx\/resizer\/v2\/QGMCQI3T2NCUFMPSCS34XCRW5E.jpg?smart=true&amp;auth=82e49831d0d5ff87b76bc3607343a7fa44f6ab6a5d03ae5b31811143ae9c869c&amp;width=300&amp;height=168&amp;quality=85 300w\" type=\"image\/webp\" media=\"(min-width: 1024px)\" \/><source srcset=\"https:\/\/www.elfinanciero.com.mx\/resizer\/v2\/QGMCQI3T2NCUFMPSCS34XCRW5E.jpg?smart=true&amp;auth=82e49831d0d5ff87b76bc3607343a7fa44f6ab6a5d03ae5b31811143ae9c869c&amp;width=200&amp;height=112&amp;quality=85 200w\" type=\"image\/webp\" media=\"(min-width: 768px)\" \/><source srcset=\"https:\/\/www.elfinanciero.com.mx\/resizer\/v2\/QGMCQI3T2NCUFMPSCS34XCRW5E.jpg?smart=true&amp;auth=82e49831d0d5ff87b76bc3607343a7fa44f6ab6a5d03ae5b31811143ae9c869c&amp;width=200&amp;height=112&amp;quality=85 200w\" type=\"image\/webp\" media=\"(min-width: 580px)\" \/><source srcset=\"https:\/\/www.elfinanciero.com.mx\/resizer\/v2\/QGMCQI3T2NCUFMPSCS34XCRW5E.jpg?smart=true&amp;auth=82e49831d0d5ff87b76bc3607343a7fa44f6ab6a5d03ae5b31811143ae9c869c&amp;width=200&amp;height=112&amp;quality=85 200w\" type=\"image\/webp\" media=\"(min-width: 350px)\" \/><\/picture><\/a><\/div>\n<div>\n<p class=\"c-paragraph\">\u201cEvidentemente, acorde al perfil criminal de la persona, que es nada m\u00e1s y nada menos que uno de los l\u00edderes del C\u00e1rtel de Sinaloa, aunque, insisto,<b>\u00a0f\u00edsicamente muy disminuido<\/b>\u201d, destac\u00f3 Arturo.<\/p>\n<p class=\"c-paragraph\">Tras la pregunta de la\u00a0<b>jueza Coleman<\/b>\u00a0sobre si los medicamentos para la depresi\u00f3n afectan su audiencia, \u2018El Rat\u00f3n\u2019,\u00a0<a title=\"https:\/\/www.elfinanciero.com.mx\/deportes\/2025\/06\/28\/la-amistad-de-julio-cesar-chavez-jr-con-ovidio-guzman-hijo-del-chapo\/\" href=\"https:\/\/www.elfinanciero.com.mx\/deportes\/2025\/06\/28\/la-amistad-de-julio-cesar-chavez-jr-con-ovidio-guzman-hijo-del-chapo\/\" target=\"_self\" rel=\"noopener\">hijo de Joaqu\u00edn \u2018El Chapo\u2019 Guzm\u00e1n<\/a>, a\u00f1adi\u00f3 que no lo perjudican y que toma sus decisiones libremente, con previa asesor\u00eda de su abogado.<\/p>\n<h2 class=\"b-article-body__h2\">\u00bfCu\u00e1ntos a\u00f1os pasar\u00e1 en la c\u00e1rcel Ovidio Guzm\u00e1n?<\/h2>\n<p class=\"c-paragraph\">La\u00a0<a title=\"https:\/\/www.elfinanciero.com.mx\/mundo\/2025\/07\/11\/ovidio-guzman-se-declara-culpable-en-eu-cuando-se-conocera-su-sentencia\/\" href=\"https:\/\/www.elfinanciero.com.mx\/mundo\/2025\/07\/11\/ovidio-guzman-se-declara-culpable-en-eu-cuando-se-conocera-su-sentencia\/\" target=\"_self\" rel=\"noopener\">condena de\u00a0Ovidio Guzm\u00e1n\u00a0en prisi\u00f3n<\/a>\u00a0por los cuatro delitos que incluyen tr\u00e1fico de m\u00faltiples drogas, entre ellas el\u00a0<a title=\"https:\/\/www.elfinanciero.com.mx\/mundo\/2025\/05\/15\/fentanilo-ahora-se-mezcla-con-otras-drogas-dea-advierte-por-aumento-en-consumo-con-cocaina-y-meta\/\" href=\"https:\/\/www.elfinanciero.com.mx\/mundo\/2025\/05\/15\/fentanilo-ahora-se-mezcla-con-otras-drogas-dea-advierte-por-aumento-en-consumo-con-cocaina-y-meta\/\" rel=\"\">fentanilo<\/a>, y participar en el crimen organizado se dar\u00e1 a conocer hasta dentro de seis meses.<\/p>\n<p>Sin embargo, gracias al\u00a0<b>acuerdo de\u00a0\u2018El Rat\u00f3n\u2019 con el gobierno de Estados Unidos<\/b>\u00a0para convertirse en testigo protegido, evitar\u00e1 la cadena perpetua y reducir\u00e1 su sentencia.<\/p>\n<\/div>\n<p>Con informaci\u00f3n de El Financiero<\/p>\n<\/article>\n<\/div>\n<\/figure>\n<\/div>\n<\/div>\n<\/div>\n","protected":false},"excerpt":{"rendered":"<p>Ovidio Guzm\u00e1n admiti\u00f3, ante la corte, que padece un cuadro de depresi\u00f3n que requiere el uso de medicamentos. Ovidio Guzm\u00e1n\u00a0sorprendi\u00f3 a los periodistas, durante su audiencia en Chicago, no solo por declararse culpable de cuatro\u00a0cargos relacionados con el narcotr\u00e1fico, sino por el deterioro f\u00edsico que mostraba, as\u00ed como por la enfermedad que padece. Tambi\u00e9n conocido como\u00a0\u2018El Rat\u00f3n\u2019, Guzm\u00e1n, de 35 a\u00f1os, apareci\u00f3 el pasado 11 de julio vestido con un mono naranja, barba, lentes y excesivamente delgado, lo que llam\u00f3 la atenci\u00f3n de los presentes. \u201cParec\u00eda que el overol naranja que le ponen a los internos, como si le quedara [&hellip;]<\/p>\n","protected":false},"author":3,"featured_media":125443,"comment_status":"open","ping_status":"open","sticky":false,"template":"","format":"standard","meta":{"_jetpack_newsletter_access":"","_jetpack_dont_email_post_to_subs":false,"_jetpack_newsletter_tier_id":0,"_jetpack_memberships_contains_paywalled_content":false,"_jetpack_feature_clip_id":0,"_jetpack_memberships_contains_paid_content":false,"footnotes":"","jetpack_publicize_message":"","jetpack_publicize_feature_enabled":true,"jetpack_social_post_already_shared":true,"jetpack_social_options":{"image_generator_settings":{"template":"highway","default_image_id":0,"font":"","enabled":false},"version":2},"jetpack_post_was_ever_published":false},"categories":[90],"tags":[],"class_list":["post-125441","post","type-post","status-publish","format-standard","has-post-thumbnail","hentry","category-estatal","post--single"],"jetpack_publicize_connections":[],"jetpack_featured_media_url":"https:\/\/ovelanalista.com\/wp-content\/uploads\/2025\/07\/Captura-de-Pantalla-2025-07-15-a-las-13.44.42.png","jetpack_sharing_enabled":true,"_links":{"self":[{"href":"https:\/\/ovelanalista.com\/index.php?rest_route=\/wp\/v2\/posts\/125441","targetHints":{"allow":["GET"]}}],"collection":[{"href":"https:\/\/ovelanalista.com\/index.php?rest_route=\/wp\/v2\/posts"}],"about":[{"href":"https:\/\/ovelanalista.com\/index.php?rest_route=\/wp\/v2\/types\/post"}],"author":[{"embeddable":true,"href":"https:\/\/ovelanalista.com\/index.php?rest_route=\/wp\/v2\/users\/3"}],"replies":[{"embeddable":true,"href":"https:\/\/ovelanalista.com\/index.php?rest_route=%2Fwp%2Fv2%2Fcomments&post=125441"}],"version-history":[{"count":1,"href":"https:\/\/ovelanalista.com\/index.php?rest_route=\/wp\/v2\/posts\/125441\/revisions"}],"predecessor-version":[{"id":125445,"href":"https:\/\/ovelanalista.com\/index.php?rest_route=\/wp\/v2\/posts\/125441\/revisions\/125445"}],"wp:featuredmedia":[{"embeddable":true,"href":"https:\/\/ovelanalista.com\/index.php?rest_route=\/wp\/v2\/media\/125443"}],"wp:attachment":[{"href":"https:\/\/ovelanalista.com\/index.php?rest_route=%2Fwp%2Fv2%2Fmedia&parent=125441"}],"wp:term":[{"taxonomy":"category","embeddable":true,"href":"https:\/\/ovelanalista.com\/index.php?rest_route=%2Fwp%2Fv2%2Fcategories&post=125441"},{"taxonomy":"post_tag","embeddable":true,"href":"https:\/\/ovelanalista.com\/index.php?rest_route=%2Fwp%2Fv2%2Ftags&post=125441"}],"curies":[{"name":"wp","href":"https:\/\/api.w.org\/{rel}","templated":true}]}}