{"id":125581,"date":"2025-06-10T11:01:14","date_gmt":"2025-06-10T17:01:14","guid":{"rendered":"https:\/\/ovelanalista.com\/?p=125581"},"modified":"2025-07-17T11:09:14","modified_gmt":"2025-07-17T17:09:14","slug":"la-facultad-de-ciencias-de-la-tierra-y-el-espacio-de-la-uas-organiza-la-edicion-numero-xvi-de-la-olimpiada-nacional-de-astronomia-en-mexico","status":"publish","type":"post","link":"https:\/\/ovelanalista.com\/?p=125581","title":{"rendered":"La Facultad de Ciencias de la Tierra y el Espacio de la UAS organiza la edici\u00f3n n\u00famero XVI de la Olimpiada Nacional de Astronom\u00eda en M\u00e9xico"},"content":{"rendered":"<div dir=\"ltr\">\n<p><strong>10-Jun-2025.-<\/strong> La Universidad Aut\u00f3noma de Sinaloa (UAS) a trav\u00e9s de la Facultad de Ciencias de la Tierra y el Espacio (FACITE) organiza la edici\u00f3n n\u00famero XVI de la Olimpiada Nacional de Astronom\u00eda en M\u00e9xico, un certamen acad\u00e9mico que ya abri\u00f3 inscripciones para estudiantes de secundaria y bachillerato de todo el pa\u00eds, con el objetivo de fomentar el inter\u00e9s por la astronom\u00eda y las ciencias, inform\u00f3 la presidenta de la Olimpiada.<\/p>\n<p>&nbsp;<\/p>\n<p>La doctora Giannina Dalle Mese Zavala tambi\u00e9n investigadora de la FACITE destac\u00f3 que esta convocatoria es abierta y no exige eliminatorias estatales, lo que facilita la participaci\u00f3n de j\u00f3venes de cualquier estado a trav\u00e9s de pruebas en l\u00ednea.<\/p>\n<p>&nbsp;<\/p>\n<p>Dijo que las evaluaciones contemplan ejercicios de astrof\u00edsica, astronom\u00eda de posici\u00f3n y f\u00edsica aplicada a la astronom\u00eda; \u201cpara apoyar a los concursantes, se ofrecer\u00e1n asesor\u00edas virtuales a carga de docentes y exol\u00edmpicos que comparten su experiencia y conocimientos\u201d, sostuvo.<\/p>\n<p>&nbsp;<\/p>\n<p>Las primeras pruebas se aplicar\u00e1n los d\u00edas 24 y 25 de junio, y la \u00faltima etapa se realizar\u00e1 el 2 de julio, las inscripciones cerrar\u00e1n el 23 de junio. Los j\u00f3venes con mejor desempe\u00f1o tendr\u00e1n la oportunidad de representar a M\u00e9xico en la Olimpiada Latinoamericana de Astronom\u00eda y Astron\u00e1utica, que este a\u00f1o se celebrar\u00e1 en septiembre en R\u00edo de Janeiro, Brasil, anunciado.<\/p>\n<p>&nbsp;<\/p>\n<p>Adem\u00e1s de impulsar el inter\u00e9s por la ciencia, la Olimpiada ha contribuido a posicionar la Licenciatura en Astronom\u00eda que imparte la UAS, \u00fanica en el pa\u00eds, atrayendo a estudiantes de diversos estados interesados en esta carrera, finaliz\u00f3 la doctora Giannina Dalle Mese Zavala.<\/p>\n<\/div>\n<div><\/div>\n<p><span style=\"color: #888888;\"><span class=\"gmail_signature_prefix\">&#8212;<\/span><br \/>\n<\/span><\/p>\n<div class=\"gmail_signature\" dir=\"ltr\" data-smartmail=\"gmail_signature\">\n<div><strong><span style=\"color: #000099;\">Direcci\u00f3n General de Comunicaci\u00f3n Social<\/span><\/strong><\/div>\n<div>\n<p><strong><span style=\"color: #993300;\">UNIVERSIDAD AUT\u00d3NOMA DE SINALOA<\/span><\/strong><\/p>\n<p>&nbsp;<\/p>\n<p><strong><span style=\"color: #993300;\"><span style=\"font-family: Calibri;\"><a href=\"http:\/\/www.uas.edu.mx\/\" target=\"_blank\" rel=\"noopener\" data-saferedirecturl=\"https:\/\/www.google.com\/url?q=http:\/\/www.uas.edu.mx\/&amp;source=gmail&amp;ust=1752858457462000&amp;usg=AOvVaw1Kw4Cur0W9tJCZBIBMhbXA\">http:\/\/www.uas.edu.mx\/<\/a><\/span><\/span><\/strong><\/div>\n<\/div>\n","protected":false},"excerpt":{"rendered":"<p>10-Jun-2025.- La Universidad Aut\u00f3noma de Sinaloa (UAS) a trav\u00e9s de la Facultad de Ciencias de la Tierra y el Espacio (FACITE) organiza la edici\u00f3n n\u00famero XVI de la Olimpiada Nacional de Astronom\u00eda en M\u00e9xico, un certamen acad\u00e9mico que ya abri\u00f3 inscripciones para estudiantes de secundaria y bachillerato de todo el pa\u00eds, con el objetivo de fomentar el inter\u00e9s por la astronom\u00eda y las ciencias, inform\u00f3 la presidenta de la Olimpiada. &nbsp; La doctora Giannina Dalle Mese Zavala tambi\u00e9n investigadora de la FACITE destac\u00f3 que esta convocatoria es abierta y no exige eliminatorias estatales, lo que facilita la participaci\u00f3n de j\u00f3venes [&hellip;]<\/p>\n","protected":false},"author":3,"featured_media":125582,"comment_status":"open","ping_status":"open","sticky":false,"template":"","format":"standard","meta":{"_jetpack_newsletter_access":"","_jetpack_dont_email_post_to_subs":false,"_jetpack_newsletter_tier_id":0,"_jetpack_memberships_contains_paywalled_content":false,"_jetpack_feature_clip_id":0,"_jetpack_memberships_contains_paid_content":false,"footnotes":"","jetpack_publicize_message":"La Facultad de Ciencias de la Tierra y el Espacio de la UAS organiza la edici\u00f3n n\u00famero XVI de la Olimpiada Nacional de Astronom\u00eda en M\u00e9xico","jetpack_publicize_feature_enabled":true,"jetpack_social_post_already_shared":true,"jetpack_social_options":{"image_generator_settings":{"template":"highway","default_image_id":0,"font":"","enabled":false},"version":2},"jetpack_post_was_ever_published":false},"categories":[90],"tags":[],"class_list":["post-125581","post","type-post","status-publish","format-standard","has-post-thumbnail","hentry","category-estatal","post--single"],"jetpack_publicize_connections":[],"jetpack_featured_media_url":"https:\/\/ovelanalista.com\/wp-content\/uploads\/2025\/07\/09-JUNIO-FACITE-GIANINA-MESE-ORGANIZACION-DE-OLIMPIADA-1_1.jpg","jetpack_sharing_enabled":true,"_links":{"self":[{"href":"https:\/\/ovelanalista.com\/index.php?rest_route=\/wp\/v2\/posts\/125581","targetHints":{"allow":["GET"]}}],"collection":[{"href":"https:\/\/ovelanalista.com\/index.php?rest_route=\/wp\/v2\/posts"}],"about":[{"href":"https:\/\/ovelanalista.com\/index.php?rest_route=\/wp\/v2\/types\/post"}],"author":[{"embeddable":true,"href":"https:\/\/ovelanalista.com\/index.php?rest_route=\/wp\/v2\/users\/3"}],"replies":[{"embeddable":true,"href":"https:\/\/ovelanalista.com\/index.php?rest_route=%2Fwp%2Fv2%2Fcomments&post=125581"}],"version-history":[{"count":1,"href":"https:\/\/ovelanalista.com\/index.php?rest_route=\/wp\/v2\/posts\/125581\/revisions"}],"predecessor-version":[{"id":125583,"href":"https:\/\/ovelanalista.com\/index.php?rest_route=\/wp\/v2\/posts\/125581\/revisions\/125583"}],"wp:featuredmedia":[{"embeddable":true,"href":"https:\/\/ovelanalista.com\/index.php?rest_route=\/wp\/v2\/media\/125582"}],"wp:attachment":[{"href":"https:\/\/ovelanalista.com\/index.php?rest_route=%2Fwp%2Fv2%2Fmedia&parent=125581"}],"wp:term":[{"taxonomy":"category","embeddable":true,"href":"https:\/\/ovelanalista.com\/index.php?rest_route=%2Fwp%2Fv2%2Fcategories&post=125581"},{"taxonomy":"post_tag","embeddable":true,"href":"https:\/\/ovelanalista.com\/index.php?rest_route=%2Fwp%2Fv2%2Ftags&post=125581"}],"curies":[{"name":"wp","href":"https:\/\/api.w.org\/{rel}","templated":true}]}}