{"id":136405,"date":"2025-12-09T09:30:22","date_gmt":"2025-12-09T16:30:22","guid":{"rendered":"https:\/\/ovelanalista.com\/?p=136405"},"modified":"2025-12-09T07:43:11","modified_gmt":"2025-12-09T14:43:11","slug":"roman-va-por-la-diputacion","status":"publish","type":"post","link":"https:\/\/ovelanalista.com\/?p=136405","title":{"rendered":"Rom\u00e1n va por la diputaci\u00f3n"},"content":{"rendered":"<p><strong>DE PRIMERA MANO<\/strong><\/p>\n<ul>\n<li><em>Morena quiere alianza<\/em><\/li>\n<\/ul>\n<p><strong>Por Omar Z\u00fa\u00f1iga<\/strong><\/p>\n<p>&nbsp;<\/p>\n<p>A partir de que termin\u00f3 la campa\u00f1a y se declararon alcaldes electos, arranc\u00f3 de facto la carrera para la elecci\u00f3n del 2027, en que se habr\u00e1n de renovar los congresos Estatal y Federal, as\u00ed como la otra mitad de los poderes Judiciales, tambi\u00e9n en ambos niveles.<\/p>\n<p>En este contexto, los distintos actores pol\u00edticos involucrados, tienden a ser ambiguos y las respuestas son s\u00ed, pero no; ya veremos, no son los tiempos y un largo etc\u00e9tera que no da claridad.<\/p>\n<p>Sin embargo, y se agradece sobremanera, la actitud, clara en su intenci\u00f3n, de\u00a0<strong>Rom\u00e1n Moreno<\/strong>, excandidato de Movimiento Ciudadano a la alcald\u00eda de Xalapa, que logr\u00f3 la hist\u00f3rica cifra de cuatro regidur\u00edas, apenas una menos que el partido que gan\u00f3 la presidencia municipal,.<\/p>\n<p>Despu\u00e9s de la elecci\u00f3n, Rom\u00e1n asumi\u00f3 la coordinaci\u00f3n municipal de MC en la capital del estado y se ha puesto a trabajar como si estuviera en campa\u00f1a desde esa posici\u00f3n.<\/p>\n<p>El objetivo lo tiene muy claro, lo sabe y lo expresa sin tapujos: voy a ser candidato a diputado.<\/p>\n<p>Lo \u00fanico en lo que no tiene claridad, es si la posici\u00f3n que habr\u00e1 de buscar es local o federal.<\/p>\n<p>Adem\u00e1s sabe que ir\u00e1 a la elecci\u00f3n, a competir con los machuchones que le pongan enfrente, sea cual sea el apellido, y sea cual sea la relaci\u00f3n que pudiera haber con sus eventuales adversarios.<\/p>\n<p>Y para eso est\u00e1 trabajando desde su trinchera; es una persona sensible, que ciertamente no perdi\u00f3 el piso por el \u00e9xito obtenido, y tambi\u00e9n con esa misma claridad sabe que Movimiento Ciudadano debe convertirse en una aut\u00e9ntica oposici\u00f3n, para ser una opci\u00f3n real para la ciudadan\u00eda xalape\u00f1a. Perdiendo, gan\u00f3.<\/p>\n<p>&nbsp;<\/p>\n<p>*****<\/p>\n<p>Adem\u00e1s, en 2027 MC ir\u00e1 en solitario, como han estado trabajando; sin embargo, en el futurismo para el 2030, es pr\u00e1cticamente un hecho que ir\u00e1n en alianza con el PAN a nivel nacional, lo que obligar\u00eda a los estados acatar la decisi\u00f3n y por eso ya trabajan ambos partidos, para lograr las mejores condiciones.<\/p>\n<p>&nbsp;<\/p>\n<p>*****<\/p>\n<p>Y todo coincide con la postura de Morena que seg\u00fan el senador\u00a0<strong>Manuel Huerta Ladr\u00f3n de Guevara<\/strong>, ir\u00e1n en la alianza que les dio los resultados esperados en 2026, con el PT y el PVEM, conscientes de que la decisi\u00f3n de ir en solitario en este a\u00f1o, no les result\u00f3 como ellos esperaban.<\/p>\n<p>Fue, de hecho, un fracaso que se atribuye a\u00a0<strong>Esteban Ram\u00edrez Zepeta<\/strong>.<\/p>\n<p>Sin embargo, habr\u00e1 que ver lo que decida el PVEM en Veracruz, cuyos resultados en lo individual fueron mucho mejores que los de Morena y adem\u00e1s no olvidan la ofensa que se convirti\u00f3 en afrenta, de su dirigente nacional\u00a0<strong>Luisa Mar\u00eda Alcalde<\/strong>, contra quien fuera gobernador de Veracruz, recientemente fallecido\u00a0<strong>Fidel Herrera Beltr\u00e1n<\/strong>.<\/p>\n<p>&nbsp;<\/p>\n<p>\u00a1Qu\u00e9 barbaridad!<\/p>\n<p>deprimera.mano2020@gmail.com<\/p>\n","protected":false},"excerpt":{"rendered":"<p>DE PRIMERA MANO Morena quiere alianza Por Omar Z\u00fa\u00f1iga &nbsp; A partir de que termin\u00f3 la campa\u00f1a y se declararon alcaldes electos, arranc\u00f3 de facto la carrera para la elecci\u00f3n del 2027, en que se habr\u00e1n de renovar los congresos Estatal y Federal, as\u00ed como la otra mitad de los poderes Judiciales, tambi\u00e9n en ambos niveles. En este contexto, los distintos actores pol\u00edticos involucrados, tienden a ser ambiguos y las respuestas son s\u00ed, pero no; ya veremos, no son los tiempos y un largo etc\u00e9tera que no da claridad. Sin embargo, y se agradece sobremanera, la actitud, clara en su [&hellip;]<\/p>\n","protected":false},"author":3,"featured_media":128333,"comment_status":"open","ping_status":"open","sticky":false,"template":"","format":"standard","meta":{"_jetpack_newsletter_access":"","_jetpack_dont_email_post_to_subs":false,"_jetpack_newsletter_tier_id":0,"_jetpack_memberships_contains_paywalled_content":false,"_jetpack_feature_clip_id":0,"_jetpack_memberships_contains_paid_content":false,"footnotes":"","jetpack_publicize_message":"","jetpack_publicize_feature_enabled":true,"jetpack_social_post_already_shared":true,"jetpack_social_options":{"image_generator_settings":{"template":"highway","default_image_id":0,"font":"","enabled":false},"version":2},"jetpack_post_was_ever_published":false},"categories":[79],"tags":[],"class_list":["post-136405","post","type-post","status-publish","format-standard","has-post-thumbnail","hentry","category-columnistas-nacionales","post--single"],"jetpack_publicize_connections":[],"jetpack_featured_media_url":"https:\/\/ovelanalista.com\/wp-content\/uploads\/2025\/08\/omar_zuniga.jpg","jetpack_sharing_enabled":true,"_links":{"self":[{"href":"https:\/\/ovelanalista.com\/index.php?rest_route=\/wp\/v2\/posts\/136405","targetHints":{"allow":["GET"]}}],"collection":[{"href":"https:\/\/ovelanalista.com\/index.php?rest_route=\/wp\/v2\/posts"}],"about":[{"href":"https:\/\/ovelanalista.com\/index.php?rest_route=\/wp\/v2\/types\/post"}],"author":[{"embeddable":true,"href":"https:\/\/ovelanalista.com\/index.php?rest_route=\/wp\/v2\/users\/3"}],"replies":[{"embeddable":true,"href":"https:\/\/ovelanalista.com\/index.php?rest_route=%2Fwp%2Fv2%2Fcomments&post=136405"}],"version-history":[{"count":1,"href":"https:\/\/ovelanalista.com\/index.php?rest_route=\/wp\/v2\/posts\/136405\/revisions"}],"predecessor-version":[{"id":136409,"href":"https:\/\/ovelanalista.com\/index.php?rest_route=\/wp\/v2\/posts\/136405\/revisions\/136409"}],"wp:featuredmedia":[{"embeddable":true,"href":"https:\/\/ovelanalista.com\/index.php?rest_route=\/wp\/v2\/media\/128333"}],"wp:attachment":[{"href":"https:\/\/ovelanalista.com\/index.php?rest_route=%2Fwp%2Fv2%2Fmedia&parent=136405"}],"wp:term":[{"taxonomy":"category","embeddable":true,"href":"https:\/\/ovelanalista.com\/index.php?rest_route=%2Fwp%2Fv2%2Fcategories&post=136405"},{"taxonomy":"post_tag","embeddable":true,"href":"https:\/\/ovelanalista.com\/index.php?rest_route=%2Fwp%2Fv2%2Ftags&post=136405"}],"curies":[{"name":"wp","href":"https:\/\/api.w.org\/{rel}","templated":true}]}}