{"id":136407,"date":"2025-12-09T09:40:56","date_gmt":"2025-12-09T16:40:56","guid":{"rendered":"https:\/\/ovelanalista.com\/?p=136407"},"modified":"2025-12-09T07:44:36","modified_gmt":"2025-12-09T14:44:36","slug":"jonacatepec-infiernito-e-infierno-grande","status":"publish","type":"post","link":"https:\/\/ovelanalista.com\/?p=136407","title":{"rendered":"Jonacatepec: Infiernito e Infierno Grande"},"content":{"rendered":"<p><strong>HOMO POL\u00cdTICUS<\/strong><\/p>\n<p><strong>PAVE SOBERANES<\/strong><\/p>\n<ul>\n<li><i>Peligro: el Cuauh se Volvi\u00f3 Loco<\/i><\/li>\n<\/ul>\n<p>&nbsp;<\/p>\n<p>El atropellamiento de un ni\u00f1o, por un veh\u00edculo de gobierno, provoc\u00f3 que vecinos de San Gabriel prendieran fuego a un \u00e1rbol de Navidad en la cabecera municipal de Jonacatepec.<\/p>\n<p>El alcalde, Israel Andrade, orden\u00f3 a su equipo a conducir al menor a un hospital, pagar los gastos m\u00e9dicos y dar un extra a la familia, para lo que se ofreciera, como consign\u00f3. No lo hizo para que desistieran de bloquear una carretera ni para retirarse de palacio municipal, el cual hab\u00edan tomado simb\u00f3licamente.<\/p>\n<p>\u00abQue lo quemen\u00bb, respondi\u00f3 Andrade, ante la pregunta v\u00eda telef\u00f3nica de que los pobladores, no m\u00e1s de 30, amenazaban con incendiar el edificio sede del gobierno municipal.<\/p>\n<p>Un\u00a0<i>infiernito<\/i>\u00a0de redes sociales, pues. Tanto, que hasta el gobierno del estado decidi\u00f3 no enviar a\u00a0<i>Jona<\/i>\u00a0a un funcionario de primer o segundo nivel, sino por poco se lo ordenan al se\u00f1or que tiene las llaves del buz\u00f3n de quejas de Palacio de Gobierno.<\/p>\n<p>El cuatro de agosto de 1993 si fue infierno grande. El agente de Investigaciones Pol\u00edticas Hugo Gonz\u00e1lez [\u2020] detuvo la mano de un hombre entrado en a\u00f1os: \u00abNo te conviertas en asesino\u00bb, evitando encender el cerillo que aventar\u00eda al procurador de Justicia, Tom\u00e1s Flores, ba\u00f1ado en gasolina y con una soga al cuello.<\/p>\n<p>Cuatro agentes de la Polic\u00eda Judicial hab\u00edan vejado la v\u00edspera a tres j\u00f3venes jonacatepequenses, en la v\u00eda p\u00fablica. Una muchedumbre les roci\u00f3 gasolina a los\u00a0<i>polijudiri\u00f1orataspatasplanas<\/i>, como les dec\u00eda a los polic\u00edas judiciales Jos\u00e9 Luis\u00a0<i>el Negro<\/i>\u00a0Rojas, entonces el mejor reportero de nota roja, tras ser golpeados sin misericordia.<\/p>\n<p>Esa noche, el gobernador Antonio Riva-Palacio [\u2020] orden\u00f3 a su chofer llevarlo a Jonacatepec, plantando cara a Fuente Obejuna, como se escribe correctamente,<i>\u00a0<\/i>por dos \u00fanicas razones: su obligaci\u00f3n moral ante la responsabilidad oficial y por hombr\u00eda. Recibi\u00f3 agresiones verbales y f\u00edsicas, pero a\u00fan a costa de su seguridad, no se arredr\u00f3 y logr\u00f3 conciliar, evitando escalara la tragedia.<\/p>\n<p>&nbsp;<\/p>\n<p><b>letras<\/b>chiquitas<\/p>\n<p>Reporteros preguntaron a\u00a0<b>Hertino Avil\u00e9s<\/b>\u00a0sobre la desaparici\u00f3n del Instituto Morelense de Informaci\u00f3n P\u00fablica y Estad\u00edstica del que est\u00e1 encargado, y respondi\u00f3: \u00abLa opacidad y el oscurantismo fomentan la tiran\u00eda y gobiernos dictatoriales\u00bb, dictatorialmente evitando reconocer que tir\u00e1nicamente negoci\u00f3 una plaza laboral de gobierno\u2026 para su esposa***. En octubre, el peladito de Tlatilco,\u00a0<b>Cuauht\u00e9moc Blanco<\/b>, agredi\u00f3 a\u00a0<b>Alberto\u00a0<\/b><i>el Venado<\/i><b>\u00a0Medina<\/b>\u00a0y el domingo, al portero\u00a0<b>Sergio Rodr\u00edguez<\/b>, en partidos de exhibici\u00f3n por dinero, el que est\u00e1 obligado a no recibir por su condici\u00f3n de diputado, violentando la ley. Violento y con fuero, se sabe que no est\u00e1 s\u00f3lo, como le gritaron las diputadas morelenses\u00a0<b>Ariadna Barrera<\/b>\u00a0y\u00a0<b>Sandra Anaya<\/b>***. En Cuernavaca, un ni\u00f1o muri\u00f3 tras ser atacado por perros callejeros en el poblado de San Mar\u00eda, porque el edil\u00a0<b>Jos\u00e9 Luis Uri\u00f3stegui<\/b>\u00a0no tiene mando ni en el \u00e1rea de control canino, acaso porque no es negocio. El gobierno uriosteguista es \u00fanico responsable por esa nueva tragedia que se suma a incontables, como el robo con violencia a Santander de Domingo Diez, perpetrado ayer\u2026 sin detenidos.<\/p>\n","protected":false},"excerpt":{"rendered":"<p>HOMO POL\u00cdTICUS PAVE SOBERANES Peligro: el Cuauh se Volvi\u00f3 Loco &nbsp; El atropellamiento de un ni\u00f1o, por un veh\u00edculo de gobierno, provoc\u00f3 que vecinos de San Gabriel prendieran fuego a un \u00e1rbol de Navidad en la cabecera municipal de Jonacatepec. El alcalde, Israel Andrade, orden\u00f3 a su equipo a conducir al menor a un hospital, pagar los gastos m\u00e9dicos y dar un extra a la familia, para lo que se ofreciera, como consign\u00f3. No lo hizo para que desistieran de bloquear una carretera ni para retirarse de palacio municipal, el cual hab\u00edan tomado simb\u00f3licamente. \u00abQue lo quemen\u00bb, respondi\u00f3 Andrade, ante [&hellip;]<\/p>\n","protected":false},"author":3,"featured_media":123567,"comment_status":"open","ping_status":"open","sticky":false,"template":"","format":"standard","meta":{"_jetpack_newsletter_access":"","_jetpack_dont_email_post_to_subs":false,"_jetpack_newsletter_tier_id":0,"_jetpack_memberships_contains_paywalled_content":false,"_jetpack_feature_clip_id":0,"_jetpack_memberships_contains_paid_content":false,"footnotes":"","jetpack_publicize_message":"","jetpack_publicize_feature_enabled":true,"jetpack_social_post_already_shared":true,"jetpack_social_options":{"image_generator_settings":{"template":"highway","default_image_id":0,"font":"","enabled":false},"version":2},"jetpack_post_was_ever_published":false},"categories":[79],"tags":[],"class_list":["post-136407","post","type-post","status-publish","format-standard","has-post-thumbnail","hentry","category-columnistas-nacionales","post--single"],"jetpack_publicize_connections":[],"jetpack_featured_media_url":"https:\/\/ovelanalista.com\/wp-content\/uploads\/2025\/06\/pave_soberanes.jpg","jetpack_sharing_enabled":true,"_links":{"self":[{"href":"https:\/\/ovelanalista.com\/index.php?rest_route=\/wp\/v2\/posts\/136407","targetHints":{"allow":["GET"]}}],"collection":[{"href":"https:\/\/ovelanalista.com\/index.php?rest_route=\/wp\/v2\/posts"}],"about":[{"href":"https:\/\/ovelanalista.com\/index.php?rest_route=\/wp\/v2\/types\/post"}],"author":[{"embeddable":true,"href":"https:\/\/ovelanalista.com\/index.php?rest_route=\/wp\/v2\/users\/3"}],"replies":[{"embeddable":true,"href":"https:\/\/ovelanalista.com\/index.php?rest_route=%2Fwp%2Fv2%2Fcomments&post=136407"}],"version-history":[{"count":1,"href":"https:\/\/ovelanalista.com\/index.php?rest_route=\/wp\/v2\/posts\/136407\/revisions"}],"predecessor-version":[{"id":136411,"href":"https:\/\/ovelanalista.com\/index.php?rest_route=\/wp\/v2\/posts\/136407\/revisions\/136411"}],"wp:featuredmedia":[{"embeddable":true,"href":"https:\/\/ovelanalista.com\/index.php?rest_route=\/wp\/v2\/media\/123567"}],"wp:attachment":[{"href":"https:\/\/ovelanalista.com\/index.php?rest_route=%2Fwp%2Fv2%2Fmedia&parent=136407"}],"wp:term":[{"taxonomy":"category","embeddable":true,"href":"https:\/\/ovelanalista.com\/index.php?rest_route=%2Fwp%2Fv2%2Fcategories&post=136407"},{"taxonomy":"post_tag","embeddable":true,"href":"https:\/\/ovelanalista.com\/index.php?rest_route=%2Fwp%2Fv2%2Ftags&post=136407"}],"curies":[{"name":"wp","href":"https:\/\/api.w.org\/{rel}","templated":true}]}}