{"id":136413,"date":"2025-12-09T09:50:12","date_gmt":"2025-12-09T16:50:12","guid":{"rendered":"https:\/\/ovelanalista.com\/?p=136413"},"modified":"2025-12-09T07:51:13","modified_gmt":"2025-12-09T14:51:13","slug":"solo-yo-puedo-arreglarlo","status":"publish","type":"post","link":"https:\/\/ovelanalista.com\/?p=136413","title":{"rendered":"\u201cSolo yo puedo arreglarlo\u201d"},"content":{"rendered":"<p><strong>Pablo Gato<\/strong><\/p>\n<p>&nbsp;<\/p>\n<p>Presumi\u00f3 Trump al aceptar la nominaci\u00f3n republicana antes de ganar las elecciones. Dijo que la econom\u00eda era un desastre y que \u00e9l solucionar\u00eda la inflaci\u00f3n el primer d\u00eda en la Casa Blanca.<\/p>\n<p>Tambi\u00e9n prometi\u00f3 lo mismo respecto al conflicto en Ucrania. Tras casi un a\u00f1o en la presidencia, el conflicto en Ucrania contin\u00faa y Rusia lo gana claramente.<\/p>\n<p>Respecto a la econom\u00eda, los n\u00fameros indican que la que dej\u00f3 Biden era mucho m\u00e1s fuerte de la que tenemos hoy. Si, hab\u00eda inflaci\u00f3n pero el contexto econ\u00f3mico, que no perfecto para nada, mostraba a la salida de Biden unos n\u00fameros mucho m\u00e1s robustos que los que ofrece Trump.<\/p>\n<p>Trump hered\u00f3 una inflaci\u00f3n del 2,9% y ahora tenemos pr\u00e1cticamente la misma, aunque muchos no creen ya esas estad\u00edsticas del gobierno al comprobar en persona las enormes subidas de precios por ejemplo en la comida, la electricidad o el gas. No se ha mejorado nada y los precios asustan.<\/p>\n<p>Pero dejando de lado la inflaci\u00f3n, el r\u00e9cord de Biden fue mucho m\u00e1s s\u00f3lido. Tuvo el desempleo m\u00e1s bajo en 50 a\u00f1os, un crecimiento econ\u00f3mico del 3% y tres a\u00f1os de crecimiento econ\u00f3mico ininterrumpidos.<\/p>\n<p>La realidad es que Biden recibi\u00f3 de Trump la peor econom\u00eda desde el crack del 29 debido a su p\u00e9sima gesti\u00f3n de los problemas generados por la pandemia del COVID y dej\u00f3 un legado econ\u00f3mico no perfecto pero mucho m\u00e1s fuerte que el actual.<\/p>\n<p>Trump declar\u00f3 una guerra global de aranceles que ha empantanado la econom\u00eda mundial y ha supuesto la principal subida de impuestos para el contribuyente americano en la historia del pa\u00eds.<\/p>\n<p>Eso por supuesto ha subido la inflaci\u00f3n. Sus detractores tambi\u00e9n lo acusan de tomar todo tipo de medidas (como muchas de sus decisiones en materia migratoria) que han afectado negativamente a la econom\u00eda. Tambi\u00e9n lo acusan de forzar sus puntos de vista a empresas como las universidades creando caos y provocando que miles de estudiantes no puedan venir a EEUU o decidan no hacerlo, con p\u00e9rdidas de miles de millones de d\u00f3lares para esos centros acad\u00e9micos. Incluso sus declaraciones consideradas por muchos como racistas o sus restricciones para entrar a EEUU como turistas est\u00e1n haciendo que muchos se preocupen por que asistencia tendr\u00e1 el mundial de futbol en 2026.<\/p>\n<p>Trump tambi\u00e9n se ha peleado hasta con sus aliados y ha provocado que pa\u00edses como Rusia, China e Ir\u00e1n se hayan unido como nunca y ahora lideran un grupo, los BRICS, que disputan la hegemon\u00eda econ\u00f3mica occidental en el mundo.<\/p>\n<p>Trump dijo que solucionar\u00eda la inflaci\u00f3n el primer d\u00eda. No solo no lo ha hecho sino que se ha convertido en el tema n\u00famero uno para las pr\u00f3ximas elecciones al Congreso. La mayor preocupaci\u00f3n. El, sorprendentemente, dice que el tema de la inflaci\u00f3n es una \u201cpatra\u00f1a\u201d dem\u00f3crata y que la econom\u00eda est\u00e1 mejor que nunca.<\/p>\n<p>La mayor\u00eda del pueblo de EEUU piensa que Trump no est\u00e1 enfocado en ese tema y solo el 10% le cree cuando habla sobre la inflaci\u00f3n seg\u00fan la \u00faltima encuesta de CNN. Prometer es m\u00e1s f\u00e1cil que cumplir.<\/p>\n<p>Trump echa la culpa de todo a Biden, pero Biden hace ya casi un a\u00f1o que no es el presidente y lo cierto es que Trump ha empeorado la econom\u00eda que hered\u00f3. Ya no hay m\u00e1s excusas. Lo que quiere el votante americano son resultados. En noviembre del 2026 vendr\u00e1 su veredicto oficial a los dos primeros a\u00f1os de Trump en su segundo mandato. Las palabras sobrar\u00e1n y los que mandar\u00e1n ser\u00e1n los numerosos. Resultados, no promesas.<\/p>\n<p><strong>La pol\u00edtica de aranceles de Trump devasta a los granjeros de EE.UU. y los tiene que rescatar con 12 mil millones de d\u00f3lares.<\/strong><\/p>\n<p>Es decir, el contribuyente americano no solo tiene que pagar esos aranceles en las tiendas (los paga el consumidor) sino que ahora tambi\u00e9n sus impuestos deben rescatar a los granjeros porque la pol\u00edtica de aranceles los ha arruinado.<\/p>\n<p>Al aplicar aranceles a pa\u00edses como China, Pek\u00edn dej\u00f3 de comprar productos agr\u00edcolas a EEUU.<\/p>\n<p>Ahora ha abierto la puerta a volver a comprar. La guerra de aranceles ha arruinado a muchos granjeros. Ellos dicen que no quieren un rescate sino poder vender sus productos.<\/p>\n<p>La Administraci\u00f3n Trump culpa a Biden, a pesar de que hace ya un a\u00f1o que Biden no es presidente y el que inici\u00f3 la guerra de aranceles es Trump, no Biden.<\/p>\n<p>Los dem\u00f3cratas afirman que Trump llevo a la bancarrota en sus negocios porque es un inepto econ\u00f3micamente y que esta es una prueba m\u00e1s de que ahora est\u00e1 llevando al pa\u00eds tambi\u00e9n directo a la bancarrota con pol\u00edticas que solo perjudican a EEUU.<\/p>\n","protected":false},"excerpt":{"rendered":"<p>Pablo Gato &nbsp; Presumi\u00f3 Trump al aceptar la nominaci\u00f3n republicana antes de ganar las elecciones. Dijo que la econom\u00eda era un desastre y que \u00e9l solucionar\u00eda la inflaci\u00f3n el primer d\u00eda en la Casa Blanca. Tambi\u00e9n prometi\u00f3 lo mismo respecto al conflicto en Ucrania. Tras casi un a\u00f1o en la presidencia, el conflicto en Ucrania contin\u00faa y Rusia lo gana claramente. Respecto a la econom\u00eda, los n\u00fameros indican que la que dej\u00f3 Biden era mucho m\u00e1s fuerte de la que tenemos hoy. Si, hab\u00eda inflaci\u00f3n pero el contexto econ\u00f3mico, que no perfecto para nada, mostraba a la salida de Biden [&hellip;]<\/p>\n","protected":false},"author":3,"featured_media":123162,"comment_status":"open","ping_status":"open","sticky":false,"template":"","format":"standard","meta":{"_jetpack_newsletter_access":"","_jetpack_dont_email_post_to_subs":false,"_jetpack_newsletter_tier_id":0,"_jetpack_memberships_contains_paywalled_content":false,"_jetpack_feature_clip_id":0,"_jetpack_memberships_contains_paid_content":false,"footnotes":"","jetpack_publicize_message":"","jetpack_publicize_feature_enabled":true,"jetpack_social_post_already_shared":true,"jetpack_social_options":{"image_generator_settings":{"template":"highway","default_image_id":0,"font":"","enabled":false},"version":2},"jetpack_post_was_ever_published":false},"categories":[79],"tags":[],"class_list":["post-136413","post","type-post","status-publish","format-standard","has-post-thumbnail","hentry","category-columnistas-nacionales","post--single"],"jetpack_publicize_connections":[],"jetpack_featured_media_url":"https:\/\/ovelanalista.com\/wp-content\/uploads\/2025\/06\/pablo_gato.jpg","jetpack_sharing_enabled":true,"_links":{"self":[{"href":"https:\/\/ovelanalista.com\/index.php?rest_route=\/wp\/v2\/posts\/136413","targetHints":{"allow":["GET"]}}],"collection":[{"href":"https:\/\/ovelanalista.com\/index.php?rest_route=\/wp\/v2\/posts"}],"about":[{"href":"https:\/\/ovelanalista.com\/index.php?rest_route=\/wp\/v2\/types\/post"}],"author":[{"embeddable":true,"href":"https:\/\/ovelanalista.com\/index.php?rest_route=\/wp\/v2\/users\/3"}],"replies":[{"embeddable":true,"href":"https:\/\/ovelanalista.com\/index.php?rest_route=%2Fwp%2Fv2%2Fcomments&post=136413"}],"version-history":[{"count":1,"href":"https:\/\/ovelanalista.com\/index.php?rest_route=\/wp\/v2\/posts\/136413\/revisions"}],"predecessor-version":[{"id":136417,"href":"https:\/\/ovelanalista.com\/index.php?rest_route=\/wp\/v2\/posts\/136413\/revisions\/136417"}],"wp:featuredmedia":[{"embeddable":true,"href":"https:\/\/ovelanalista.com\/index.php?rest_route=\/wp\/v2\/media\/123162"}],"wp:attachment":[{"href":"https:\/\/ovelanalista.com\/index.php?rest_route=%2Fwp%2Fv2%2Fmedia&parent=136413"}],"wp:term":[{"taxonomy":"category","embeddable":true,"href":"https:\/\/ovelanalista.com\/index.php?rest_route=%2Fwp%2Fv2%2Fcategories&post=136413"},{"taxonomy":"post_tag","embeddable":true,"href":"https:\/\/ovelanalista.com\/index.php?rest_route=%2Fwp%2Fv2%2Ftags&post=136413"}],"curies":[{"name":"wp","href":"https:\/\/api.w.org\/{rel}","templated":true}]}}