{"id":136429,"date":"2025-12-09T10:30:55","date_gmt":"2025-12-09T17:30:55","guid":{"rendered":"https:\/\/ovelanalista.com\/?p=136429"},"modified":"2025-12-09T08:07:51","modified_gmt":"2025-12-09T15:07:51","slug":"2025-es-el-ano-mas-violento-contra-las-mujeres-de-sinaloa-los-feminicidios-no-son-danos-colaterales","status":"publish","type":"post","link":"https:\/\/ovelanalista.com\/?p=136429","title":{"rendered":"2025 es el a\u00f1o m\u00e1s violento contra las mujeres de Sinaloa: \u201cLos feminicidios no son da\u00f1os colaterales\u201d"},"content":{"rendered":"<div><\/div>\n<div>\n<div><strong>Por:\u00a0<span class=\"font-bold\">Luz Rangel<\/span><\/strong><\/div>\n<p><strong><a href=\"https:\/\/twitter.com\/@LuzGrimaldy\" target=\"_blank\" rel=\"noopener noreferrer\">@LuzGrimaldy\u00a0<\/a><\/strong><\/div>\n<div><\/div>\n<div class=\"text-[19px] font-Lora-Regular mb-[30px]\">Septiembre de 2025 fue el mes con m\u00e1s v\u00edctimas de feminicidio en la \u00faltima d\u00e9cada en Sinaloa.<\/div>\n<div class=\"flex justify-between text-[15px] font-Inter-Regular mb-[30px]\"><\/div>\n<div>\n<div>\n<p>El a\u00f1o m\u00e1s violento para las mujeres de Sinaloa coincide con el de la ola bajo fuego que atraviesa la entidad. Los feminicidios han aumentado en 50 % y septiembre de 2025 fue el mes con m\u00e1s v\u00edctimas de este delito en los \u00faltimos diez a\u00f1os en el estado, gobernado actualmente por el morenista Rub\u00e9n Rocha Moya.<\/p>\n<\/div>\n<div>\n<p>De septiembre de 2023 a agosto de 2024, hubo 26 v\u00edctimas de feminicidio en dicho estado, seg\u00fan datos del Secretariado Ejecutivo del Sistema Nacional de Seguridad P\u00fablica (SESNSP). En los siguientes 12 meses hubo 39 v\u00edctimas de feminicidio, lo que supone un aumento de 50 %.<\/p>\n<div id=\"standard_19\" class=\"st-placement standard_19 inArticle\"><\/div>\n<\/div>\n<div>\n<p>El 9 de septiembre de 2024, dos fracciones del C\u00e1rtel de Sinaloa\u00a0\u2014Los Mayitos, de Ismael Zambada, el\u00a0<em>Mayo<\/em>, y Los Chapitos, de los hijos de Joaqu\u00edn Guzm\u00e1n, el\u00a0<em>Chapo<\/em>\u2014, desataron enfrentamientos en toda la entidad.<\/p>\n<div>\n<p>Colectivas sinaloenses han tratado de visibilizar que esta situaci\u00f3n tiene relaci\u00f3n directa con la ola de violencia sin ser un da\u00f1o colateral, t\u00e9rmino que se ha utilizado por las autoridades y tambi\u00e9n por los medios de comunicaci\u00f3n.<\/p>\n<\/div>\n<div>\n<p>\u201cLos feminicidios no son da\u00f1os colaterales porque me da la impresi\u00f3n de que tratan de hacerlos a un lado, de restarles importancia, de hacerlos ver como que han sido un accidente. Las mujeres son v\u00edctimas, y tan lo son del conflicto, que no est\u00e1n por un lado, porque si esto no hubiera existido, ellas no hubieran muerto\u201d, dice en entrevista Priscila Salas, vocera de la colectiva feminista autoconvocada No se metan con nuestras hijas.<\/p>\n<\/div>\n<div>\n<p>\u201cHemos tenido reuniones con otras compa\u00f1eras de otras colectivas y hemos tenido mesas de di\u00e1logo y de an\u00e1lisis sobre el contexto de la violencia de g\u00e9nero y c\u00f3mo ha estado aumentando en contextos como el que nos encontramos actualmente en Sinaloa\u201d, agrega Rita Tirado, vocera de la colectiva transfeminista Periferia Subversiva.<\/p>\n<div>\n<p>Ya cumplido un a\u00f1o del inicio de la ola de violencia, Sinaloa registr\u00f3 el mes con m\u00e1s v\u00edctimas de feminicidio (14, en septiembre de 2025) de los \u00faltimos diez a\u00f1os en la entidad.<\/p>\n<\/div>\n<div>\n<p>\u201cNuestra vida cambi\u00f3 mucho porque evidentemente la situaci\u00f3n en la que estamos es violenta, es un conflicto que ha durado un a\u00f1o, tiene consecuencias y, sobre todo ha sido letal\u201d, menciona la vocera\u00a0 Priscila Salas.<\/p>\n<\/div>\n<div>\n<p>Las cifras que, por otra parte, tiene la Fiscal\u00eda General del Estado de Sinaloa tambi\u00e9n dan cuenta de la violencia feminicida en la entidad. Al 30 de noviembre hubo 94 mujeres asesinadas en 2025.<\/p>\n<div>\n<p>\u201cSi esta situaci\u00f3n de violencia estructural, comunitaria, social, no existiera y si el Estado la hubiera parado hace tiempo, estas v\u00edctimas no hubieran existido tampoco\u201d, reclama un comunicado de No se metan con nuestras hijas en el marco del 25 de noviembre, D\u00eda Internacional de la Eliminaci\u00f3n de la Violencia contra las Mujeres.<\/p>\n<\/div>\n<div>\n<p>De ese total, 65 casos fueron tipificados como feminicidios y los 29 restantes como homicidios dolosos, seg\u00fan la\u00a0<a href=\"https:\/\/fiscaliasinaloa.mx\/informacion-estadistica\/mujeres-ofendidas\">incidencia de mujeres ofendidas<\/a>. La cifra conjunta ya supera por mucho los 55 asesinatos de mujeres registrados durante todo 2024, aun sin todav\u00eda tener los datos de diciembre.<\/p>\n<\/div>\n<div>\n<p>\u201cEsta violencia extrema no es un hecho fortuito, es la culminaci\u00f3n de un sistema que llega tarde, que no cumple su obligaci\u00f3n jur\u00eddica para garantizar el acceso a una vida libre de violencia y que quiere actuar como una organizaci\u00f3n de la sociedad civil \u00fanicamente acompa\u00f1ando, sensibilizando y capacitando mientras omite y relega su principal tarea\u201d, refiere el comunicado sobre la seguridad en Sinaloa.<\/p>\n<div style=\"width: 610px\" class=\"wp-caption alignnone\"><img loading=\"lazy\" decoding=\"async\" src=\"https:\/\/ap-cdn.sfo3.cdn.digitaloceanspaces.com\/uploads\/2025\/10\/Rescate-a-policia-secuestrado-en-Culiacan-Sinaloa-dejo-un-presunto-delincuente-muerto-2-600x400.jpg\" alt=\"Rescate a polic\u00eda secuestrado en Culiac\u00e1n, Sinaloa, dej\u00f3 un presunto delincuente muerto\" width=\"600\" height=\"400\" \/><p class=\"wp-caption-text\">Foto: Noroeste<\/p><\/div>\n<div>\n<h2><b>Culiac\u00e1n, el municipio con m\u00e1s feminicidios<\/b><\/h2>\n<\/div>\n<div>\n<p>Culiac\u00e1n concentra la mayor parte de las v\u00edctimas. El municipio suma 38 feminicidios en 2025.<\/p>\n<\/div>\n<div>\n<p>La violencia se manifiesta en m\u00faltiples espacios p\u00fablicos: calles, escuelas, hospitales y comercios han sido escenario de asesinatos, incendios, robos y desapariciones. La poblaci\u00f3n ya no sale ni muy temprano ni muy noche.<\/p>\n<\/div>\n<div>\n<p>\u201cVivimos en medio de un una ciudad donde matan, donde encuentras cuerpos sin vida por las calles, por las carreteras, en donde hay enfrentamientos todo el tiempo, en donde donde ni siquiera te sientes seguro de salir de tu casa o en el traslado hacia el trabajo o hacia la escuela\u201d, describe la vocera Rita Tirado.<\/p>\n<\/div>\n<div>\n<p>Culiac\u00e1n, junto con Ahome, Guasave, Navolato y Mazatl\u00e1n, es uno de los cinco municipios sinaloenses donde la Alerta de Violencia de G\u00e9nero sigue activa.<\/p>\n<\/div>\n<div>\n<p>De hecho, el caso m\u00e1s reciente de feminicidio ocurri\u00f3 la noche del domingo 30 de noviembre en Culiac\u00e1n. La mujer, identificada como\u00a0<b>Minerva, de 28 a\u00f1os<\/b>\u00a0de edad y originaria de Guerrero, muri\u00f3 tras ser\u00a0<b>asfixiada por su pareja<\/b>\u00a0dentro de su domicilio.<\/p>\n<\/div>\n<div>\n<p>De acuerdo con\u00a0<i>Noreste,\u00a0<\/i>ambos resid\u00edan en el campo agr\u00edcola y, tras una discusi\u00f3n que escal\u00f3 hasta el feminicidio,\u00a0<b>familiares que estaban cerca retuvieron al presunto agresor<\/b>\u00a0e intentaron trasladar a Minerva a un hospital.<\/p>\n<\/div>\n<div>\n<p>Sin embargo, personal m\u00e9dico confirm\u00f3 que la v\u00edctima ya no presentaba signos vitales al momento de su ingreso debido a la gravedad de las lesiones, mientras que Alfredo fue detenido dentro de la misma unidad m\u00e9dica por agentes de la Polic\u00eda Municipal.<\/p>\n<\/div>\n<div>\n<h2><b>Piden reconocer transfeminicidios en Sinaloa<\/b><\/h2>\n<\/div>\n<div>\n<p>Rita Tirado, vocera de la colectiva Periferia Subversiva, hace un llamado a considerar los transfeminicidios en la entidad, que no est\u00e1n tipificados en Sinaloa y que tambi\u00e9n se han agravado por la ola de violencia.<\/p>\n<\/div>\n<div>\n<p>El 28 de junio de 2025\u00a0Valeria, la\u00a0<em>Vale<\/em>, de 17 a\u00f1os de edad, fue localizada sin vida y con signos de violencia en una parcela de un ejido en Ahome, Sinaloa. Hab\u00eda desaparecido desde el 15 de junio de este a\u00f1o.<\/p>\n<\/div>\n<div>\n<p>El 14 de julio Rosario, la\u00a0<em>Charis<\/em>, de 48 a\u00f1os de edad, fue encontrada sin vida en su domicilio en Juan Jos\u00e9 R\u00edos, Sinaloa. Seg\u00fan reportes de medios locales, familiares fueron a verla y, al no recibir respuesta, entraron con ayuda de un cerrajero y encontraron su con golpes.<\/p>\n<\/div>\n<div>\n<p>El 22 de julio de 2025, el cuerpo de Marbella Palacios fue localizado a un costado de un rancho en Mazatl\u00e1n, Sinaloa.<\/p>\n<\/div>\n<div>\n<p>\u201cNuestras exigencias son claras: demandamos el cese de la violencia feminicida y de las desapariciones, la correcta acreditaci\u00f3n de cada muerte violenta, verdad y justicia expedita as\u00ed como reparaci\u00f3n integral del da\u00f1o\u201d, insiste No se metan con nuestras hijas en su comunicado.<\/p>\n<\/div>\n<div>\n<figure id=\"attachment_1608555\" class=\"wp-caption alignnone\" aria-describedby=\"caption-attachment-1608555\">\n<div id=\"standard_5\" class=\"st-placement standard_5 inImage\">\n<div class=\"st-adunit st-adunit-tagged st-reset st-show\"><\/div>\n<\/div>\n<p><div id=\"attachment_1608555\" style=\"width: 610px\" class=\"wp-caption alignnone\"><img loading=\"lazy\" decoding=\"async\" aria-describedby=\"caption-attachment-1608555\" class=\"wp-image-1608555 size-medium\" src=\"https:\/\/ap-cdn.sfo3.cdn.digitaloceanspaces.com\/uploads\/2025\/12\/un-mes-acabar-ano-Sinaloa-duplica-caso-feminicidio-todo-2024_3-600x400.jpg\" sizes=\"auto, (max-width: 600px) 100vw, 600px\" srcset=\"https:\/\/ap-cdn.sfo3.cdn.digitaloceanspaces.com\/uploads\/2025\/12\/un-mes-acabar-ano-Sinaloa-duplica-caso-feminicidio-todo-2024_3-600x400.jpg 600w, https:\/\/ap-cdn.sfo3.cdn.digitaloceanspaces.com\/uploads\/2025\/12\/un-mes-acabar-ano-Sinaloa-duplica-caso-feminicidio-todo-2024_3-1024x683.jpg 1024w, https:\/\/ap-cdn.sfo3.cdn.digitaloceanspaces.com\/uploads\/2025\/12\/un-mes-acabar-ano-Sinaloa-duplica-caso-feminicidio-todo-2024_3-768x512.jpg 768w, https:\/\/ap-cdn.sfo3.cdn.digitaloceanspaces.com\/uploads\/2025\/12\/un-mes-acabar-ano-Sinaloa-duplica-caso-feminicidio-todo-2024_3.jpg 1200w\" alt=\"A un mes de acabar el a\u00f1o, Sinaloa duplica casos de feminicidio de todo el 2024\" width=\"600\" height=\"400\" \/><p id=\"caption-attachment-1608555\" class=\"wp-caption-text\">(Foto: Cuartoscuro Archivo).<\/p><\/div><\/figure>\n<\/div>\n<\/div>\n<\/div>\n<\/div>\n<\/div>\n<\/div>\n<p>&nbsp;<\/p>\n<p>&nbsp;<\/p>\n<p>Con informaci\u00f3n de Animal Pol\u00edtico<\/p>\n","protected":false},"excerpt":{"rendered":"<p>Por:\u00a0Luz Rangel @LuzGrimaldy\u00a0 Septiembre de 2025 fue el mes con m\u00e1s v\u00edctimas de feminicidio en la \u00faltima d\u00e9cada en Sinaloa. El a\u00f1o m\u00e1s violento para las mujeres de Sinaloa coincide con el de la ola bajo fuego que atraviesa la entidad. Los feminicidios han aumentado en 50 % y septiembre de 2025 fue el mes con m\u00e1s v\u00edctimas de este delito en los \u00faltimos diez a\u00f1os en el estado, gobernado actualmente por el morenista Rub\u00e9n Rocha Moya. De septiembre de 2023 a agosto de 2024, hubo 26 v\u00edctimas de feminicidio en dicho estado, seg\u00fan datos del Secretariado Ejecutivo del Sistema [&hellip;]<\/p>\n","protected":false},"author":3,"featured_media":135597,"comment_status":"open","ping_status":"open","sticky":false,"template":"","format":"standard","meta":{"_jetpack_newsletter_access":"","_jetpack_dont_email_post_to_subs":false,"_jetpack_newsletter_tier_id":0,"_jetpack_memberships_contains_paywalled_content":false,"_jetpack_feature_clip_id":0,"_jetpack_memberships_contains_paid_content":false,"footnotes":"","jetpack_publicize_message":"","jetpack_publicize_feature_enabled":true,"jetpack_social_post_already_shared":true,"jetpack_social_options":{"image_generator_settings":{"template":"highway","default_image_id":0,"font":"","enabled":false},"version":2},"jetpack_post_was_ever_published":false},"categories":[90,72],"tags":[],"class_list":["post-136429","post","type-post","status-publish","format-standard","has-post-thumbnail","hentry","category-estatal","category-portada","post--single"],"jetpack_publicize_connections":[],"jetpack_featured_media_url":"https:\/\/ovelanalista.com\/wp-content\/uploads\/2025\/11\/14317d69736fcf0d69b8d24cf84d057f85093cfew.jpg","jetpack_sharing_enabled":true,"_links":{"self":[{"href":"https:\/\/ovelanalista.com\/index.php?rest_route=\/wp\/v2\/posts\/136429","targetHints":{"allow":["GET"]}}],"collection":[{"href":"https:\/\/ovelanalista.com\/index.php?rest_route=\/wp\/v2\/posts"}],"about":[{"href":"https:\/\/ovelanalista.com\/index.php?rest_route=\/wp\/v2\/types\/post"}],"author":[{"embeddable":true,"href":"https:\/\/ovelanalista.com\/index.php?rest_route=\/wp\/v2\/users\/3"}],"replies":[{"embeddable":true,"href":"https:\/\/ovelanalista.com\/index.php?rest_route=%2Fwp%2Fv2%2Fcomments&post=136429"}],"version-history":[{"count":1,"href":"https:\/\/ovelanalista.com\/index.php?rest_route=\/wp\/v2\/posts\/136429\/revisions"}],"predecessor-version":[{"id":136433,"href":"https:\/\/ovelanalista.com\/index.php?rest_route=\/wp\/v2\/posts\/136429\/revisions\/136433"}],"wp:featuredmedia":[{"embeddable":true,"href":"https:\/\/ovelanalista.com\/index.php?rest_route=\/wp\/v2\/media\/135597"}],"wp:attachment":[{"href":"https:\/\/ovelanalista.com\/index.php?rest_route=%2Fwp%2Fv2%2Fmedia&parent=136429"}],"wp:term":[{"taxonomy":"category","embeddable":true,"href":"https:\/\/ovelanalista.com\/index.php?rest_route=%2Fwp%2Fv2%2Fcategories&post=136429"},{"taxonomy":"post_tag","embeddable":true,"href":"https:\/\/ovelanalista.com\/index.php?rest_route=%2Fwp%2Fv2%2Ftags&post=136429"}],"curies":[{"name":"wp","href":"https:\/\/api.w.org\/{rel}","templated":true}]}}