{"id":136430,"date":"2025-12-09T11:00:14","date_gmt":"2025-12-09T18:00:14","guid":{"rendered":"https:\/\/ovelanalista.com\/?p=136430"},"modified":"2025-12-09T08:11:56","modified_gmt":"2025-12-09T15:11:56","slug":"el-pib-per-capita-de-sinaloa-cae-a-niveles-de-hace-10-anos","status":"publish","type":"post","link":"https:\/\/ovelanalista.com\/?p=136430","title":{"rendered":"El PIB per c\u00e1pita de Sinaloa cae a niveles de hace 10 a\u00f1os"},"content":{"rendered":"<header class=\"post-header\"><strong>Daniel Villaman<\/strong><\/p>\n<p>La crisis de seguridad y la debilidad productiva han llevado a la econom\u00eda sinaloense a caer a su peor nivel de Producto Interno Bruto per c\u00e1pita desde 2015.<\/p>\n<p><strong>Sinaloa<\/strong>\u00a0atraviesa hoy una serie de crisis que han deteriorado su motor productivo, la confianza en el ambiente de negocios, as\u00ed como la certidumbre econ\u00f3mica y jur\u00eddica. La ca\u00edda del Producto Interno Bruto Estatal al cierre de 2024 provoc\u00f3 que el\u00a0<strong>PIB per c\u00e1pita<\/strong>, es decir, el valor de la econom\u00eda en relaci\u00f3n con la poblaci\u00f3n, descendiera a su\u00a0<strong>nivel m\u00e1s bajo desde 2015.<\/strong><\/p>\n<p>De acuerdo con<strong>\u00a0Cristina Ibarra<\/strong>, doctora en econom\u00eda y profesora-investigadora de tiempo completo en la Universidad Aut\u00f3noma de Sinaloa, el impacto econ\u00f3mico de la crisis de violencia iniciada en septiembre de 2024, sumado a las debilidades estructurales de los sectores productivos y a factores externos, est\u00e1 generando\u00a0<strong>estragos que<\/strong>\u00a0<strong>podr\u00edan tardar hasta una d\u00e9cada en revertirse<\/strong>\u00a0para la econom\u00eda sinaloense.<\/p>\n<p>De acuerdo con los datos publicados por el\u00a0<a href=\"https:\/\/www.inegi.org.mx\/app\/saladeprensa\/noticia\/10446\">INEGI<\/a>\u00a0el pasado viernes, 5 de noviembre,\u00a0<strong>el Producto Interno Bruto de Sinaloa cay\u00f3 0.5% en 2024<\/strong>, en comparaci\u00f3n con el resultado de 2023. Esto, pese a que en dicho a\u00f1o se registr\u00f3 una expansi\u00f3n de 1.4% a nivel nacional.<\/p>\n<p><img decoding=\"async\" src=\"https:\/\/revistaespejo.com\/wp-content\/uploads\/2025\/12\/inegi-pib-estatal-e1765225567264.webp\" alt=\"PIB por entidad federativa 2024\" \/><\/p>\n<p><strong>En 2024, Sinaloa estuvo entre las \u00fanicas 9 entidades del pa\u00eds cuya econom\u00eda se contrajo.<\/strong>\u00a0Dicho a\u00f1o estuvo marcado por la sequ\u00eda hist\u00f3rica que afect\u00f3 al campo mexicano, as\u00ed como el inicio de la crisis de seguridad por el estallido de la\u00a0<a href=\"https:\/\/es.wikipedia.org\/wiki\/Guerra_interna_del_C%C3%A1rtel_de_Sinaloa\">guerra interna del Cartel de Sinaloa<\/a>\u00a0que se mantiene hasta la fecha.<\/p>\n<p>Este retroceso provoc\u00f3 que el Producto Interno Bruto per c\u00e1pita, que representa cu\u00e1nto valor econ\u00f3mico genera en promedio cada sinaloense en un a\u00f1o, cayera a su peor nivel desde 2015.<\/p>\n<div id=\"attachment_89079\" class=\"wp-caption alignnone\"><img loading=\"lazy\" decoding=\"async\" class=\"wp-image-89079 size-full entered lazyloaded\" src=\"https:\/\/revistaespejo.com\/wp-content\/uploads\/2025\/12\/pib-per-capita-sinaloa-scaled.jpeg\" sizes=\"auto, (max-width: 2048px) 100vw, 2048px\" srcset=\"https:\/\/revistaespejo.com\/wp-content\/uploads\/2025\/12\/pib-per-capita-sinaloa-scaled.jpeg 2048w, https:\/\/revistaespejo.com\/wp-content\/uploads\/2025\/12\/pib-per-capita-sinaloa-300x184.jpeg 300w, https:\/\/revistaespejo.com\/wp-content\/uploads\/2025\/12\/pib-per-capita-sinaloa-1024x628.jpeg 1024w, https:\/\/revistaespejo.com\/wp-content\/uploads\/2025\/12\/pib-per-capita-sinaloa-768x471.jpeg 768w, https:\/\/revistaespejo.com\/wp-content\/uploads\/2025\/12\/pib-per-capita-sinaloa-1536x942.jpeg 1536w\" alt=\"PIB per c\u00e1pita en Sinaloa, elaborado por Cristina Ibarra\" width=\"2048\" height=\"1256\" aria-describedby=\"caption-attachment-89079\" data-lazy-srcset=\"https:\/\/revistaespejo.com\/wp-content\/uploads\/2025\/12\/pib-per-capita-sinaloa-scaled.jpeg 2048w, https:\/\/revistaespejo.com\/wp-content\/uploads\/2025\/12\/pib-per-capita-sinaloa-300x184.jpeg 300w, https:\/\/revistaespejo.com\/wp-content\/uploads\/2025\/12\/pib-per-capita-sinaloa-1024x628.jpeg 1024w, https:\/\/revistaespejo.com\/wp-content\/uploads\/2025\/12\/pib-per-capita-sinaloa-768x471.jpeg 768w, https:\/\/revistaespejo.com\/wp-content\/uploads\/2025\/12\/pib-per-capita-sinaloa-1536x942.jpeg 1536w\" data-lazy-sizes=\"(max-width: 2048px) 100vw, 2048px\" data-lazy-src=\"https:\/\/revistaespejo.com\/wp-content\/uploads\/2025\/12\/pib-per-capita-sinaloa-scaled.jpeg\" data-ll-status=\"loaded\" \/><\/p>\n<p id=\"caption-attachment-89079\" class=\"wp-caption-text\">PIB per c\u00e1pita anual de Sinaloa. Gr\u00e1fica elaborada por\u00a0<a href=\"https:\/\/x.com\/DraCrisitibarra\/status\/1997018181630927099\/photo\/1\">Cristina Ibarra Armenta<\/a>.<\/p>\n<\/div>\n<h2>\u00bfQu\u00e9 pasa con la econom\u00eda sinaloense?<\/h2>\n<p>&nbsp;<\/p>\n<p>La\u00a0<strong>incapacidad de la econom\u00eda sinaloense para crecer<\/strong>\u00a0se viene arrastrando desde antes. Las cifras revelan que, despu\u00e9s de 6 a\u00f1os de un m\u00e1ximo hist\u00f3rico en 2018, el valor total de la producci\u00f3n estatal no ha podido levantarse por encima de ese nivel.<\/p>\n<p>Desde la academia y sector privado, se ha apuntado en repetidas ocasiones la\u00a0<a href=\"https:\/\/revistaespejo.com\/2025\/02\/26\/necesaria-una-vision-a-largo-plazo-para-el-desarrollo-economico-de-sinaloa\/\">ausencia de un plan integral<\/a>\u00a0por parte del estado que favorezca el desarrollo de actividades econ\u00f3micas de mayor valor agregado, que ofrezcan empleos mejor remunerados y detonen el crecimiento.<\/p>\n<p><img loading=\"lazy\" decoding=\"async\" class=\"wp-image-136434 aligncenter\" src=\"https:\/\/ovelanalista.com\/wp-content\/uploads\/2025\/12\/Captura-de-Pantalla-2025-12-09-a-las-8.10.32-300x209.png\" alt=\"\" width=\"584\" height=\"407\" srcset=\"https:\/\/ovelanalista.com\/wp-content\/uploads\/2025\/12\/Captura-de-Pantalla-2025-12-09-a-las-8.10.32-300x209.png 300w, https:\/\/ovelanalista.com\/wp-content\/uploads\/2025\/12\/Captura-de-Pantalla-2025-12-09-a-las-8.10.32-1024x713.png 1024w, https:\/\/ovelanalista.com\/wp-content\/uploads\/2025\/12\/Captura-de-Pantalla-2025-12-09-a-las-8.10.32-768x535.png 768w, https:\/\/ovelanalista.com\/wp-content\/uploads\/2025\/12\/Captura-de-Pantalla-2025-12-09-a-las-8.10.32-1536x1069.png 1536w, https:\/\/ovelanalista.com\/wp-content\/uploads\/2025\/12\/Captura-de-Pantalla-2025-12-09-a-las-8.10.32-400x278.png 400w, https:\/\/ovelanalista.com\/wp-content\/uploads\/2025\/12\/Captura-de-Pantalla-2025-12-09-a-las-8.10.32-750x522.png 750w, https:\/\/ovelanalista.com\/wp-content\/uploads\/2025\/12\/Captura-de-Pantalla-2025-12-09-a-las-8.10.32-1140x794.png 1140w, https:\/\/ovelanalista.com\/wp-content\/uploads\/2025\/12\/Captura-de-Pantalla-2025-12-09-a-las-8.10.32.png 1902w\" sizes=\"auto, (max-width: 584px) 100vw, 584px\" \/><\/p>\n<p>La agricultura, uno de los principales motores del crecimiento econ\u00f3mico de Sinaloa, adolece de un\u00a0<a href=\"https:\/\/revistaespejo.com\/2025\/08\/04\/la-agricultura-sinaloense-en-medio-de-la-incertidumbre\/\">deterioro productivo y rezago tecnol\u00f3gico<\/a>\u00a0que lo ha hecho altamente dependiente del apoyo gubernamental. Se encuentra atravesada, adem\u00e1s, por la situaci\u00f3n latente de sequ\u00eda que en los \u00faltimos ciclos agr\u00edcolas provoc\u00f3 profundas afectaciones.<\/p>\n<p>En tiempos m\u00e1s recientes, la crisis de violencia en el estado genera un panorama de incertidumbre el cual inhibe el desarrollo e inversi\u00f3n. Los datos de actividad econ\u00f3mica del 2025 muestran retrocesos en los sectores secundario y terciario, principales amortiguadores de la demanda de empleo a nivel estatal.<\/p>\n<h2>\u00bfC\u00f3mo afecta a la poblaci\u00f3n tener menor PIB per c\u00e1pita?<\/h2>\n<p>&nbsp;<\/p>\n<p>Un descenso en el PIB per c\u00e1pita implica que\u00a0<strong>la econom\u00eda est\u00e1 generando menos riqueza por cada habitante<\/strong>. Aunque no mide directamente los ingresos de las personas, s\u00ed refleja un menor dinamismo econ\u00f3mico y, por lo tanto, un entorno menos favorable para la creaci\u00f3n de\u00a0<strong>empleos, la inversi\u00f3n y el aumento de salarios.<\/strong><\/p>\n<p>En la pr\u00e1ctica, un menor PIB per c\u00e1pita suele traducirse en\u00a0<strong>menores oportunidades laborales<\/strong>, pues las empresas invierten menos, producen menos y contratan menos.<\/p>\n<p>Adem\u00e1s, en una econom\u00eda debilitada, los salarios tardan m\u00e1s en recuperarse o incluso pierden poder adquisitivo. Cuando la actividad econ\u00f3mica cae, aumenta la vulnerabilidad ante deudas, inflaci\u00f3n y falta de ahorros, de ah\u00ed que el debilitamiento econ\u00f3mico afecte el\u00a0<strong>acceso a bienes, servicios y movilidad social.<\/strong><\/p>\n<\/header>\n<p>Con informaci\u00f3n de Revista Espejo<\/p>\n","protected":false},"excerpt":{"rendered":"<p>Daniel Villaman La crisis de seguridad y la debilidad productiva han llevado a la econom\u00eda sinaloense a caer a su peor nivel de Producto Interno Bruto per c\u00e1pita desde 2015. Sinaloa\u00a0atraviesa hoy una serie de crisis que han deteriorado su motor productivo, la confianza en el ambiente de negocios, as\u00ed como la certidumbre econ\u00f3mica y jur\u00eddica. La ca\u00edda del Producto Interno Bruto Estatal al cierre de 2024 provoc\u00f3 que el\u00a0PIB per c\u00e1pita, es decir, el valor de la econom\u00eda en relaci\u00f3n con la poblaci\u00f3n, descendiera a su\u00a0nivel m\u00e1s bajo desde 2015. De acuerdo con\u00a0Cristina Ibarra, doctora en econom\u00eda y profesora-investigadora [&hellip;]<\/p>\n","protected":false},"author":3,"featured_media":136435,"comment_status":"open","ping_status":"open","sticky":false,"template":"","format":"standard","meta":{"_jetpack_newsletter_access":"","_jetpack_dont_email_post_to_subs":false,"_jetpack_newsletter_tier_id":0,"_jetpack_memberships_contains_paywalled_content":false,"_jetpack_feature_clip_id":0,"_jetpack_memberships_contains_paid_content":false,"footnotes":"","jetpack_publicize_message":"","jetpack_publicize_feature_enabled":true,"jetpack_social_post_already_shared":true,"jetpack_social_options":{"image_generator_settings":{"template":"highway","default_image_id":0,"font":"","enabled":false},"version":2},"jetpack_post_was_ever_published":false},"categories":[90,72],"tags":[],"class_list":["post-136430","post","type-post","status-publish","format-standard","has-post-thumbnail","hentry","category-estatal","category-portada","post--single"],"jetpack_publicize_connections":[],"jetpack_featured_media_url":"https:\/\/ovelanalista.com\/wp-content\/uploads\/2025\/12\/negocios-cerrados-culiacan-1-scaled-1.webp","jetpack_sharing_enabled":true,"_links":{"self":[{"href":"https:\/\/ovelanalista.com\/index.php?rest_route=\/wp\/v2\/posts\/136430","targetHints":{"allow":["GET"]}}],"collection":[{"href":"https:\/\/ovelanalista.com\/index.php?rest_route=\/wp\/v2\/posts"}],"about":[{"href":"https:\/\/ovelanalista.com\/index.php?rest_route=\/wp\/v2\/types\/post"}],"author":[{"embeddable":true,"href":"https:\/\/ovelanalista.com\/index.php?rest_route=\/wp\/v2\/users\/3"}],"replies":[{"embeddable":true,"href":"https:\/\/ovelanalista.com\/index.php?rest_route=%2Fwp%2Fv2%2Fcomments&post=136430"}],"version-history":[{"count":1,"href":"https:\/\/ovelanalista.com\/index.php?rest_route=\/wp\/v2\/posts\/136430\/revisions"}],"predecessor-version":[{"id":136436,"href":"https:\/\/ovelanalista.com\/index.php?rest_route=\/wp\/v2\/posts\/136430\/revisions\/136436"}],"wp:featuredmedia":[{"embeddable":true,"href":"https:\/\/ovelanalista.com\/index.php?rest_route=\/wp\/v2\/media\/136435"}],"wp:attachment":[{"href":"https:\/\/ovelanalista.com\/index.php?rest_route=%2Fwp%2Fv2%2Fmedia&parent=136430"}],"wp:term":[{"taxonomy":"category","embeddable":true,"href":"https:\/\/ovelanalista.com\/index.php?rest_route=%2Fwp%2Fv2%2Fcategories&post=136430"},{"taxonomy":"post_tag","embeddable":true,"href":"https:\/\/ovelanalista.com\/index.php?rest_route=%2Fwp%2Fv2%2Ftags&post=136430"}],"curies":[{"name":"wp","href":"https:\/\/api.w.org\/{rel}","templated":true}]}}