{"id":136431,"date":"2025-12-09T11:30:32","date_gmt":"2025-12-09T18:30:32","guid":{"rendered":"https:\/\/ovelanalista.com\/?p=136431"},"modified":"2025-12-09T08:14:46","modified_gmt":"2025-12-09T15:14:46","slug":"cartel-de-sinaloa-irrumpe-en-guatemala-hay-al-menos-tres-muertos","status":"publish","type":"post","link":"https:\/\/ovelanalista.com\/?p=136431","title":{"rendered":"C\u00e1rtel de Sinaloa irrumpe en Guatemala; hay al menos tres muertos"},"content":{"rendered":"<h2 class=\"teaser\">Autoridades reportaron al menos seis ataques en enfrentamientos con el Ej\u00e9rcito y grupos delictivos locales en la frontera con nuestro pa\u00eds.<\/h2>\n<p><strong><span class=\"author-name\">GASPAR ROMERO<\/span>\u00a0<\/strong><\/p>\n<div class=\"autoria-block row no-gutters\">\n<div class=\"col-12 col-md-6 d-flex align-items-center\">\n<p>Presuntos miembros del cartel de Sinaloa atacaron seis comunidades en Guatemala, ubicadas en la frontera con nuestro pa\u00eds.<\/p>\n<p>Esto deriv\u00f3 en enfrentamientos con el Ej\u00e9rcito y el grupo local cartel\u00a0<strong>Chiapas-Guatemala<\/strong>.<\/p>\n<p>El saldo de la jornada violenta fue de tres muertos y otros tres lesionados, revel\u00f3 el peri\u00f3dico\u00a0<em>Prensa Libre<\/em>.<\/p>\n<p>Adem\u00e1s, una persona fue detenida.<\/p>\n<p>Uno de los incidentes violentos fue un enfrentamiento con el Ej\u00e9rcito, seg\u00fan se\u00f1al\u00f3 el Ministerio de Defensa en un comunicado.<\/p>\n<p>De acuerdo con la vocer\u00eda de la dependencia, el grupo armado ingres\u00f3 a territorio guatemalteco, y realiz\u00f3 disparos contra comunidades cercanas.<\/p>\n<div class=\"banner-content-ads\">\n<div id=\"bd16c46dd34b4ab483bc578a3cf558c1\"><\/div>\n<\/div>\n<p>Esto ocurri\u00f3 mientras las fuerzas armadas realizaban un patrullaje.<\/p>\n<p>Pamela Figueroa vocera del departamento de Defensa de Guatemala, inform\u00f3 que el Ej\u00e9rcito Guatemalteco logr\u00f3 asegurar armamento, drones, explosivos.<\/p>\n<p>Adem\u00e1s, la funcionaria precis\u00f3 que\u00a0 el ingreso fue ilegal en el departamento de Huehuetenango y San Marcos, en tanto en otras aldeas hubo registro de mensajes conocidos como narcomantas.<\/p>\n<div data-type=\"_mgwidget\" data-widget-id=\"1635265\"><\/div>\n<p>Otros enfrentamientos fueron entre la organizaci\u00f3n criminal mexicana y el grupo denominado cartel Chiapas\u2011Guatemala.<\/p>\n<p><img decoding=\"async\" src=\"https:\/\/www.excelsior.com.mx\/660x347\/filters:format(webp):quality(75)\/\/media\/inside-the-note\/pictures\/2025\/12\/09\/cartel-de-sinaloa-en-guatemalapg.jpg\" alt=\"Imagen intermedia\" \/><\/p>\n<p>Seg\u00fan el informe policial, en el lugar qued\u00f3 un veh\u00edculo incendiado y se localizaron granadas, pistolas 9 mil\u00edmetros, un fusil AK-47, chalecos antibalas y drones.<\/p>\n<p>Cuatro viviendas fueron blanco del cartel de Sinaloa en La Mesilla, La Democracia, Huehuetenango, donde tambi\u00e9n se hallaron varios veh\u00edculos con perforaciones de bala, agreg\u00f3\u00a0<em>Prensa Libre<\/em>.<\/p>\n<p>Tras los incidentes, las autoridades decomisaron drones, presuntamente utilizados para vigilar a agrupaciones rivales.<\/p>\n<p><img decoding=\"async\" src=\"https:\/\/www.excelsior.com.mx\/660x640\/filters:format(webp):quality(75)\/\/media\/inside-the-note\/pictures\/2025\/12\/09\/cartel-de-sinaloa-en-guatemalapg_0.jpg\" alt=\"Imagen intermedia\" \/><\/p>\n<blockquote><p>Las unidades militares reforzaron las operaciones en el \u00e1rea, derivado de estas acciones se logr\u00f3 la aprehensi\u00f3n de una persona, armamento, explosivos, accesorios y drones, los cuales fueron puestos a disposici\u00f3n de las autoridades correspondientes\u201d, agreg\u00f3 la dependencia de la naci\u00f3n centroamericana.<\/p><\/blockquote>\n<p>El\u00a0<strong>Ministerio de Defensa\u00a0<\/strong>anunci\u00f3 la coordinaci\u00f3n con la Secretar\u00eda de la Defensa Nacional de nuestro pa\u00eds.<\/p>\n<blockquote><p>El Ej\u00e9rcito de Guatemala reafirma su compromiso de continuar fortaleciendo sus acciones en tierra, aire y mar para garantizar la soberan\u00eda del territorio nacional y salvaguardar la vida de la poblaci\u00f3n\u201d, insisti\u00f3 la dependencia en un comunicado.<\/p><\/blockquote>\n<p>Con informaci\u00f3n de Excelsior<\/p>\n<\/div>\n<\/div>\n","protected":false},"excerpt":{"rendered":"<p>Autoridades reportaron al menos seis ataques en enfrentamientos con el Ej\u00e9rcito y grupos delictivos locales en la frontera con nuestro pa\u00eds. GASPAR ROMERO\u00a0 Presuntos miembros del cartel de Sinaloa atacaron seis comunidades en Guatemala, ubicadas en la frontera con nuestro pa\u00eds. Esto deriv\u00f3 en enfrentamientos con el Ej\u00e9rcito y el grupo local cartel\u00a0Chiapas-Guatemala. El saldo de la jornada violenta fue de tres muertos y otros tres lesionados, revel\u00f3 el peri\u00f3dico\u00a0Prensa Libre. Adem\u00e1s, una persona fue detenida. Uno de los incidentes violentos fue un enfrentamiento con el Ej\u00e9rcito, seg\u00fan se\u00f1al\u00f3 el Ministerio de Defensa en un comunicado. De acuerdo con la [&hellip;]<\/p>\n","protected":false},"author":3,"featured_media":136437,"comment_status":"open","ping_status":"open","sticky":false,"template":"","format":"standard","meta":{"_jetpack_newsletter_access":"","_jetpack_dont_email_post_to_subs":false,"_jetpack_newsletter_tier_id":0,"_jetpack_memberships_contains_paywalled_content":false,"_jetpack_feature_clip_id":0,"_jetpack_memberships_contains_paid_content":false,"footnotes":"","jetpack_publicize_message":"","jetpack_publicize_feature_enabled":true,"jetpack_social_post_already_shared":true,"jetpack_social_options":{"image_generator_settings":{"template":"highway","default_image_id":0,"font":"","enabled":false},"version":2},"jetpack_post_was_ever_published":false},"categories":[89,75],"tags":[],"class_list":["post-136431","post","type-post","status-publish","format-standard","has-post-thumbnail","hentry","category-internacional","category-nacional","post--single"],"jetpack_publicize_connections":[],"jetpack_featured_media_url":"https:\/\/ovelanalista.com\/wp-content\/uploads\/2025\/12\/3432174.webp","jetpack_sharing_enabled":true,"_links":{"self":[{"href":"https:\/\/ovelanalista.com\/index.php?rest_route=\/wp\/v2\/posts\/136431","targetHints":{"allow":["GET"]}}],"collection":[{"href":"https:\/\/ovelanalista.com\/index.php?rest_route=\/wp\/v2\/posts"}],"about":[{"href":"https:\/\/ovelanalista.com\/index.php?rest_route=\/wp\/v2\/types\/post"}],"author":[{"embeddable":true,"href":"https:\/\/ovelanalista.com\/index.php?rest_route=\/wp\/v2\/users\/3"}],"replies":[{"embeddable":true,"href":"https:\/\/ovelanalista.com\/index.php?rest_route=%2Fwp%2Fv2%2Fcomments&post=136431"}],"version-history":[{"count":1,"href":"https:\/\/ovelanalista.com\/index.php?rest_route=\/wp\/v2\/posts\/136431\/revisions"}],"predecessor-version":[{"id":136438,"href":"https:\/\/ovelanalista.com\/index.php?rest_route=\/wp\/v2\/posts\/136431\/revisions\/136438"}],"wp:featuredmedia":[{"embeddable":true,"href":"https:\/\/ovelanalista.com\/index.php?rest_route=\/wp\/v2\/media\/136437"}],"wp:attachment":[{"href":"https:\/\/ovelanalista.com\/index.php?rest_route=%2Fwp%2Fv2%2Fmedia&parent=136431"}],"wp:term":[{"taxonomy":"category","embeddable":true,"href":"https:\/\/ovelanalista.com\/index.php?rest_route=%2Fwp%2Fv2%2Fcategories&post=136431"},{"taxonomy":"post_tag","embeddable":true,"href":"https:\/\/ovelanalista.com\/index.php?rest_route=%2Fwp%2Fv2%2Ftags&post=136431"}],"curies":[{"name":"wp","href":"https:\/\/api.w.org\/{rel}","templated":true}]}}