{"id":136441,"date":"2025-12-09T12:30:56","date_gmt":"2025-12-09T19:30:56","guid":{"rendered":"https:\/\/ovelanalista.com\/?p=136441"},"modified":"2025-12-09T08:19:41","modified_gmt":"2025-12-09T15:19:41","slug":"agua-o-aranceles-trump-vuelve-a-amenazar-a-mexico","status":"publish","type":"post","link":"https:\/\/ovelanalista.com\/?p=136441","title":{"rendered":"Agua o aranceles: Trump vuelve a amenazar a M\u00e9xico"},"content":{"rendered":"<p id=\"article-summary\" class=\"css-79rysd e1wiw3jv0\">El presidente Trump vuelve a la carga contra uno de los mayores socios comerciales de Estados Unidos.<\/p>\n<p class=\"css-4anu6l e1jsehar1\"><strong><span class=\"byline-prefix\">Por\u00a0<\/span><a class=\"last-byline css-ojhyzr e1jsehar0\" href=\"https:\/\/www.nytimes.com\/by\/chris-cameron\">Chris Cameron<\/a><\/strong><\/p>\n<div class=\"css-17nm0qx epjyd6m0\">\n<div id=\"enhanced-byline\" class=\"css-8atqhb\">\n<p class=\"css-1hyokyd e1wtpvyy0\"><strong>Reportando desde Washington<\/strong><\/p>\n<div class=\"css-s99gbd StoryBodyCompanionColumn\" data-testid=\"companionColumn-0\">\n<div class=\"css-53u6y8\">\n<p class=\"css-ac37hb evys1bk0\">El lunes, el presidente Donald Trump amenaz\u00f3 con imponer un arancel adicional del 5 por ciento a los productos mexicanos a causa de\u00a0<a class=\"css-yywogo\" title=\"\" href=\"https:\/\/www.nytimes.com\/es\/2020\/10\/14\/espanol\/america-latina\/chihuahua-mexico-pago-agua.html\">una prolongada disputa sobre el agua<\/a>, reavivando las tensiones diplom\u00e1ticas que hab\u00edan\u00a0<a class=\"css-yywogo\" title=\"\" href=\"https:\/\/www.nytimes.com\/2025\/04\/28\/us\/politics\/mexico-us-water.html\">estallado a principios de a\u00f1o<\/a>\u00a0por la escasez de agua en las tierras fronterizas.<\/p>\n<p class=\"css-ac37hb evys1bk0\">En una publicaci\u00f3n en las redes sociales, Trump acus\u00f3 a M\u00e9xico de no proporcionar m\u00e1s que 800.000 acres-pies de agua \u2014o m\u00e1s de 260.000 millones de galones\u2014 en virtud de\u00a0<a class=\"css-yywogo\" title=\"\" href=\"https:\/\/www.ibwc.gov\/wp-content\/uploads\/2022\/11\/1944Treaty.pdf\" target=\"_blank\" rel=\"noopener noreferrer\">un tratado de 1944<\/a>\u00a0que media en la distribuci\u00f3n del agua de tres r\u00edos, el Bravo, el Colorado y el Tijuana. El mandatario estadounidense dijo que M\u00e9xico deb\u00eda \u201cliberar 200.000 acres-pies de agua antes del 31 de diciembre, y el resto debe llegar poco despu\u00e9s\u201d.<\/p>\n<div class=\"css-1lpvp6o\"><\/div>\n<p class=\"css-ac37hb evys1bk0\">La amenaza fue la m\u00e1s reciente de las acciones agresivas que Trump ha emprendido contra algunos de los mayores socios comerciales de Estados Unidos. En octubre, el presidente\u00a0<a class=\"css-yywogo\" title=\"\" href=\"https:\/\/www.nytimes.com\/2025\/10\/25\/world\/canada\/trump-tariffs-reagan-ad.html\">elev\u00f3 el tipo arancelario nominal<\/a>\u00a0de los productos canadienses del 25 por ciento al 35 por ciento, y tambi\u00e9n ha amenazado con\u00a0<a class=\"css-yywogo\" title=\"\" href=\"https:\/\/www.nytimes.com\/es\/2025\/10\/27\/espanol\/america-latina\/mexico-aranceles-trump-estados-unidos.html\">elevar el tipo arancelario de M\u00e9xico del 25 por ciento al 30 por ciento<\/a>. Si Trump cumple su amenaza de un arancel adicional por el tema del agua, los aranceles sobre los productos mexicanos podr\u00edan aumentar hasta un m\u00e1ximo del 35 por ciento, aunque\u00a0<a class=\"css-yywogo\" title=\"\" href=\"https:\/\/www.nytimes.com\/es\/2025\/12\/05\/espanol\/estados-unidos\/tmec-trump-tratado.html\">la mayor\u00eda de los productos importados de Canad\u00e1 y M\u00e9xico est\u00e1n exentos de aranceles<\/a>.<\/p>\n<\/div>\n<aside class=\"css-ew4tgv\" aria-label=\"companion column\"><\/aside>\n<\/div>\n<div data-testid=\"Dropzone-1\">\n<div class=\"css-1ev7j75\">\n<p class=\"css-ac37hb evys1bk0\">La presidenta de M\u00e9xico, Claudia Sheinbaum, ha reconocido que su pa\u00eds no ha cumplido los compromisos contra\u00eddos en el tratado, y ha afirmado que una sequ\u00eda que ya se prolonga por varios a\u00f1os ha obstaculizado significativamente la capacidad de su pa\u00eds para proporcionar la totalidad de agua que exig\u00eda el acuerdo. La oficina de Sheinbaum no respondi\u00f3 inmediatamente a una solicitud de comentarios.<\/p>\n<p class=\"css-ac37hb evys1bk0\">El aumento de las temperaturas y las largas sequ\u00edas han\u00a0<a class=\"css-yywogo\" title=\"\" href=\"https:\/\/www.nytimes.com\/es\/2024\/05\/18\/espanol\/mexico-agua-crisis.html\">hecho que el agua sea m\u00e1s escasa<\/a>, lo que hace que el agua de los r\u00edos que comparten M\u00e9xico y Estados Unidos sea a\u00fan m\u00e1s valiosa.<\/p>\n<p class=\"css-ac37hb evys1bk0\">Cuando Trump amenaz\u00f3 en abril con\u00a0<a class=\"css-yywogo\" title=\"\" href=\"https:\/\/www.nytimes.com\/es\/2025\/04\/11\/espanol\/estados-unidos\/mexico-trump-agua-aranceles-sheinbaum.html\">aumentar los aranceles por este asunto<\/a>, Sheinbaum adopt\u00f3 una postura conciliadora:\u00a0<a class=\"css-yywogo\" title=\"\" href=\"https:\/\/www.nytimes.com\/2025\/04\/28\/us\/politics\/mexico-us-water.html\">transfiri\u00f3 inmediatamente parte de las reservas de agua de M\u00e9xico<\/a>\u00a0y acord\u00f3 dar a Estados Unidos una mayor parte del caudal de agua del r\u00edo Bravo hasta octubre.<\/p>\n<p class=\"css-ac37hb evys1bk0\">En aquel momento, gran parte de las tierras fronterizas mexicanas\u00a0<a class=\"css-yywogo\" title=\"\" href=\"https:\/\/smn.conagua.gob.mx\/es\/climatologia\/monitor-de-sequia\/monitor-de-sequia-en-mexico\" target=\"_blank\" rel=\"noopener noreferrer\">sufr\u00edan una sequ\u00eda extrema<\/a>\u00a0y\u00a0<a class=\"css-yywogo\" title=\"\" href=\"https:\/\/x.com\/conagua_mx\/status\/1853879584988766651\" target=\"_blank\" rel=\"noopener noreferrer\">las reservas de agua del pa\u00eds se encontraban en m\u00ednimos hist\u00f3ricos<\/a>. Ahora la\u00a0<a class=\"css-yywogo\" title=\"\" href=\"https:\/\/smn.conagua.gob.mx\/es\/climatologia\/monitor-de-sequia\/monitor-de-sequia-en-mexico\" target=\"_blank\" rel=\"noopener noreferrer\">sequ\u00eda ha remitido<\/a>, y una fuerte temporada de lluvias ha\u00a0<a class=\"css-yywogo\" title=\"\" href=\"https:\/\/www.gob.mx\/conagua\/prensa\/el-sistema-cutzamala-registra-un-almacenamiento-de-97-por-ciento\" target=\"_blank\" rel=\"noopener noreferrer\">repuesto gran parte de las reservas de agua de M\u00e9xico<\/a>.<\/p>\n<p class=\"css-ac37hb evys1bk0\">Pero los agricultores mexicanos han presionado a su gobierno para que se oponga a otorgar nuevas concesiones a Estados Unidos en lo que ha sido una disputa hist\u00f3rica en torno a los r\u00edos que comparten los pa\u00edses. En 2020, las tensiones sobre el reparto del agua estallaron en violencia, y los agricultores mexicanos\u00a0<a class=\"css-yywogo\" title=\"\" href=\"https:\/\/apnews.com\/general-news-c5feb6170aa6bd7c81cf3d41300fbee0\" target=\"_blank\" rel=\"noopener noreferrer\">tomaron el control de una presa en la regi\u00f3n fronteriza<\/a>\u00a0en un intento de cortar el suministro de agua a Estados Unidos.<\/p>\n<p class=\"css-ac37hb evys1bk0\">Los agricultores mexicanos y sus partidarios han\u00a0<a class=\"css-yywogo\" title=\"\" href=\"https:\/\/www.freightwaves.com\/news\/blockades-choke-mexicos-border-trade-as-farmers-truckers-escalate-unrest\" target=\"_blank\" rel=\"noopener noreferrer\">bloqueado el transporte comercial<\/a>\u00a0en la frontera en protesta por los derechos sobre el agua. En Ju\u00e1rez, los agricultores bloquearon recientemente el paso a Estados Unidos de unos\u00a0<a class=\"css-yywogo\" title=\"\" href=\"https:\/\/www.elpasotimes.com\/story\/news\/politics\/2025\/12\/03\/water-dispute-leads-to-el-paso-ports-of-entry-blockades\/87568194007\/\" target=\"_blank\" rel=\"noopener noreferrer\">7000 camiones cargados de piezas de autom\u00f3viles y otras mercanc\u00edas<\/a>, seg\u00fan funcionarios locales.<\/p>\n<p class=\"css-798hid etfikam0\">Emiliano Rodr\u00edguez Mega\u00a0colabor\u00f3 con la reporter\u00eda desde Ciudad de M\u00e9xico.<\/p>\n<p class=\"css-798hid etfikam0\"><strong class=\"css-8qgvsz ebyp5n10\"><a class=\"css-yywogo\" title=\"\" href=\"https:\/\/www.nytimes.com\/by\/chris-cameron\">Chris Cameron<\/a><\/strong>\u00a0es un reportero del Times que cubre Washington y se enfoca en las noticias de \u00faltimo momento y el gobierno de Trump.<\/p>\n<\/div>\n<p>Con informaci\u00f3n de The New York Times<\/p>\n<\/div>\n<\/div>\n<\/div>\n","protected":false},"excerpt":{"rendered":"<p>El presidente Trump vuelve a la carga contra uno de los mayores socios comerciales de Estados Unidos. Por\u00a0Chris Cameron Reportando desde Washington El lunes, el presidente Donald Trump amenaz\u00f3 con imponer un arancel adicional del 5 por ciento a los productos mexicanos a causa de\u00a0una prolongada disputa sobre el agua, reavivando las tensiones diplom\u00e1ticas que hab\u00edan\u00a0estallado a principios de a\u00f1o\u00a0por la escasez de agua en las tierras fronterizas. En una publicaci\u00f3n en las redes sociales, Trump acus\u00f3 a M\u00e9xico de no proporcionar m\u00e1s que 800.000 acres-pies de agua \u2014o m\u00e1s de 260.000 millones de galones\u2014 en virtud de\u00a0un tratado de [&hellip;]<\/p>\n","protected":false},"author":3,"featured_media":136445,"comment_status":"open","ping_status":"open","sticky":false,"template":"","format":"standard","meta":{"_jetpack_newsletter_access":"","_jetpack_dont_email_post_to_subs":false,"_jetpack_newsletter_tier_id":0,"_jetpack_memberships_contains_paywalled_content":false,"_jetpack_feature_clip_id":0,"_jetpack_memberships_contains_paid_content":false,"footnotes":"","jetpack_publicize_message":"","jetpack_publicize_feature_enabled":true,"jetpack_social_post_already_shared":true,"jetpack_social_options":{"image_generator_settings":{"template":"highway","default_image_id":0,"font":"","enabled":false},"version":2},"jetpack_post_was_ever_published":false},"categories":[79],"tags":[],"class_list":["post-136441","post","type-post","status-publish","format-standard","has-post-thumbnail","hentry","category-columnistas-nacionales","post--single"],"jetpack_publicize_connections":[],"jetpack_featured_media_url":"https:\/\/ovelanalista.com\/wp-content\/uploads\/2025\/12\/10trump-news-water-us-mexico-qjfw-superJumbo.webp","jetpack_sharing_enabled":true,"_links":{"self":[{"href":"https:\/\/ovelanalista.com\/index.php?rest_route=\/wp\/v2\/posts\/136441","targetHints":{"allow":["GET"]}}],"collection":[{"href":"https:\/\/ovelanalista.com\/index.php?rest_route=\/wp\/v2\/posts"}],"about":[{"href":"https:\/\/ovelanalista.com\/index.php?rest_route=\/wp\/v2\/types\/post"}],"author":[{"embeddable":true,"href":"https:\/\/ovelanalista.com\/index.php?rest_route=\/wp\/v2\/users\/3"}],"replies":[{"embeddable":true,"href":"https:\/\/ovelanalista.com\/index.php?rest_route=%2Fwp%2Fv2%2Fcomments&post=136441"}],"version-history":[{"count":1,"href":"https:\/\/ovelanalista.com\/index.php?rest_route=\/wp\/v2\/posts\/136441\/revisions"}],"predecessor-version":[{"id":136446,"href":"https:\/\/ovelanalista.com\/index.php?rest_route=\/wp\/v2\/posts\/136441\/revisions\/136446"}],"wp:featuredmedia":[{"embeddable":true,"href":"https:\/\/ovelanalista.com\/index.php?rest_route=\/wp\/v2\/media\/136445"}],"wp:attachment":[{"href":"https:\/\/ovelanalista.com\/index.php?rest_route=%2Fwp%2Fv2%2Fmedia&parent=136441"}],"wp:term":[{"taxonomy":"category","embeddable":true,"href":"https:\/\/ovelanalista.com\/index.php?rest_route=%2Fwp%2Fv2%2Fcategories&post=136441"},{"taxonomy":"post_tag","embeddable":true,"href":"https:\/\/ovelanalista.com\/index.php?rest_route=%2Fwp%2Fv2%2Ftags&post=136441"}],"curies":[{"name":"wp","href":"https:\/\/api.w.org\/{rel}","templated":true}]}}