{"id":136444,"date":"2025-12-09T13:30:49","date_gmt":"2025-12-09T20:30:49","guid":{"rendered":"https:\/\/ovelanalista.com\/?p=136444"},"modified":"2025-12-09T08:25:04","modified_gmt":"2025-12-09T15:25:04","slug":"trump-acusa-a-mexico-de-incumplir-con-el-tratado-de-aguas-y-amenaza-con-mas-aranceles","status":"publish","type":"post","link":"https:\/\/ovelanalista.com\/?p=136444","title":{"rendered":"Trump acusa a M\u00e9xico de incumplir con el tratado de aguas y amenaza con m\u00e1s aranceles"},"content":{"rendered":"<h2 class=\"article-subheadline text_align_left\">El presidente de EEUU present\u00f3 un paquete de ayuda de 12 mil millones de d\u00f3lares para los agricultores estadounidenses.<\/h2>\n<p><strong>Por <span class=\"author-name\">Omar Tinoco Morales<\/span><\/strong><\/p>\n<p>Este lunes, el\u00a0<b>presidente de Estados Unidos, Donald Trump,<\/b>\u00a0se quej\u00f3 de que M\u00e9xico ha incumplido con el\u00a0<b>tratado internacional de aguas<\/b>\u00a0y a\u00fan debe grandes cantidades a productores de la regi\u00f3n fronteriza de Texas.<\/p>\n<p>\u201cM\u00e9xico contin\u00faa violando nuestro amplio<b>\u00a0Tratado de Aguas,<\/b>\u00a0y esta violaci\u00f3n est\u00e1\u00a0<b>perjudicando gravemente a nuestras HERMOSAS COSECHAS Y A NUESTRO GANADO DE TEXAS<\/b>\u201d, denunci\u00f3 el presidente de EEUU a trav\u00e9s de sus redes sociales.<\/p>\n<p class=\"paragraph\" data-mrf-recirculation=\"Links inline\">Durante una reuni\u00f3n con productores agr\u00edcoloas de su pa\u00eds, el mandatrio no descart\u00f3 aplicar un<b>\u00a0aumento del 5% en los aranceles a los productos mexicanos.<\/b><\/p>\n<div class=\"recommended-card__image-container\">\n<p class=\"paragraph\" data-mrf-recirculation=\"Links inline\">\u201c<b>He autorizado la documentaci\u00f3n para imponer un arancel del 5% a M\u00e9xico si esta agua no se libera INMEDIATAMENTE<\/b>. Cuanto m\u00e1s tarde M\u00e9xico en liberar el agua, m\u00e1s se ven perjudicados nuestros agricultores. M\u00e9xico tiene la obligaci\u00f3n de ARREGLAR ESTO AHORA\u201d, apunt\u00f3 Trump en su mensaje.<\/p>\n<div class=\"visual__image\"><picture><source srcset=\"https:\/\/www.infobae.com\/resizer\/v2\/IT2P22BIRZDHRGQ3NAX25NYSXA.jpg?auth=389e322c21bcc51db636debb2de8d3997252d43794a39611f27317927ff81cc3&amp;smart=true&amp;width=992&amp;height=744&amp;quality=85\" media=\"(min-width: 1000px)\" \/><source srcset=\"https:\/\/www.infobae.com\/resizer\/v2\/IT2P22BIRZDHRGQ3NAX25NYSXA.jpg?auth=389e322c21bcc51db636debb2de8d3997252d43794a39611f27317927ff81cc3&amp;smart=true&amp;width=768&amp;height=576&amp;quality=85\" media=\"(min-width: 768px)\" \/><source srcset=\"https:\/\/www.infobae.com\/resizer\/v2\/IT2P22BIRZDHRGQ3NAX25NYSXA.jpg?auth=389e322c21bcc51db636debb2de8d3997252d43794a39611f27317927ff81cc3&amp;smart=true&amp;width=577&amp;height=433&amp;quality=85\" media=\"(min-width: 580px)\" \/><source srcset=\"https:\/\/www.infobae.com\/resizer\/v2\/IT2P22BIRZDHRGQ3NAX25NYSXA.jpg?auth=389e322c21bcc51db636debb2de8d3997252d43794a39611f27317927ff81cc3&amp;smart=true&amp;width=420&amp;height=315&amp;quality=85\" media=\"(min-width: 350px)\" \/><source srcset=\"https:\/\/www.infobae.com\/resizer\/v2\/IT2P22BIRZDHRGQ3NAX25NYSXA.jpg?auth=389e322c21bcc51db636debb2de8d3997252d43794a39611f27317927ff81cc3&amp;smart=true&amp;width=350&amp;height=263&amp;quality=85\" media=\"(min-width: 80px)\" \/><\/picture>\n<div style=\"width: 1930px\" class=\"wp-caption alignnone\"><img loading=\"lazy\" decoding=\"async\" class=\"global-image\" src=\"https:\/\/www.infobae.com\/resizer\/v2\/IT2P22BIRZDHRGQ3NAX25NYSXA.jpg?auth=389e322c21bcc51db636debb2de8d3997252d43794a39611f27317927ff81cc3&amp;smart=true&amp;width=350&amp;height=263&amp;quality=85\" alt=\"Una sequ\u00eda de condici\u00f3n cr\u00f3nica\" width=\"1920\" height=\"1440\" \/><p class=\"wp-caption-text\">Una sequ\u00eda de condici\u00f3n cr\u00f3nica afecta al R\u00edo Bravo desde 2019. Cr\u00e9ditos: Cuarto Oscuro:\/Carlos S\u00e1nchez Colunga<\/p><\/div>\n<\/div>\n<div class=\"inline_2_DSK ad-wrapper ad-desktop\">\n<div class=\"dfpAd ad-inline\"><\/div>\n<\/div>\n<p class=\"paragraph\" data-mrf-recirculation=\"Links inline\">El mandatario sostuvo que M\u00e9xico a\u00fan le debe a Estados Unidos m\u00e1s de 800 mil acres-pie de agua, cifra que se ha acumulado en los \u00faltimos cinco a\u00f1os.<\/p>\n<div class=\"news-module\" data-mrf-recirculation=\"IL_wLyG9sjfRQKb8QO3fSLumw\" data-testid=\"text-html\" data-mrf-experience=\"IL_wLyG9sjfRQKb8QO3fSLumw\">\n<div class=\"recommended-card__info\">\n<div class=\"recommended-card__info-button recommended-card__info-button--deportes\"><span style=\"font-size: 1.21429rem;\">\u201cEstados Unidos necesita que M\u00e9xico libere 200,000 acres-pie de agua antes del 31 de diciembre, y el resto debe entregarse poco despu\u00e9s. Hasta ahora, M\u00e9xico no est\u00e1 respondiendo, y esto es muy injusto para nuestros agricultores estadounidenses, que merecen esta agua tan necesaria\u201d, argument\u00f3 en su cuenta oficial.<\/span><\/div>\n<\/div>\n<\/div>\n<h2 class=\"header headline-class-h2 headline\">Trump promete rescate a agricultores de EEUU<\/h2>\n<p class=\"paragraph\" data-mrf-recirculation=\"Links inline\">Adem\u00e1s, el presidente norteamericano present\u00f3 el lunes un\u00a0<b>paquete de ayuda de 12 mil millones de d\u00f3lares para los agricultores estadounidenses<\/b>, al que consider\u00f3 un sector afectado por las consecuencias financieras de las pol\u00edticas comerciales.<\/p>\n<p class=\"paragraph\" data-mrf-recirculation=\"Links inline\">La medida, presentada por\u00a0<b>Donald Trump<\/b>\u00a0en la Casa Blanca, busca ofrecer certidumbre a los productores mientras comercializan la cosecha actual y planifican las del a\u00f1o siguiente, adem\u00e1s de contribuir a la reducci\u00f3n de los precios de los alimentos para las familias estadounidenses.<\/p>\n<div class=\"visual__image\"><picture><source srcset=\"https:\/\/www.infobae.com\/resizer\/v2\/JL2LTEGU3ZBS3PDLAD7YSSID4A.JPG?auth=b6d43e1470daec5afe88231c55bd5eae56dc4a548e05661d75caab445e8cc258&amp;smart=true&amp;width=992&amp;height=661&amp;quality=85\" media=\"(min-width: 1000px)\" \/><source srcset=\"https:\/\/www.infobae.com\/resizer\/v2\/JL2LTEGU3ZBS3PDLAD7YSSID4A.JPG?auth=b6d43e1470daec5afe88231c55bd5eae56dc4a548e05661d75caab445e8cc258&amp;smart=true&amp;width=768&amp;height=512&amp;quality=85\" media=\"(min-width: 768px)\" \/><source srcset=\"https:\/\/www.infobae.com\/resizer\/v2\/JL2LTEGU3ZBS3PDLAD7YSSID4A.JPG?auth=b6d43e1470daec5afe88231c55bd5eae56dc4a548e05661d75caab445e8cc258&amp;smart=true&amp;width=577&amp;height=385&amp;quality=85\" media=\"(min-width: 580px)\" \/><source srcset=\"https:\/\/www.infobae.com\/resizer\/v2\/JL2LTEGU3ZBS3PDLAD7YSSID4A.JPG?auth=b6d43e1470daec5afe88231c55bd5eae56dc4a548e05661d75caab445e8cc258&amp;smart=true&amp;width=420&amp;height=280&amp;quality=85\" media=\"(min-width: 350px)\" \/><source srcset=\"https:\/\/www.infobae.com\/resizer\/v2\/JL2LTEGU3ZBS3PDLAD7YSSID4A.JPG?auth=b6d43e1470daec5afe88231c55bd5eae56dc4a548e05661d75caab445e8cc258&amp;smart=true&amp;width=350&amp;height=233&amp;quality=85\" media=\"(min-width: 80px)\" \/><\/picture>\n<div style=\"width: 5510px\" class=\"wp-caption alignnone\"><img loading=\"lazy\" decoding=\"async\" class=\"global-image\" src=\"https:\/\/www.infobae.com\/resizer\/v2\/JL2LTEGU3ZBS3PDLAD7YSSID4A.JPG?auth=b6d43e1470daec5afe88231c55bd5eae56dc4a548e05661d75caab445e8cc258&amp;smart=true&amp;width=350&amp;height=233&amp;quality=85\" alt=\"Trump durante la rueda de\" width=\"5500\" height=\"3667\" \/><p class=\"wp-caption-text\">Trump durante la rueda de prensa en la Casa Blanca. REUTERS\/Jonathan Ernst<\/p><\/div>\n<\/div>\n<p class=\"paragraph\" data-mrf-recirculation=\"Links inline\">En la fase final de la presentaci\u00f3n, la secretaria de Agricultura,\u00a0<b>Brooke Rollins<\/b>, detall\u00f3 que\u00a0<b>11 mil millones<\/b>\u00a0del paquete se destinar\u00e1n a agricultores de cultivos en hileras, con desembolsos previstos antes del 28 de febrero.<\/p>\n<p class=\"paragraph\" data-mrf-recirculation=\"Links inline\">El gobierno reservar\u00e1\u00a0<b>1.000 millones<\/b>\u00a0adicionales para productores de frutas, verduras y otros cultivos, a la espera de definir los criterios de distribuci\u00f3n, seg\u00fan explic\u00f3 Rollins.<\/p>\n<p class=\"paragraph\" data-mrf-recirculation=\"Links inline\">El secretario del Tesoro,\u00a0<b>Scott Bessent<\/b>, calific\u00f3 los pagos como\u00a0<b>\u201cun puente de liquidez durante un per\u00edodo de ajuste\u201d<\/b>, destinados a sostener a los agricultores hasta que se materialicen los beneficios de los acuerdos comerciales y otras pol\u00edticas impulsadas por Trump.<\/p>\n<p class=\"paragraph\" data-mrf-recirculation=\"Links inline\">El anuncio se realiz\u00f3 durante una mesa redonda en la\u00a0<b>Casa Blanca<\/b>, en la que participaron productores de ma\u00edz, algod\u00f3n, sorgo, soja, arroz, ganado, trigo y papa, as\u00ed como miembros del Congreso y funcionarios del Ejecutivo, seg\u00fan un funcionario de la administraci\u00f3n.<\/p>\n<p class=\"paragraph\" data-mrf-recirculation=\"Links inline\">El mandatario tambi\u00e9n prometi\u00f3 eliminar regulaciones ambientales que, seg\u00fan \u00e9l, encarecen la maquinaria agr\u00edcola, y expres\u00f3 su expectativa de que fabricantes como\u00a0<b>John Deere<\/b>\u00a0reduzcan los precios de los equipos.<\/p>\n<p class=\"paragraph\" data-mrf-recirculation=\"Links inline\"><b>\u201cLos equipos agr\u00edcolas se han encarecido demasiado, y en gran parte se debe a que les imponen estos excesos ambientales, que no hacen nada m\u00e1s que complicar las cosas\u201d, se\u00f1al\u00f3 el presidente<\/b>.<\/p>\n<p class=\"paragraph\" data-mrf-recirculation=\"Links inline\">El paquete de ayuda, financiado con ingresos provenientes de aranceles, responde a la presi\u00f3n ejercida por grupos agr\u00edcolas y legisladores republicanos de estados productores, quienes solicitaron apoyo para cubrir gastos como semillas y fertilizantes.<\/p>\n<p data-mrf-recirculation=\"Links inline\">Con informaci\u00f3n de Infobae<\/p>\n<\/div>\n","protected":false},"excerpt":{"rendered":"<p>El presidente de EEUU present\u00f3 un paquete de ayuda de 12 mil millones de d\u00f3lares para los agricultores estadounidenses. Por Omar Tinoco Morales Este lunes, el\u00a0presidente de Estados Unidos, Donald Trump,\u00a0se quej\u00f3 de que M\u00e9xico ha incumplido con el\u00a0tratado internacional de aguas\u00a0y a\u00fan debe grandes cantidades a productores de la regi\u00f3n fronteriza de Texas. \u201cM\u00e9xico contin\u00faa violando nuestro amplio\u00a0Tratado de Aguas,\u00a0y esta violaci\u00f3n est\u00e1\u00a0perjudicando gravemente a nuestras HERMOSAS COSECHAS Y A NUESTRO GANADO DE TEXAS\u201d, denunci\u00f3 el presidente de EEUU a trav\u00e9s de sus redes sociales. Durante una reuni\u00f3n con productores agr\u00edcoloas de su pa\u00eds, el mandatrio no descart\u00f3 aplicar [&hellip;]<\/p>\n","protected":false},"author":3,"featured_media":136449,"comment_status":"open","ping_status":"open","sticky":false,"template":"","format":"standard","meta":{"_jetpack_newsletter_access":"","_jetpack_dont_email_post_to_subs":false,"_jetpack_newsletter_tier_id":0,"_jetpack_memberships_contains_paywalled_content":false,"_jetpack_feature_clip_id":0,"_jetpack_memberships_contains_paid_content":false,"footnotes":"","jetpack_publicize_message":"","jetpack_publicize_feature_enabled":true,"jetpack_social_post_already_shared":true,"jetpack_social_options":{"image_generator_settings":{"template":"highway","default_image_id":0,"font":"","enabled":false},"version":2},"jetpack_post_was_ever_published":false},"categories":[89,75,72],"tags":[],"class_list":["post-136444","post","type-post","status-publish","format-standard","has-post-thumbnail","hentry","category-internacional","category-nacional","category-portada","post--single"],"jetpack_publicize_connections":[],"jetpack_featured_media_url":"https:\/\/ovelanalista.com\/wp-content\/uploads\/2025\/12\/Captura-de-Pantalla-2025-12-09-a-las-8.24.05.png","jetpack_sharing_enabled":true,"_links":{"self":[{"href":"https:\/\/ovelanalista.com\/index.php?rest_route=\/wp\/v2\/posts\/136444","targetHints":{"allow":["GET"]}}],"collection":[{"href":"https:\/\/ovelanalista.com\/index.php?rest_route=\/wp\/v2\/posts"}],"about":[{"href":"https:\/\/ovelanalista.com\/index.php?rest_route=\/wp\/v2\/types\/post"}],"author":[{"embeddable":true,"href":"https:\/\/ovelanalista.com\/index.php?rest_route=\/wp\/v2\/users\/3"}],"replies":[{"embeddable":true,"href":"https:\/\/ovelanalista.com\/index.php?rest_route=%2Fwp%2Fv2%2Fcomments&post=136444"}],"version-history":[{"count":1,"href":"https:\/\/ovelanalista.com\/index.php?rest_route=\/wp\/v2\/posts\/136444\/revisions"}],"predecessor-version":[{"id":136450,"href":"https:\/\/ovelanalista.com\/index.php?rest_route=\/wp\/v2\/posts\/136444\/revisions\/136450"}],"wp:featuredmedia":[{"embeddable":true,"href":"https:\/\/ovelanalista.com\/index.php?rest_route=\/wp\/v2\/media\/136449"}],"wp:attachment":[{"href":"https:\/\/ovelanalista.com\/index.php?rest_route=%2Fwp%2Fv2%2Fmedia&parent=136444"}],"wp:term":[{"taxonomy":"category","embeddable":true,"href":"https:\/\/ovelanalista.com\/index.php?rest_route=%2Fwp%2Fv2%2Fcategories&post=136444"},{"taxonomy":"post_tag","embeddable":true,"href":"https:\/\/ovelanalista.com\/index.php?rest_route=%2Fwp%2Fv2%2Ftags&post=136444"}],"curies":[{"name":"wp","href":"https:\/\/api.w.org\/{rel}","templated":true}]}}